{"id":2329,"count":1,"description":"","link":"https:\/\/www.iispv.cat\/es\/tag\/filial-de-reus-de-la-academia-de-ciencies-mediques-de-catalunya-i-balears\/","name":"Filial de Reus de la Acad\u00e8mia de Ci\u00e8ncies M\u00e8diques de Catalunya i Balears","slug":"filial-de-reus-de-la-academia-de-ciencies-mediques-de-catalunya-i-balears","taxonomy":"post_tag","meta":[],"_links":{"self":[{"href":"https:\/\/www.iispv.cat\/es\/wp-json\/wp\/v2\/tags\/2329","targetHints":{"allow":["GET"]}}],"collection":[{"href":"https:\/\/www.iispv.cat\/es\/wp-json\/wp\/v2\/tags"}],"about":[{"href":"https:\/\/www.iispv.cat\/es\/wp-json\/wp\/v2\/taxonomies\/post_tag"}],"wp:post_type":[{"href":"https:\/\/www.iispv.cat\/es\/wp-json\/wp\/v2\/posts?tags=2329"}],"curies":[{"name":"wp","href":"https:\/\/api.w.org\/{rel}","templated":true}]}}