{"id":99714,"date":"2024-11-26T10:03:56","date_gmt":"2024-11-26T09:03:56","guid":{"rendered":"https:\/\/www.iispv.cat\/?p=99714"},"modified":"2024-11-26T11:34:19","modified_gmt":"2024-11-26T10:34:19","slug":"la-23a-festa-de-loli-amb-el-tradicional-esmorzar-popular-de-la-pobla-de-mafumet-recapten-fons-per-contribuir-a-la-investigacio-contra-el-cancer-de-mama-per-liispv-en-el-marc-del-festival","status":"publish","type":"post","link":"https:\/\/www.iispv.cat\/es\/la-23a-festa-de-loli-amb-el-tradicional-esmorzar-popular-de-la-pobla-de-mafumet-recapten-fons-per-contribuir-a-la-investigacio-contra-el-cancer-de-mama-per-liispv-en-el-marc-del-festival\/","title":{"rendered":"La 23\u00aa Fiesta del Aceite, con el tradicional desayuno popular de La Pobla de Mafumet recauda fondos para contribuir a la investigaci\u00f3n contra el c\u00e1ncer de mama, destinados al IISPV, en el marco del Festival Mamapop"},"content":{"rendered":"\n<ul class=\"wp-block-list\"><li>Han participado m\u00e1s de 400 pobletanos<\/li><\/ul>\n\n\n\n<figure class=\"wp-block-image size-large\"><img loading=\"lazy\" decoding=\"async\" width=\"1024\" height=\"768\" src=\"https:\/\/www.iispv.cat\/wp-content\/uploads\/2024\/11\/WhatsApp-Image-2024-11-25-at-09.38.32-1024x768.jpeg\" alt=\"\" class=\"wp-image-99719\" srcset=\"https:\/\/www.iispv.cat\/wp-content\/uploads\/2024\/11\/WhatsApp-Image-2024-11-25-at-09.38.32-1024x768.jpeg 1024w, https:\/\/www.iispv.cat\/wp-content\/uploads\/2024\/11\/WhatsApp-Image-2024-11-25-at-09.38.32-300x225.jpeg 300w, https:\/\/www.iispv.cat\/wp-content\/uploads\/2024\/11\/WhatsApp-Image-2024-11-25-at-09.38.32-768x576.jpeg 768w, https:\/\/www.iispv.cat\/wp-content\/uploads\/2024\/11\/WhatsApp-Image-2024-11-25-at-09.38.32-1536x1152.jpeg 1536w, https:\/\/www.iispv.cat\/wp-content\/uploads\/2024\/11\/WhatsApp-Image-2024-11-25-at-09.38.32.jpeg 1600w\" sizes=\"auto, (max-width: 1024px) 100vw, 1024px\" \/><figcaption>De izquierda a derecha, Mart\u00ed Miravete del \u00c1rea de Brigada, Conservaci\u00f3n de Espacios p\u00fablicos y Agricultura, Joan Maria Sard\u00e0, alcalde de La Pobla de Mafumet, Joan Vendrell, director del lISPV, y Francesc L\u00f3pez, gerente del IISPV.<\/figcaption><\/figure>\n\n\n\n<p>Este domingo, los habitantes de La Pobla de Mafumet participaron en la Fiesta del Oli Nou, una de las tradiciones m\u00e1s arraigadas en el municipio. Como cada a\u00f1o, sus asistentes han podido saborear la nueva prensada de aceite a trav\u00e9s de un desayuno popular que inclu\u00eda arenque, salchich\u00f3n, butifarra, tocino y pan como componentes de una comida regada con el protagonista de la jornada, aceite nuevo, de la D.O.P. Siurana. En la jornada participaron m\u00e1s de 400 personas.<\/p>\n\n\n\n<p>Con la compra del ticket de desayuno, por s\u00f3lo 3 euros, los asistentes participaban en el desayuno, y adem\u00e1s, como de costumbre, la actividad ten\u00eda un trasfondo solidario, puesto que la recaudaci\u00f3n \u00edntegra alcanzada con esta iniciativa popular ser\u00e1 a beneficio del Instituto de Investigaci\u00f3n Sanitaria Pere Virgili (IISPV) y del Festival Mamapop, a favor de la investigaci\u00f3n contra el c\u00e1ncer de mama.<\/p>\n\n\n\n<p><strong>Sobre el IISPV<\/strong><\/p>\n\n\n\n<p>El IISPV es el centro que gestiona la investigaci\u00f3n en salud y biomedicina de la provincia de Tarragona y<br>que aglutina a los hospitales universitarios Joan XXIII de Tarragona, Sant Joan de Reus e Institut Pere Mata<br>de Reus y el Hospital Virgen de la Cinta de Tortosa, as\u00ed como la Universidad Rovira i Virgili. Desde su<br>creaci\u00f3n en 2005, el Instituto trabaja para garantizar que la investigaci\u00f3n biom\u00e9dica se traduzca en pr\u00e1ctica cl\u00ednica de calidad para el beneficio de los pacientes y una mejora de la salud de la poblaci\u00f3n. El IISPV cuenta con m\u00e1s de 600 profesionales y 35 grupos de investigaci\u00f3n repartidos en cuatro \u00e1reas estrat\u00e9gicas: Enfermedades Metab\u00f3licas y Nutrici\u00f3n; Infecci\u00f3n, Inmunidad y Medio Ambiente; Oncolog\u00eda; y Neurociencias y Salud Mental.<\/p>\n\n\n\n<p><strong>Sobre el Festival Mamapop<\/strong><\/p>\n\n\n\n<p>El concierto solidario Mamapop nace en Lleida en 2014 con el objetivo de conseguir financiaci\u00f3n para la<br>investigaci\u00f3n cient\u00edfica en el campo del c\u00e1ncer de mama. En el Camp de Tarragona, Mamapop colabora<br>con el IISPV en el objetivo com\u00fan de luchar contra esta enfermedad.<\/p>\n\n\n\n<p><strong>Algunas im\u00e1genes de la jornada<\/strong><\/p>\n\n\n\n<figure class=\"wp-block-gallery has-nested-images columns-default is-cropped wp-block-gallery-1 is-layout-flex wp-block-gallery-is-layout-flex\">\n<figure class=\"wp-block-image size-large\"><img loading=\"lazy\" decoding=\"async\" width=\"960\" height=\"640\" data-id=\"99737\" src=\"https:\/\/www.iispv.cat\/wp-content\/uploads\/2024\/11\/468325761_986421273524759_3790557677679214153_n.jpg\" alt=\"\" class=\"wp-image-99737\" srcset=\"https:\/\/www.iispv.cat\/wp-content\/uploads\/2024\/11\/468325761_986421273524759_3790557677679214153_n.jpg 960w, https:\/\/www.iispv.cat\/wp-content\/uploads\/2024\/11\/468325761_986421273524759_3790557677679214153_n-300x200.jpg 300w, https:\/\/www.iispv.cat\/wp-content\/uploads\/2024\/11\/468325761_986421273524759_3790557677679214153_n-768x512.jpg 768w\" sizes=\"auto, (max-width: 960px) 100vw, 960px\" \/><figcaption>Imagen cedida por el Ayuntamiento de la Pobla.<\/figcaption><\/figure>\n\n\n\n<figure class=\"wp-block-image size-large\"><img loading=\"lazy\" decoding=\"async\" width=\"960\" height=\"640\" data-id=\"99734\" src=\"https:\/\/www.iispv.cat\/wp-content\/uploads\/2024\/11\/467762226_986421333524753_8374991935715597159_n.jpg\" alt=\"\" class=\"wp-image-99734\" srcset=\"https:\/\/www.iispv.cat\/wp-content\/uploads\/2024\/11\/467762226_986421333524753_8374991935715597159_n.jpg 960w, https:\/\/www.iispv.cat\/wp-content\/uploads\/2024\/11\/467762226_986421333524753_8374991935715597159_n-300x200.jpg 300w, https:\/\/www.iispv.cat\/wp-content\/uploads\/2024\/11\/467762226_986421333524753_8374991935715597159_n-768x512.jpg 768w\" sizes=\"auto, (max-width: 960px) 100vw, 960px\" \/><figcaption>Imagen cedida por el Ayuntamiento de la Pobla.<\/figcaption><\/figure>\n\n\n\n<figure class=\"wp-block-image size-large\"><img loading=\"lazy\" decoding=\"async\" width=\"960\" height=\"640\" data-id=\"99731\" src=\"https:\/\/www.iispv.cat\/wp-content\/uploads\/2024\/11\/468214569_986421360191417_1475049675736026787_n.jpg\" alt=\"\" class=\"wp-image-99731\" srcset=\"https:\/\/www.iispv.cat\/wp-content\/uploads\/2024\/11\/468214569_986421360191417_1475049675736026787_n.jpg 960w, https:\/\/www.iispv.cat\/wp-content\/uploads\/2024\/11\/468214569_986421360191417_1475049675736026787_n-300x200.jpg 300w, https:\/\/www.iispv.cat\/wp-content\/uploads\/2024\/11\/468214569_986421360191417_1475049675736026787_n-768x512.jpg 768w\" sizes=\"auto, (max-width: 960px) 100vw, 960px\" \/><figcaption>Imagen cedida por el Ayuntamiento de la Pobla.<\/figcaption><\/figure>\n\n\n\n<figure class=\"wp-block-image size-large\"><img loading=\"lazy\" decoding=\"async\" width=\"960\" height=\"640\" data-id=\"99728\" src=\"https:\/\/www.iispv.cat\/wp-content\/uploads\/2024\/11\/467909595_986421153524771_539297121720509580_n.jpg\" alt=\"\" class=\"wp-image-99728\" srcset=\"https:\/\/www.iispv.cat\/wp-content\/uploads\/2024\/11\/467909595_986421153524771_539297121720509580_n.jpg 960w, https:\/\/www.iispv.cat\/wp-content\/uploads\/2024\/11\/467909595_986421153524771_539297121720509580_n-300x200.jpg 300w, https:\/\/www.iispv.cat\/wp-content\/uploads\/2024\/11\/467909595_986421153524771_539297121720509580_n-768x512.jpg 768w\" sizes=\"auto, (max-width: 960px) 100vw, 960px\" \/><figcaption>Imagen cedida por el Ayuntamiento de la Pobla.<\/figcaption><\/figure>\n<\/figure>\n\n\n\n<p><br><\/p>\n","protected":false},"excerpt":{"rendered":"<p>Han participado m\u00e1s de 400 pobletanos Este domingo, los habitantes de La Pobla de Mafumet participaron en la Fiesta del Oli Nou, una de las tradiciones m\u00e1s arraigadas en el municipio. Como cada a\u00f1o, sus asistentes han podido saborear la nueva prensada de aceite a trav\u00e9s de un desayuno popular que inclu\u00eda arenque, salchich\u00f3n, butifarra, [&hellip;]<\/p>\n","protected":false},"author":18,"featured_media":99719,"comment_status":"open","ping_status":"open","sticky":false,"template":"","format":"standard","meta":{"footnotes":""},"categories":[1882,1884,1403,19,1404,20,1044,1405,22,1406,1408,1830,1829,95,1027,1407,96,23,2004,21],"tags":[],"class_list":["post-99714","post","type-post","status-publish","format-standard","has-post-thumbnail","hentry","category-actualitat","category-actualitat-es","category-asistencia-es","category-assistencia","category-docencia-i-formacio-es","category-docencia-i-formacio","category-innovacio","category-innovacio-es","category-institucional","category-institucional-es","category-investigacion","category-notas-de-prensa","category-notes-de-premsa","category-noticies-iispv","category-noticies-iispv-es","category-publicacions-es","category-publicacions","category-recerca","category-temes-de-salut-es","category-temes-de-salut"],"_links":{"self":[{"href":"https:\/\/www.iispv.cat\/es\/wp-json\/wp\/v2\/posts\/99714","targetHints":{"allow":["GET"]}}],"collection":[{"href":"https:\/\/www.iispv.cat\/es\/wp-json\/wp\/v2\/posts"}],"about":[{"href":"https:\/\/www.iispv.cat\/es\/wp-json\/wp\/v2\/types\/post"}],"author":[{"embeddable":true,"href":"https:\/\/www.iispv.cat\/es\/wp-json\/wp\/v2\/users\/18"}],"replies":[{"embeddable":true,"href":"https:\/\/www.iispv.cat\/es\/wp-json\/wp\/v2\/comments?post=99714"}],"version-history":[{"count":10,"href":"https:\/\/www.iispv.cat\/es\/wp-json\/wp\/v2\/posts\/99714\/revisions"}],"predecessor-version":[{"id":99770,"href":"https:\/\/www.iispv.cat\/es\/wp-json\/wp\/v2\/posts\/99714\/revisions\/99770"}],"wp:featuredmedia":[{"embeddable":true,"href":"https:\/\/www.iispv.cat\/es\/wp-json\/wp\/v2\/media\/99719"}],"wp:attachment":[{"href":"https:\/\/www.iispv.cat\/es\/wp-json\/wp\/v2\/media?parent=99714"}],"wp:term":[{"taxonomy":"category","embeddable":true,"href":"https:\/\/www.iispv.cat\/es\/wp-json\/wp\/v2\/categories?post=99714"},{"taxonomy":"post_tag","embeddable":true,"href":"https:\/\/www.iispv.cat\/es\/wp-json\/wp\/v2\/tags?post=99714"}],"curies":[{"name":"wp","href":"https:\/\/api.w.org\/{rel}","templated":true}]}}