{"id":99696,"date":"2024-11-25T12:41:33","date_gmt":"2024-11-25T11:41:33","guid":{"rendered":"https:\/\/www.iispv.cat\/exit-en-la-9a-edicio-de-la-caminada-solidaria-fem-un-pas-contra-la-diabetis-dels-ajuntaments-de-perafort-i-dels-garidells\/"},"modified":"2024-12-09T09:34:24","modified_gmt":"2024-12-09T08:34:24","slug":"exit-en-la-9a-edicio-de-la-caminada-solidaria-fem-un-pas-contra-la-diabetis-dels-ajuntaments-de-perafort-i-dels-garidells","status":"publish","type":"post","link":"https:\/\/www.iispv.cat\/es\/exit-en-la-9a-edicio-de-la-caminada-solidaria-fem-un-pas-contra-la-diabetis-dels-ajuntaments-de-perafort-i-dels-garidells\/","title":{"rendered":"\u00c9xito en la 9\u00aa edici\u00f3n de la caminata solidaria \u201cDamos un paso contra la Diabetes\u201d de los ayuntamientos de Perafort y de los Garidells"},"content":{"rendered":"\n<p>Por noveno a\u00f1o consecutivo, los consistorios de ambos municipios se han unido para organizar esta actividad que destinar\u00e1 los fondos recaudados a la investigaci\u00f3n contra la diabetes del grupo de investigaci\u00f3n DIAMET del IISPV<\/p>\n\n\n\n<figure class=\"wp-block-image size-large\"><img loading=\"lazy\" decoding=\"async\" width=\"1024\" height=\"768\" src=\"https:\/\/www.iispv.cat\/wp-content\/uploads\/2024\/11\/WhatsApp-Image-2024-11-25-at-09.38.54-1-1024x768.jpeg\" alt=\"\" class=\"wp-image-99692\" srcset=\"https:\/\/www.iispv.cat\/wp-content\/uploads\/2024\/11\/WhatsApp-Image-2024-11-25-at-09.38.54-1-1024x768.jpeg 1024w, https:\/\/www.iispv.cat\/wp-content\/uploads\/2024\/11\/WhatsApp-Image-2024-11-25-at-09.38.54-1-300x225.jpeg 300w, https:\/\/www.iispv.cat\/wp-content\/uploads\/2024\/11\/WhatsApp-Image-2024-11-25-at-09.38.54-1-768x576.jpeg 768w, https:\/\/www.iispv.cat\/wp-content\/uploads\/2024\/11\/WhatsApp-Image-2024-11-25-at-09.38.54-1-1536x1152.jpeg 1536w, https:\/\/www.iispv.cat\/wp-content\/uploads\/2024\/11\/WhatsApp-Image-2024-11-25-at-09.38.54-1.jpeg 1600w\" sizes=\"auto, (max-width: 1024px) 100vw, 1024px\" \/><figcaption>Imagne de la caminata solidaria \u00abDemos un paso contra la Diabetes\u00bb.<\/figcaption><\/figure>\n\n\n\n<p>La 9\u00aa edici\u00f3n de la caminata solidaria \u00abDamos un paso contra la Diabetes\u00bb de los ayuntamientos de Perafort y de los Garidells ha resultado un \u00e9xito y ha reunido a cerca de 450 personas, que se han unido para recaudar fondos para la investigaci\u00f3n contra la diabetes. Estos ser\u00e1n destinados al grupo de investigaci\u00f3n en Diabetes y Enfermedades Metab\u00f3licas Asociadas (DIAMET) del Instituto de investigaci\u00f3n Sanitaria Pere Virgili.<\/p>\n\n\n\n<p>La caminata se inici\u00f3 la escuela Bressol de Perafort, y continu\u00f3 con un recorrido de 9 kil\u00f3metros por caminos rurales, hasta llegar de nuevo al municipio perafort\u00ed. Como en las anteriores ediciones, al llegar a los Garidells, se facilit\u00f3 un desayuno a todos los participantes, para tomar fuerzas antes de continuar con el tramo final de la actividad.<\/p>\n\n\n\n<p>La lluvia hizo acto de presencia y provoc\u00f3 que muchos inscritos no pudieran acudir a la jornada, y que se modificara parte del recorrido, pero, sin embargo, la caminata se pudo llevar a cabo sin bastantes complicaciones.<\/p>\n\n\n\n<p>El importe recogido a trav\u00e9s de las inscripciones de los participantes, con un coste solidario de 5\u20ac, se destinar\u00e1 al <a href=\"https:\/\/www.iispv.cat\/es\/grup\/diamet-diabetes-and-metabolic-associated-diseases-research-group\/\" target=\"_blank\" rel=\"noreferrer noopener\">Grupo de Investigaci\u00f3n en Diabetes y Enfermedades Metab\u00f3licas Asociadas (DIAMET)<\/a>, del Instituto de Investigaci\u00f3n Sanitaria Pere Virgili (IISPV). Esta aportaci\u00f3n econ\u00f3mica ayudar\u00e1 a seguir avanzando en las l\u00edneas de investigaci\u00f3n sobre la diabetes que tiene en marcha este grupo, uno de los referentes en todo el Estado espa\u00f1ol en la investigaci\u00f3n de la diabetes y otras enfermedades metab\u00f3licas. De hecho, el grupo DIAMET, liderado por la Dra. Sonia Fern\u00e1ndez Veledo y el Dr. Joan Vendrell, director del IISPV, ha realizado notables hallazgos en los \u00faltimos a\u00f1os que han sido publicados en revistas cient\u00edficas de prestigio.<\/p>\n","protected":false},"excerpt":{"rendered":"<p>Por noveno a\u00f1o consecutivo, los consistorios de ambos municipios se han unido para organizar esta actividad que destinar\u00e1 los fondos recaudados a la investigaci\u00f3n contra la diabetes del grupo de investigaci\u00f3n DIAMET del IISPV La 9\u00aa edici\u00f3n de la caminata solidaria \u00abDamos un paso contra la Diabetes\u00bb de los ayuntamientos de Perafort y de los [&hellip;]<\/p>\n","protected":false},"author":18,"featured_media":99694,"comment_status":"open","ping_status":"open","sticky":false,"template":"","format":"standard","meta":{"footnotes":""},"categories":[1884,1403,1404,1405,1406,1408,1830,1027,1407,2004],"tags":[],"class_list":["post-99696","post","type-post","status-publish","format-standard","has-post-thumbnail","hentry","category-actualitat-es","category-asistencia-es","category-docencia-i-formacio-es","category-innovacio-es","category-institucional-es","category-investigacion","category-notas-de-prensa","category-noticies-iispv-es","category-publicacions-es","category-temes-de-salut-es"],"_links":{"self":[{"href":"https:\/\/www.iispv.cat\/es\/wp-json\/wp\/v2\/posts\/99696","targetHints":{"allow":["GET"]}}],"collection":[{"href":"https:\/\/www.iispv.cat\/es\/wp-json\/wp\/v2\/posts"}],"about":[{"href":"https:\/\/www.iispv.cat\/es\/wp-json\/wp\/v2\/types\/post"}],"author":[{"embeddable":true,"href":"https:\/\/www.iispv.cat\/es\/wp-json\/wp\/v2\/users\/18"}],"replies":[{"embeddable":true,"href":"https:\/\/www.iispv.cat\/es\/wp-json\/wp\/v2\/comments?post=99696"}],"version-history":[{"count":3,"href":"https:\/\/www.iispv.cat\/es\/wp-json\/wp\/v2\/posts\/99696\/revisions"}],"predecessor-version":[{"id":100792,"href":"https:\/\/www.iispv.cat\/es\/wp-json\/wp\/v2\/posts\/99696\/revisions\/100792"}],"wp:featuredmedia":[{"embeddable":true,"href":"https:\/\/www.iispv.cat\/es\/wp-json\/wp\/v2\/media\/99694"}],"wp:attachment":[{"href":"https:\/\/www.iispv.cat\/es\/wp-json\/wp\/v2\/media?parent=99696"}],"wp:term":[{"taxonomy":"category","embeddable":true,"href":"https:\/\/www.iispv.cat\/es\/wp-json\/wp\/v2\/categories?post=99696"},{"taxonomy":"post_tag","embeddable":true,"href":"https:\/\/www.iispv.cat\/es\/wp-json\/wp\/v2\/tags?post=99696"}],"curies":[{"name":"wp","href":"https:\/\/api.w.org\/{rel}","templated":true}]}}