{"id":98014,"date":"2024-10-04T11:54:21","date_gmt":"2024-10-04T10:54:21","guid":{"rendered":"https:\/\/www.iispv.cat\/?p=98014"},"modified":"2024-10-04T12:00:45","modified_gmt":"2024-10-04T11:00:45","slug":"retina-read-risk-una-mirada-a-la-diabetis-mes-enlla-de-la-malaltia","status":"publish","type":"post","link":"https:\/\/www.iispv.cat\/es\/retina-read-risk-una-mirada-a-la-diabetis-mes-enlla-de-la-malaltia\/","title":{"rendered":"Retina Read Risk: \u00abUna mirada a la diabetes m\u00e1s all\u00e1 de la enfermedad\u00bb"},"content":{"rendered":"\n<p>A trav\u00e9s del testimonio de \u00d2scar Luri, que sufre diabetes desde hace 40 a\u00f1os, explicamos c\u00f3mo la tecnolog\u00eda innovadora desarrollada gracias al trabajo en equipo de investigadores\/as del IISPV, de personal sanitario del Hospital Universitario Sant Joan de Reus y de la URV, ha mejorado significativamente la prevenci\u00f3n y el tratamiento de la enfermedad y de las complicaciones que comporta, como la retinopat\u00eda diab\u00e9tica<\/p>\n\n\n<div class=\"wp-block-image is-style-default\">\n<figure class=\"aligncenter size-full is-resized\"><img loading=\"lazy\" decoding=\"async\" src=\"https:\/\/www.iispv.cat\/wp-content\/uploads\/2024\/10\/9673257d-e33c-fab4-26ad-bec8ee935042.jpeg\" alt=\"\" class=\"wp-image-97949\" width=\"70\" height=\"70\"\/><\/figure><\/div>\n\n\n<p><strong>\u00d3scar Luri es desde hace 20 a\u00f1os paciente del dr. Pere Romero<\/strong>, investigador responsable del Grupo de Investigaci\u00f3n en Oftalmolog\u00eda del Instituto de Investigaci\u00f3n Sanitaria Pere Virgili (IISPV) y jefe de este servicio en el Hospital Universitario Sant Joan de Reus.<\/p>\n\n\n\n<p>Tiene 54 a\u00f1os y sufre diabetes de tipo I. Le diagnosticaron a los 13 a\u00f1os. Su padre, que trabajaba en el \u00e1mbito sanitario, enseguida tom\u00f3 conciencia de las implicaciones en la salud de esta enfermedad y de la necesidad de actuar a tiempo: le llev\u00f3 a unas colonias para ni\u00f1os y ni\u00f1as con diabetes, pensadas para inculcarles de peque\u00f1os h\u00e1bitos de vida saludables, para aprender a cuidar-se.<\/p>\n\n\n\n<p>Llevar un control exhaustivo de este tipo de pacientes es clave ya que las complicaciones que se derivan de la enfermedad pueden disminuir notablemente la calidad de vida. La retinopat\u00eda diab\u00e9tica es una de ellas. Es una afecci\u00f3n ocular com\u00fan: causa baja visi\u00f3n y puede provocar ceguera si no se trata pronto. \u00d3scar se hace el seguimiento en la consulta del Dr. Romero en el hospital: <strong>\u201cSiento que me cuidan c\u00f3mo lo har\u00eda mi familia: siempre est\u00e1n muy pendientes de m\u00ed, de c\u00f3mo evoluciono\u201d<\/strong>.<\/p>\n\n\n\n<div class=\"wp-block-media-text alignwide is-stacked-on-mobile has-background\" style=\"background-color:#b9325f\"><figure class=\"wp-block-media-text__media\"><img loading=\"lazy\" decoding=\"async\" width=\"682\" height=\"512\" src=\"https:\/\/www.iispv.cat\/wp-content\/uploads\/2024\/10\/1b248fe1-b6ad-b690-5d7a-0ab210010acd.jpg\" alt=\"\" class=\"wp-image-97954 size-full\" srcset=\"https:\/\/www.iispv.cat\/wp-content\/uploads\/2024\/10\/1b248fe1-b6ad-b690-5d7a-0ab210010acd.jpg 682w, https:\/\/www.iispv.cat\/wp-content\/uploads\/2024\/10\/1b248fe1-b6ad-b690-5d7a-0ab210010acd-300x225.jpg 300w\" sizes=\"auto, (max-width: 682px) 100vw, 682px\" \/><\/figure><div class=\"wp-block-media-text__content\">\n<p class=\"has-white-color has-text-color\">\u00d3scar Luri (en el centro de la imagen, con la mascarilla) con sus compa\u00f1eros de trabajo del CAP Sant Pere de Reus, donde trabaja.<\/p>\n<\/div><\/div>\n\n\n\n<p><\/p>\n\n\n\n<p>Es precisamente este compromiso con el paciente y con su cuidado lo que ha tra\u00eddo el equipo del <strong>Dr. Romero<\/strong> a trabajar para hacer avanzar la ciencia y poder ofrecer as\u00ed los tratamientos m\u00e1s innovadores, personalizados y efectivos a las personas que atiende. Junto con el Departamento Ingenier\u00eda Inform\u00e1tica y Matem\u00e1ticas de la URV han desarrollado 2 softwares (bautizados con el nombre de <strong>Mira <\/strong>y <strong>RETIPROGRAM<\/strong>) basados \u200b\u200ben la inteligencia artificial. El primero de ellos es un algoritmo de lectura que registra los datos del paciente extra\u00eddos de la foto del fondo del ojo que se les realiza con un retin\u00f3grafo o c\u00e1mara no midri\u00e1tica (esta es la prueba que se lleva a cabo para detectar retinopat\u00eda diab\u00e9tica) y determina, en el caso de cada paciente, el riesgo de sufrirla y, si la tienen, el grado de evoluci\u00f3n (leve, moderada o severa). El RETIPROGRAM, por otra parte, es un algoritmo de predicci\u00f3n: se fija con indicadores como la edad, el peso, la altura, la tensi\u00f3n, los niveles de hemoglobina y el estado del ri\u00f1\u00f3n del paciente para valorar cada cu\u00e1nto deber\u00eda hacerse la prueba para poder estar bien controlado. \u201cEste \u00faltimo software nos ayudar\u00e1 pues a racionalizar este tipo de pruebas: las realizaremos de forma personalizada, cuando se valore que sea necesario hacerlas, y no cuando el sistema sanitario lo establezca por defecto\u201d.<\/p>\n\n\n\n<p>Esta tecnolog\u00eda funciona en concordancia con un dispositivo transportable: \u201c\u00a1un retin\u00f3grafo, pero&#8230; port\u00e1til!\u201d, explican los profesionales sanitarios del equipo del <strong>Dr. Romero<\/strong>.<\/p>\n\n\n<div class=\"wp-block-image is-style-default\">\n<figure class=\"aligncenter size-full is-resized\"><img loading=\"lazy\" decoding=\"async\" src=\"https:\/\/www.iispv.cat\/wp-content\/uploads\/2024\/10\/9673257d-e33c-fab4-26ad-bec8ee935042.jpeg\" alt=\"\" class=\"wp-image-97949\" width=\"70\" height=\"70\"\/><\/figure><\/div>\n\n\n<div class=\"wp-block-media-text alignwide has-media-on-the-right is-stacked-on-mobile has-background\" style=\"background-color:#b9325f\"><figure class=\"wp-block-media-text__media\"><img loading=\"lazy\" decoding=\"async\" width=\"596\" height=\"447\" src=\"https:\/\/www.iispv.cat\/wp-content\/uploads\/2024\/10\/41675f8a-d09d-6120-e5b1-c4afe4e0825a.jpeg\" alt=\"\" class=\"wp-image-97957 size-full\" srcset=\"https:\/\/www.iispv.cat\/wp-content\/uploads\/2024\/10\/41675f8a-d09d-6120-e5b1-c4afe4e0825a.jpeg 596w, https:\/\/www.iispv.cat\/wp-content\/uploads\/2024\/10\/41675f8a-d09d-6120-e5b1-c4afe4e0825a-300x225.jpeg 300w\" sizes=\"auto, (max-width: 596px) 100vw, 596px\" \/><\/figure><div class=\"wp-block-media-text__content\">\n<p class=\"has-white-color has-text-color\">\u00d3scar haci\u00e9ndose la prueba de exploraci\u00f3n del fondo del ojo con el \u201cretin\u00f3grafo portatil\u201d, que actualmente se usa en una fase piloto en el Hospital Universitario Sant Joan de Reus, entre otros centros, y que funciona en concordancia con los 2 softwares registrados.<\/p>\n<\/div><\/div>\n\n\n\n<p><\/p>\n\n\n\n<p>La prueba para detectar la retinopat\u00eda diab\u00e9tica explorando el fondo del ojo se realiza una vez al a\u00f1o (de forma general, pero depende de cada paciente) en ciertos centros de atenci\u00f3n primaria (CAP) y hospitales, ubicados mayoritariamente en ciudades. Gracias a esta nueva tecnolog\u00eda y al sistema port\u00e1til, las personas con diabetes que viven en zonas rurales o con dificultades para moverse no tendr\u00e1n que desplazarse: podr\u00e1n ser exploradas por el m\u00e9dico de cabecera, en su CAP.<\/p>\n\n\n\n<div class=\"wp-block-media-text alignwide is-stacked-on-mobile has-background\" style=\"background-color:#b9325f\"><figure class=\"wp-block-media-text__media\"><img loading=\"lazy\" decoding=\"async\" width=\"596\" height=\"447\" src=\"https:\/\/www.iispv.cat\/wp-content\/uploads\/2024\/10\/8ad2ab84-fea5-5592-e439-3e104979bd70.jpeg\" alt=\"\" class=\"wp-image-98009 size-full\" srcset=\"https:\/\/www.iispv.cat\/wp-content\/uploads\/2024\/10\/8ad2ab84-fea5-5592-e439-3e104979bd70.jpeg 596w, https:\/\/www.iispv.cat\/wp-content\/uploads\/2024\/10\/8ad2ab84-fea5-5592-e439-3e104979bd70-300x225.jpeg 300w\" sizes=\"auto, (max-width: 596px) 100vw, 596px\" \/><\/figure><div class=\"wp-block-media-text__content\">\n<p class=\"has-white-color has-text-color\">Imagen del retin\u00f3grafo fijo, que es el que actualmente se usa (en ciertos CAP y hospitales). Este tipo de aparatos permiten detectar afecciones oculares que no pueden ser vistas a simple vista, como microneurismos o peque\u00f1as hemorragias.<\/p>\n<\/div><\/div>\n\n\n\n<p><\/p>\n\n\n\n<p>Estos softwares y el \u201cretin\u00f3grafo port\u00e1til\u201d se est\u00e1n usando en una fase piloto en el <strong>Servicio de Oftalmolog\u00eda del Hospital Universitario Sant Joan de Reus<\/strong> y con pacientes de 5 de las 11 las \u00e1reas b\u00e1sicas de salud que tenemos en nuestro territorio (de Cambrils, Reus, Riudoms, La Selva del Camp y Ulldemolins). Aproximadamente el 14% de esta poblaci\u00f3n (unas 30.000 personas) se calcula que padecen diabetes: \u201cEn nuestro territorio s\u00f3lo tenemos 3 c\u00e1maras retinales no midri\u00e1ticas, una de ellas en nuestro hospital. Con \u00e9stas podemos tomar fotos, como m\u00e1ximo, a 10.000 pacientes cada a\u00f1o, no m\u00e1s. Por tanto, hay 20.000 personas a las que no podemos llegar. Por eso, debemos priorizar: el <strong>RETIPROGRAM <\/strong>nos lo permite hacer estratificando a estos pacientes: primero son los que tienen m\u00e1s riesgo de padecer la enfermedad ya los que no necesitan una foto cada a\u00f1o, les alargamos las visitas\u201d, explica el Dr. Romero.<\/p>\n\n\n<div class=\"wp-block-image is-style-default\">\n<figure class=\"aligncenter size-full is-resized\"><img loading=\"lazy\" decoding=\"async\" src=\"https:\/\/www.iispv.cat\/wp-content\/uploads\/2024\/10\/9673257d-e33c-fab4-26ad-bec8ee935042.jpeg\" alt=\"\" class=\"wp-image-97949\" width=\"70\" height=\"70\"\/><\/figure><\/div>\n\n\n<div class=\"wp-block-media-text alignwide has-media-on-the-right is-stacked-on-mobile has-background\" style=\"background-color:#b9325f\"><figure class=\"wp-block-media-text__media\"><img loading=\"lazy\" decoding=\"async\" width=\"596\" height=\"447\" src=\"https:\/\/www.iispv.cat\/wp-content\/uploads\/2024\/10\/e0ab3a32-5b4c-21fe-d9cd-1cb8a06bb1f7.jpeg\" alt=\"\" class=\"wp-image-97960 size-full\" srcset=\"https:\/\/www.iispv.cat\/wp-content\/uploads\/2024\/10\/e0ab3a32-5b4c-21fe-d9cd-1cb8a06bb1f7.jpeg 596w, https:\/\/www.iispv.cat\/wp-content\/uploads\/2024\/10\/e0ab3a32-5b4c-21fe-d9cd-1cb8a06bb1f7-300x225.jpeg 300w\" sizes=\"auto, (max-width: 596px) 100vw, 596px\" \/><\/figure><div class=\"wp-block-media-text__content\">\n<p class=\"has-white-color has-text-color\">Captura del programa Mira valorando la imagen del fondo del ojo de un paciente extra\u00edda mediante un retin\u00f3grafo. En este caso, el programa ha detectado la retinopat\u00eda diab\u00e9tica, encontrando que es severa.<\/p>\n<\/div><\/div>\n\n\n\n<p><\/p>\n\n\n\n<p>Los m\u00e1s de 10 a\u00f1os de trabajo de investigadores e investigadoras del IISPV y de la URV en el campo de la retinopat\u00eda diab\u00e9tica y la inteligencia artificial, respectivamente, ha cristalizado en la constituci\u00f3n del spin -off RetinaReadRisk, en la que toman parte estos socios: el IISPV, UP2Smart (URV), Grupo TRC (Telef\u00f3nica) y GENESIS Biomed. La empresa se cre\u00f3 en el marco del proyecto RetinaReadRisk, que ha recibido cofinanciaci\u00f3n del Instituto Europeo de Innovaci\u00f3n y Tecnolog\u00eda (EIT) Health y la Uni\u00f3n Europea en virtud del Grant Agreement 230123.<\/p>\n\n\n\n<p>El spin-off RetinaReadRisk ser\u00e1 la encargada de comercializar estos softwares, lo que, en un futuro, favorecer\u00e1 que esta tecnolog\u00eda pueda ser integrada en el sistema sanitario p\u00fablico catal\u00e1n.<\/p>\n\n\n<div class=\"wp-block-image is-style-default\">\n<figure class=\"aligncenter size-full is-resized\"><img loading=\"lazy\" decoding=\"async\" src=\"https:\/\/www.iispv.cat\/wp-content\/uploads\/2024\/10\/9673257d-e33c-fab4-26ad-bec8ee935042.jpeg\" alt=\"\" class=\"wp-image-97949\" width=\"70\" height=\"70\"\/><\/figure><\/div>\n\n\n<p class=\"has-text-align-center has-white-color has-text-color has-background\" style=\"background-color:#00afaa;font-size:25px\"><strong>Consorcio del proyecto<\/strong><\/p>\n\n\n\n<p class=\"has-text-align-center has-white-color has-text-color has-background has-medium-font-size\" style=\"background-color:#00afaa\"><strong><em>RetinaReadRisk<\/em><\/strong><\/p>\n\n\n<div class=\"wp-block-image\">\n<figure class=\"aligncenter size-full\"><img loading=\"lazy\" decoding=\"async\" width=\"178\" height=\"160\" src=\"https:\/\/www.iispv.cat\/wp-content\/uploads\/2024\/10\/519e3ffb-7181-17df-421b-99579d73fb51.png\" alt=\"\" class=\"wp-image-97966\"\/><\/figure><\/div>\n\n\n<p>RetinaReadRisk es la spin-off creada en el marco del proyecto europeo Retina Read Risk, y fundada por el Instituto de Investigaci\u00f3n Sanitaria Pere Virgili (IISPV), GENESIS Biomed, UP2Smart y Grup TRC, el pasado mes de febrero. Tiene como objetivo aportar una soluci\u00f3n que facilite el cribado de la retinopat\u00eda diab\u00e9tica. La creaci\u00f3n de la empresa surgi\u00f3 de un proyecto con el apoyo del EIT Health, aspecto que tambi\u00e9n da proyecci\u00f3n internacional. La nueva spin-off RetinaReadRisk se beneficia de m\u00e1s de 10 a\u00f1os de trabajo de los investigadores y espera captar financiaci\u00f3n privada y p\u00fablica en los pr\u00f3ximos 2-3 a\u00f1os para poder finalizar el desarrollo del producto y comercializar la soluci\u00f3n desarrollada durante el proyecto Retina Read Risk. <a rel=\"noreferrer noopener\" href=\"https:\/\/retinareadrisk.eu\/\" target=\"_blank\"><strong>M\u00e1s informaci\u00f3n<\/strong><\/a><\/p>\n\n\n\n<p class=\"has-text-align-center has-white-color has-text-color has-background has-medium-font-size\" style=\"background-color:#00afaa\"><strong><em>Instituto de Investigaci\u00f3n Sanitaria Pere Virgili (IISPV)<\/em><\/strong><\/p>\n\n\n<div class=\"wp-block-image\">\n<figure class=\"aligncenter size-full\"><img loading=\"lazy\" decoding=\"async\" width=\"226\" height=\"106\" src=\"https:\/\/www.iispv.cat\/wp-content\/uploads\/2024\/10\/afd1ce72-79d7-b288-3def-edc5dffd162e.png\" alt=\"\" class=\"wp-image-97972\"\/><\/figure><\/div>\n\n\n<p>El IISPV es un instituto de investigaci\u00f3n biom\u00e9dica situado en la provincia de Tarragona (Catalunya, Espa\u00f1a) que combina la investigaci\u00f3n cl\u00ednica y b\u00e1sica para acelerar la traslaci\u00f3n del conocimiento en beneficio de los pacientes. Fundado en 2005, el instituto integra el Hospital Universitario de Tarragona Joan XIII, el Hospital de Tortosa Verge de la Cinta, el Hospital Universitari Sant Joan de Reus, el Hospital Universitari Institut Pere Mata y la Universidad Rovira i Virgili, para aglutinar y gestionar la investigaci\u00f3n biom\u00e9dica y la innovaci\u00f3n en el territorio. El IISPV pretende ser un centro de referencia nacional e internacional en investigaci\u00f3n y traslaci\u00f3n biom\u00e9dica, al servicio de la poblaci\u00f3n, vinculando a los centros sanitarios a la comunidad. <a rel=\"noreferrer noopener\" href=\"https:\/\/www.iispv.cat\/en\/\" target=\"_blank\"><strong>M\u00e1s informaci\u00f3n<\/strong><\/a><\/p>\n\n\n\n<p class=\"has-text-align-center has-white-color has-text-color has-background has-medium-font-size\" style=\"background-color:#00afaa\"><strong><em>Institut Catal\u00e0 de la Salut (ICS)<\/em><\/strong><\/p>\n\n\n<div class=\"wp-block-image\">\n<figure class=\"aligncenter size-full\"><img loading=\"lazy\" decoding=\"async\" width=\"411\" height=\"58\" src=\"https:\/\/www.iispv.cat\/wp-content\/uploads\/2024\/10\/5afab00e-21a0-fa86-f9b0-aa1f9d3cda6b.png\" alt=\"\" class=\"wp-image-97969\" srcset=\"https:\/\/www.iispv.cat\/wp-content\/uploads\/2024\/10\/5afab00e-21a0-fa86-f9b0-aa1f9d3cda6b.png 411w, https:\/\/www.iispv.cat\/wp-content\/uploads\/2024\/10\/5afab00e-21a0-fa86-f9b0-aa1f9d3cda6b-300x42.png 300w\" sizes=\"auto, (max-width: 411px) 100vw, 411px\" \/><\/figure><\/div>\n\n\n<p>El Instituto Catal\u00e1n de la Salud (ICS) es la mayor empresa p\u00fablica de servicios sanitarios de Catalunya, con una plantilla de m\u00e1s de 51.700 profesionales, que presta asistencia sanitaria a cerca de seis millones de personas en todo el pa\u00eds. Como entidad de referencia del sistema sanitario p\u00fablico, el objetivo del ICS es mejorar la salud y la calidad de vida de las personas, mediante la prestaci\u00f3n de servicios sanitarios innovadores y de excelencia, tanto en lo que se refiere a la promoci\u00f3n de la salud como tratamiento de las enfermedades, desde las m\u00e1s prevalentes hasta las m\u00e1s complejas. La estructura del ICS incluye 949 centros de atenci\u00f3n primaria y consultor\u00edas locales, 8 hospitales y 7 institutos de investigaci\u00f3n, entre ellos el IISPV. La misi\u00f3n de nuestra organizaci\u00f3n establece ser un modelo que, a trav\u00e9s de su estructura y participantes, d\u00e9 respuesta a proyectos de relevancia estrat\u00e9gica para el ICS, garantizando la capacidad y conocimiento suficiente para ejecutarlos en plazos cortos y obteniendo retornos r\u00e1pidos en forma de resultados y valor para la organizaci\u00f3n. La visi\u00f3n del ICS se convertir\u00eda en un modelo de referencia y confianza para todas las estructuras de gesti\u00f3n, corporativas y territoriales, y profesionales del ICS para impulsar proyectos innovadores, asesorar en su planteamiento y relacionar, si es necesario, agentes externos que colaboren en el despliegue y\/o aporten recursos. Desde mediados de 2021 hasta mediados de noviembre de 2023, SR. Francesc Iglesias, responsable de la oficina de apoyo a la Investigaci\u00f3n y la Innovaci\u00f3n del ICS, ha sido el presidente de la Junta de Gobierno de EIT Health Spain, siendo actualmente el vicepresidente de la fundaci\u00f3n EIT Health Spain y presidente de INNOLIFE. <a rel=\"noreferrer noopener\" href=\"https:\/\/ics.gencat.cat\/ca\/inici\" target=\"_blank\"><strong>M\u00e1s informaci\u00f3n<\/strong><\/a><\/p>\n\n\n\n<p class=\"has-text-align-center has-white-color has-text-color has-background has-medium-font-size\" style=\"background-color:#00afaa\"><strong><em>Telef\u00f3nica<\/em><\/strong><\/p>\n\n\n<div class=\"wp-block-image\">\n<figure class=\"aligncenter size-full\"><img loading=\"lazy\" decoding=\"async\" width=\"111\" height=\"146\" src=\"https:\/\/www.iispv.cat\/wp-content\/uploads\/2024\/10\/7b66c968-c075-46e0-6e56-0118c549746b.png\" alt=\"\" class=\"wp-image-97975\"\/><\/figure><\/div>\n\n\n<p>Telef\u00f3nica es uno de los operadores integrados l\u00edderes mundiales en el sector de las telecomunicaciones, proporcionando soluciones de comunicaci\u00f3n, informaci\u00f3n y entretenimiento, con operaciones en 12 pa\u00edses de Europa y Am\u00e9rica Latina. A finales de 2021, el n\u00famero total de clientes de Telef\u00f3nica ascend\u00eda a m\u00e1s de 369 millones y 103.000 profesionales. Telef\u00f3nica invierte m\u00e1s de 4.600 millones de euros al a\u00f1o en innovaci\u00f3n tecnol\u00f3gica, incluyendo m\u00e1s de 950 millones de euros en I+D de nuevos productos, servicios y sistemas de gesti\u00f3n y mejora de los existentes. En el sector de la salud, Telef\u00f3nica trabaja en diversas \u00e1reas como la Telemedicina, el transporte geolocalizado de tejidos vivos entre hospitales, las operaciones de cirug\u00eda asistida con 5G y RV, etc. <a rel=\"noreferrer noopener\" href=\"https:\/\/www.telefonica.com\/en\/\" target=\"_blank\"><strong>M\u00e1s informaci\u00f3n<\/strong><\/a><\/p>\n\n\n\n<p class=\"has-text-align-center has-white-color has-text-color has-background has-medium-font-size\" style=\"background-color:#00afaa\"><strong><em>Grupo TRC<\/em><\/strong><\/p>\n\n\n<div class=\"wp-block-image\">\n<figure class=\"aligncenter size-full\"><img loading=\"lazy\" decoding=\"async\" width=\"272\" height=\"88\" src=\"https:\/\/www.iispv.cat\/wp-content\/uploads\/2024\/10\/9c440a53-0747-a78d-dbc5-3d529c95c9c0.png\" alt=\"\" class=\"wp-image-97978\"\/><\/figure><\/div>\n\n\n<p>Grupo TRC cuenta con m\u00e1s de 30 a\u00f1os de experiencia trabajando mano a mano con grupos de hospitales, desarrollando aplicaciones para optimizar e integrar todas las actividades y procesos de un centro sanitario en una plataforma unificada.<\/p>\n\n\n\n<p>La experiencia en la integraci\u00f3n de sistemas avanzados de telecomunicaciones, en el despliegue de servicios de operador de voz y conectividad y en el desarrollo de software a medida, tanto en el sector p\u00fablico como en el privado, nacional e internacional, son la garant\u00eda del compromiso con la calidad de nuestros despliegues, soluciones y servicios. <a rel=\"noreferrer noopener\" href=\"https:\/\/www.grupotrc.com\/\" target=\"_blank\"><strong>M\u00e1s informaci\u00f3n<\/strong><\/a><\/p>\n\n\n\n<p class=\"has-text-align-center has-white-color has-text-color has-background has-medium-font-size\" style=\"background-color:#00afaa\"><strong><em>GENESIS Biomed<\/em><\/strong><\/p>\n\n\n<div class=\"wp-block-image\">\n<figure class=\"aligncenter size-full is-resized\"><img loading=\"lazy\" decoding=\"async\" src=\"https:\/\/www.iispv.cat\/wp-content\/uploads\/2024\/10\/550fbc1f-ebc8-62fb-17b8-f782cc9fee37.png\" alt=\"\" class=\"wp-image-97981\" width=\"206\" height=\"73\"\/><\/figure><\/div>\n\n\n<p><p>GENESIS Biomed es una consultora del sector biom\u00e9dico sanitario especializada en la prestaci\u00f3n de servicios de consultor\u00eda en la g\u00e9nesis y primeras fases del ciclo de vida de empresas biom\u00e9dicas spin-off y start-up, emprendedores y centros de investigaci\u00f3n.<\/p>Bas\u00e1ndose en su experiencia, GENESIS Biomed ayuda a emprendedores e investigadores a dar forma a su plan de negocio y los apoya en el proceso de captaci\u00f3n de fondos privados. G\u00c9NESIS Biomed ha recaudado m\u00e1s de 68,5 millones de euros en los \u00faltimos a\u00f1os en 19 rondas. G\u00c9NESIS Biomed se especializa en biofarmacia, biotecnolog\u00eda, productos sanitarios, diagn\u00f3stico in vitro, nutrac\u00e9utica y cosm\u00e9tica. Con m\u00e1s de 20 a\u00f1os de experiencia en el sector de la salud, GENESIS Biomed nace en mayo de 2017, y est\u00e1 ubicada en el Parque Cient\u00edfico de Barcelona, \u200b\u200by tambi\u00e9n con sedes en el centro de Madrid y en La Marina de Valencia. <a rel=\"noreferrer noopener\" href=\"https:\/\/genesis-biomed.com\/\" target=\"_blank\"><strong>M\u00e1s informaci\u00f3n<\/strong><\/a><\/p>\n\n\n\n<p class=\"has-text-align-center has-white-color has-text-color has-background has-medium-font-size\" style=\"background-color:#00afaa\"><strong><em>E-Senior<\/em><\/strong><\/p>\n\n\n<div class=\"wp-block-image\">\n<figure class=\"aligncenter size-full\"><img loading=\"lazy\" decoding=\"async\" width=\"95\" height=\"95\" src=\"https:\/\/www.iispv.cat\/wp-content\/uploads\/2024\/10\/72100d5b-621a-fa44-7204-fa340febe716.png\" alt=\"\" class=\"wp-image-97984\"\/><\/figure><\/div>\n\n\n<p>E-Seniors es una asociaci\u00f3n francesa sin \u00e1nimo de lucro fundada en 2004 por Monique EPSTEIN. E-Seniors pretende luchar contra la e-exclusi\u00f3n facilitando el acceso y la formaci\u00f3n en TIC a personas mayores y discapacitadas. Sus principales objetivos son salvar y reducir la brecha digital entre generaciones, cuidar a los mayores luchando contra su aislamiento y abrir nuevos horizontes para un uso eficiente del tiempo libre. Adem\u00e1s de ense\u00f1ar \u00abhabilidades inform\u00e1ticas b\u00e1sicas\u00bb, E-Seniors ha abierto talleres m\u00e1s tem\u00e1ticos para alumnos \u00abavanzados\u00bb, en los que se tratan, por ejemplo, im\u00e1genes y sonidos digitales, mensajer\u00eda interactiva y chat, \u00abescritura de recuerdos\u00bb y reuniones sobre la lucha contra la e-exclusi\u00f3n. A trav\u00e9s de su trabajo para los mayores y con ellos, la asociaci\u00f3n intenta tambi\u00e9n aumentar la concienciaci\u00f3n sobre la importancia de las soluciones TIC en la vida cotidiana. <a rel=\"noreferrer noopener\" href=\"https:\/\/www.e-seniors.asso.fr\/en_main.htm\" target=\"_blank\"><strong>M\u00e1s informaci\u00f3n<\/strong><\/a><\/p>\n\n\n\n<p class=\"has-text-align-center has-white-color has-text-color has-background has-medium-font-size\" style=\"background-color:#00afaa\"><strong><em>Fondation de l&#8217;Avenir<\/em><\/strong><\/p>\n\n\n<div class=\"wp-block-image\">\n<figure class=\"aligncenter size-full\"><img loading=\"lazy\" decoding=\"async\" width=\"314\" height=\"78\" src=\"https:\/\/www.iispv.cat\/wp-content\/uploads\/2024\/10\/8064ae3d-a04b-a2ef-38fd-0b6821554961.png\" alt=\"\" class=\"wp-image-97990\" srcset=\"https:\/\/www.iispv.cat\/wp-content\/uploads\/2024\/10\/8064ae3d-a04b-a2ef-38fd-0b6821554961.png 314w, https:\/\/www.iispv.cat\/wp-content\/uploads\/2024\/10\/8064ae3d-a04b-a2ef-38fd-0b6821554961-300x75.png 300w\" sizes=\"auto, (max-width: 314px) 100vw, 314px\" \/><\/figure><\/div>\n\n\n<p>La Fondation de l&#8217;Avenir tiene como objetivo dar soporte y promover la investigaci\u00f3n m\u00e9dica aplicada en beneficio de los pacientes. Creada en 1987 por la Mutualidad, est\u00e1 reconocida de utilidad p\u00fablica desde 1988. Hoy en d\u00eda, la Fundaci\u00f3n es el enlace entre el movimiento mutualista y los agentes de la sanidad p\u00fablica. La Fondation del Porvenir cuenta con m\u00e1s de 43.000 donantes y 40 socios de la econom\u00eda social y solidaria, todos movilizados para hacer avanzar el progreso m\u00e9dico. La Fundaci\u00f3n ha financiado m\u00e1s de 1.300 proyectos desde su creaci\u00f3n, entre los que se encuentran muchas primicias mundiales. Es gestionada por un Consejo Ejecutivo, presidido por Marion LELOUVIER, bajo control de un Consejo de Supervisi\u00f3n, presidido por Daniel HAVIS. <a rel=\"noreferrer noopener\" href=\"https:\/\/www.fondationdelavenir.org\/\" target=\"_blank\"><strong>M\u00e1s informaci\u00f3n<\/strong><\/a><\/p>\n\n\n\n<p class=\"has-text-align-center has-white-color has-text-color has-background has-medium-font-size\" style=\"background-color:#00afaa\"><strong><em><strong>EIT Health<\/strong><\/em><\/strong><\/p>\n\n\n<div class=\"wp-block-image\">\n<figure class=\"aligncenter size-full\"><img loading=\"lazy\" decoding=\"async\" width=\"193\" height=\"139\" src=\"https:\/\/www.iispv.cat\/wp-content\/uploads\/2024\/10\/dae4f9e3-2ceb-57a3-dffa-580a6be7d51e.png\" alt=\"\" class=\"wp-image-97999\"\/><\/figure><\/div>\n\n\n<p>EIT Health es una red de innovadores en salud de primer nivel con aproximadamente 130 socios y cuenta con el apoyo del Instituto Europeo de Innovaci\u00f3n y Tecnolog\u00eda (EIT), un organismo de la Uni\u00f3n Europea. Colaboramos a trav\u00e9s de las fronteras para ofrecer nuevas soluciones que permitan a los ciudadanos europeos vivir vidas m\u00e1s largas y saludables. A medida que los europeos afrontan el reto del aumento de las enfermedades cr\u00f3nicas y la multimorbilidad, e intentan aprovechar las oportunidades que ofrece la tecnolog\u00eda para ir m\u00e1s all\u00e1 de los enfoques convencionales de tratamiento, prevenci\u00f3n y estilos de vida saludables, necesitamos l\u00edderes de opini\u00f3n, innovadores y formas eficientes de llevar al mercado soluciones sanitarias innovadoras. El EIT Health responde a estas necesidades. Conectamos a todos los agentes sanitarios pertinentes a trav\u00e9s de las fronteras europeas, asegur\u00e1ndonos de incluir todos los lados del \u00abtri\u00e1ngulo del conocimiento\u00bb, para que la innovaci\u00f3n pueda producirse en la intersecci\u00f3n de la investigaci\u00f3n, la educaci\u00f3n y la empresa en beneficio de los ciudadanos. <a rel=\"noreferrer noopener\" href=\"http:\/\/www.eithealth.eu\" target=\"_blank\"><strong>M\u00e1s informaci\u00f3n<\/strong><\/a><\/p>\n\n\n\n<p><em><strong>EIT Health: Together for healthy lives in Europe.<\/strong><\/em><\/p>\n\n\n\n<p class=\"has-background\" style=\"background-color:#00afaa;font-size:8px\"><\/p>\n\n\n\n<p class=\"has-text-align-center\">Para mantenerse en contacto con el proyecto RetinaReadRisk, suscribirse al <a href=\"https:\/\/iispv.us14.list-manage.com\/subscribe?u=07ff86265329a246eb669adda&amp;id=1f9bf8d6be\">bolet\u00edn<\/a>.<\/p>\n\n\n\n<p class=\"has-text-align-center\">Pod\u00e9is contactar con nosotros a trav\u00e9s de este correo electr\u00f3nico: <a href=\"mailto:contact@retinareadrisk.eu\">contact@retinareadrisk.eu<\/a><\/p>\n\n\n\n<p class=\"has-text-align-center\">La empresa se cre\u00f3 en el marco del proyecto RetinaReadRisk, que ha recibido cofinanciaci\u00f3n del Instituto Europeo de Innovaci\u00f3n y Tecnolog\u00eda (EIT) Health y la Uni\u00f3n Europea en virtud del Grant Agreement 230123.<\/p>\n\n\n\n<p class=\"has-text-align-center\"><em>Descargo de responsabilidad<\/em><\/p>\n\n\n\n<p class=\"has-text-align-center\">El proyecto RetinaReadRisk est\u00e1 financiado por la Uni\u00f3n Europea. No obstante esto, los puntos de vista y opiniones expresados son exclusivamente de los autores o autoras y no reflejan necesariamente los de la Uni\u00f3n Europea o el IET. Ni la Uni\u00f3n Europea ni la autoridad que concede la subvenci\u00f3n no pueden ser consideradas responsables de estas.<\/p>\n","protected":false},"excerpt":{"rendered":"<p>A trav\u00e9s del testimonio de \u00d2scar Luri, que sufre diabetes desde hace 40 a\u00f1os, explicamos c\u00f3mo la tecnolog\u00eda innovadora desarrollada gracias al trabajo en equipo de investigadores\/as del IISPV, de personal sanitario del Hospital Universitario Sant Joan de Reus y de la URV, ha mejorado significativamente la prevenci\u00f3n y el tratamiento de la enfermedad y [&hellip;]<\/p>\n","protected":false},"author":18,"featured_media":97959,"comment_status":"open","ping_status":"open","sticky":false,"template":"","format":"standard","meta":{"footnotes":""},"categories":[1884,1403,1404,1405,1406,1408,1830,1027,1407,2004],"tags":[],"class_list":["post-98014","post","type-post","status-publish","format-standard","has-post-thumbnail","hentry","category-actualitat-es","category-asistencia-es","category-docencia-i-formacio-es","category-innovacio-es","category-institucional-es","category-investigacion","category-notas-de-prensa","category-noticies-iispv-es","category-publicacions-es","category-temes-de-salut-es"],"_links":{"self":[{"href":"https:\/\/www.iispv.cat\/es\/wp-json\/wp\/v2\/posts\/98014","targetHints":{"allow":["GET"]}}],"collection":[{"href":"https:\/\/www.iispv.cat\/es\/wp-json\/wp\/v2\/posts"}],"about":[{"href":"https:\/\/www.iispv.cat\/es\/wp-json\/wp\/v2\/types\/post"}],"author":[{"embeddable":true,"href":"https:\/\/www.iispv.cat\/es\/wp-json\/wp\/v2\/users\/18"}],"replies":[{"embeddable":true,"href":"https:\/\/www.iispv.cat\/es\/wp-json\/wp\/v2\/comments?post=98014"}],"version-history":[{"count":10,"href":"https:\/\/www.iispv.cat\/es\/wp-json\/wp\/v2\/posts\/98014\/revisions"}],"predecessor-version":[{"id":98106,"href":"https:\/\/www.iispv.cat\/es\/wp-json\/wp\/v2\/posts\/98014\/revisions\/98106"}],"wp:featuredmedia":[{"embeddable":true,"href":"https:\/\/www.iispv.cat\/es\/wp-json\/wp\/v2\/media\/97959"}],"wp:attachment":[{"href":"https:\/\/www.iispv.cat\/es\/wp-json\/wp\/v2\/media?parent=98014"}],"wp:term":[{"taxonomy":"category","embeddable":true,"href":"https:\/\/www.iispv.cat\/es\/wp-json\/wp\/v2\/categories?post=98014"},{"taxonomy":"post_tag","embeddable":true,"href":"https:\/\/www.iispv.cat\/es\/wp-json\/wp\/v2\/tags?post=98014"}],"curies":[{"name":"wp","href":"https:\/\/api.w.org\/{rel}","templated":true}]}}