{"id":95631,"date":"2024-07-12T10:35:42","date_gmt":"2024-07-12T09:35:42","guid":{"rendered":"https:\/\/www.iispv.cat\/?p=95631"},"modified":"2024-07-12T10:36:00","modified_gmt":"2024-07-12T09:36:00","slug":"cerca-de-1-millon-de-euros-concedidos-por-el-instituto-de-salud-carlos-iii-para-seguir-avanzando-en-la-investigacion-de-enfermedades-y-la-innovacion-en-salud","status":"publish","type":"post","link":"https:\/\/www.iispv.cat\/es\/cerca-de-1-millon-de-euros-concedidos-por-el-instituto-de-salud-carlos-iii-para-seguir-avanzando-en-la-investigacion-de-enfermedades-y-la-innovacion-en-salud\/","title":{"rendered":"Cerca de 1 mill\u00f3n de euros concedidos por el Instituto de Salud Carlos III para seguir avanzando en la investigaci\u00f3n de enfermedades y la innovaci\u00f3n en salud"},"content":{"rendered":"<div class=\"wp-block-image\">\n<figure class=\"aligncenter size-full\"><img loading=\"lazy\" decoding=\"async\" width=\"512\" height=\"768\" src=\"https:\/\/www.iispv.cat\/wp-content\/uploads\/2024\/07\/IISPV-TARRAGONA-009.jpg\" alt=\"\" class=\"wp-image-95626\" srcset=\"https:\/\/www.iispv.cat\/wp-content\/uploads\/2024\/07\/IISPV-TARRAGONA-009.jpg 512w, https:\/\/www.iispv.cat\/wp-content\/uploads\/2024\/07\/IISPV-TARRAGONA-009-200x300.jpg 200w\" sizes=\"auto, (max-width: 512px) 100vw, 512px\" \/><figcaption>Imagen de los laboratorios del IISPV, en el Parc Sanitari Joan XXIII, de Tarragona.<\/figcaption><\/figure><\/div>\n\n\n<p>\u00a1Estamos de enhorabuena! El Instituto de Salud Carlos III (Ministerio de Ciencia e Innovaci\u00f3n) nos ha concedido cerca de 1 mill\u00f3n de euros para llevar a cabo diferentes proyectos de investigaci\u00f3n e innovaci\u00f3n, a trav\u00e9s de las ayudas de la convocatoria Acci\u00f3n Estrat\u00e9gica en Salud 2024 (AES), que engloba los Proyectos de I+D+i en Salud y los Proyectos de Desarrollo Tecnol\u00f3gico en Salud (DTS).<\/p>\n\n\n\n<p>Estas ayudas nos permitir\u00e1n seguir avanzando en la investigaci\u00f3n de enfermedades relacionadas con alguna de nuestras 4 grandes \u00e1reas de investigaci\u00f3n (el metabolismo y la nutrici\u00f3n; la oncolog\u00eda; y la salud mental y las neurociencias) e innovar y transferir los avances logrados en la sociedad.<\/p>\n","protected":false},"excerpt":{"rendered":"<p>\u00a1Estamos de enhorabuena! El Instituto de Salud Carlos III (Ministerio de Ciencia e Innovaci\u00f3n) nos ha concedido cerca de 1 mill\u00f3n de euros para llevar a cabo diferentes proyectos de investigaci\u00f3n e innovaci\u00f3n, a trav\u00e9s de las ayudas de la convocatoria Acci\u00f3n Estrat\u00e9gica en Salud 2024 (AES), que engloba los Proyectos de I+D+i en Salud [&hellip;]<\/p>\n","protected":false},"author":18,"featured_media":95628,"comment_status":"open","ping_status":"open","sticky":false,"template":"","format":"standard","meta":{"footnotes":""},"categories":[2],"tags":[],"class_list":["post-95631","post","type-post","status-publish","format-standard","has-post-thumbnail","hentry","category-sin-categorizar"],"_links":{"self":[{"href":"https:\/\/www.iispv.cat\/es\/wp-json\/wp\/v2\/posts\/95631","targetHints":{"allow":["GET"]}}],"collection":[{"href":"https:\/\/www.iispv.cat\/es\/wp-json\/wp\/v2\/posts"}],"about":[{"href":"https:\/\/www.iispv.cat\/es\/wp-json\/wp\/v2\/types\/post"}],"author":[{"embeddable":true,"href":"https:\/\/www.iispv.cat\/es\/wp-json\/wp\/v2\/users\/18"}],"replies":[{"embeddable":true,"href":"https:\/\/www.iispv.cat\/es\/wp-json\/wp\/v2\/comments?post=95631"}],"version-history":[{"count":2,"href":"https:\/\/www.iispv.cat\/es\/wp-json\/wp\/v2\/posts\/95631\/revisions"}],"predecessor-version":[{"id":95635,"href":"https:\/\/www.iispv.cat\/es\/wp-json\/wp\/v2\/posts\/95631\/revisions\/95635"}],"wp:featuredmedia":[{"embeddable":true,"href":"https:\/\/www.iispv.cat\/es\/wp-json\/wp\/v2\/media\/95628"}],"wp:attachment":[{"href":"https:\/\/www.iispv.cat\/es\/wp-json\/wp\/v2\/media?parent=95631"}],"wp:term":[{"taxonomy":"category","embeddable":true,"href":"https:\/\/www.iispv.cat\/es\/wp-json\/wp\/v2\/categories?post=95631"},{"taxonomy":"post_tag","embeddable":true,"href":"https:\/\/www.iispv.cat\/es\/wp-json\/wp\/v2\/tags?post=95631"}],"curies":[{"name":"wp","href":"https:\/\/api.w.org\/{rel}","templated":true}]}}