{"id":95193,"date":"2024-06-19T12:00:00","date_gmt":"2024-06-19T11:00:00","guid":{"rendered":"https:\/\/www.iispv.cat\/?p=95193"},"modified":"2024-06-19T12:01:03","modified_gmt":"2024-06-19T11:01:03","slug":"__trashed-2","status":"publish","type":"post","link":"https:\/\/www.iispv.cat\/es\/__trashed-2\/","title":{"rendered":"Idean un sistema para monitorizar de forma remota la actividad y los par\u00e1metros vitales de personas vulnerables que viven solas"},"content":{"rendered":"\n<p>El projecte del Departament d\u2019Enginyeria Inform\u00e0tica i Matem\u00e0tiques de la URV, que compte amb el suport de l&#8217;IISPV, est\u00e0 basat en la Intel\u00b7lig\u00e8ncia Artificial i permetr\u00e0 fer recomanacions als metges i cuidadors socials en base a la informaci\u00f3 recollida\u202f<\/p>\n\n<figure class=\"wp-block-image size-large\"><img loading=\"lazy\" decoding=\"async\" width=\"1024\" height=\"768\" src=\"https:\/\/www.iispv.cat\/wp-content\/uploads\/2024\/06\/20240229_114543-min-1024x768.jpg\" alt=\"\" class=\"wp-image-95184\" srcset=\"https:\/\/www.iispv.cat\/wp-content\/uploads\/2024\/06\/20240229_114543-min-1024x768.jpg 1024w, https:\/\/www.iispv.cat\/wp-content\/uploads\/2024\/06\/20240229_114543-min-300x225.jpg 300w, https:\/\/www.iispv.cat\/wp-content\/uploads\/2024\/06\/20240229_114543-min-768x576.jpg 768w, https:\/\/www.iispv.cat\/wp-content\/uploads\/2024\/06\/20240229_114543-min-1536x1152.jpg 1536w, https:\/\/www.iispv.cat\/wp-content\/uploads\/2024\/06\/20240229_114543-min-2048x1536.jpg 2048w\" sizes=\"auto, (max-width: 1024px) 100vw, 1024px\" \/><figcaption>Investigadors del Departament d\u2019Enginyeria Inform\u00e0tica i Matem\u00e0tiques (DEIM)<\/figcaption><\/figure>\n\n<p>La Universitat Rovira i Virgili t\u00e9 en marxa un projecte que ser\u00e0 de gran ajuda per a les persones vulnerables que viuen soles. Un grup d\u2019investigadors del Departament d\u2019Enginyeria Inform\u00e0tica i Matem\u00e0tiques (DEIM) liderat pel catedr\u00e0tic Dom\u00e8nec Puig estan ideant un sistema computacional que explora el paradigma de la Internet de la Coses M\u00e8diques per tal de monitoritzar-ne l\u2019activitat i mesurar-ne en temps real els par\u00e0metres vitals. L\u2019objectiu ser\u00e0 que, amb tota la informaci\u00f3 recollida mitjan\u00e7ant un conjunt de sensors i a trav\u00e9s de la intel\u00b7lig\u00e8ncia artificial, que gestionar\u00e0 les dades i en base a elles far\u00e0 recomanacions, els metges i els cuidadors socials tinguin m\u00e9s elements per fer el seguiment de la salut i les necessitats de les persones vulnerables.\u202f<\/p>\n\n<p>El projecte ICARE, finan\u00e7at pel Departament de Drets Socials de la Generalitat gr\u00e0cies als fons Next Generation, parteix de la iniciativa del DEIM de la URV, que compta amb la col\u00b7laboraci\u00f3 de l\u2019Institut d\u2019Investigaci\u00f3 Sanit\u00e0ria Pere Virgili, pel que fa a l\u2019assessorament\u202fm\u00e8dic, i de la Fundaci\u00f3 Ave Maria de Sitges, que disposa de resid\u00e8ncies per a persones vulnerables i pisos tutelats. \u201cTen\u00edem clar que la sensoritzaci\u00f3 dels domicilis s\u2019havia de fer de manera no invasiva, \u00e9s a dir, sense c\u00e0meres ni altres elements que poguessin molestar o alterar el comportament de les persones que viuen soles. Per aix\u00f2 busquem sensors, alguns que ja existeixen i d\u2019altres que desenvolupen alguns col\u00b7laboradors, com ara l\u2019investigador de la URV, Eduard Llobet, que mesuren els nivells de determinats gasos que permeten saber l\u2019activitat humana que es duu a terme a la casa. Per exemple, la concentraci\u00f3 de CO2 m\u00e9s o menys intensa ens dona informaci\u00f3 del que est\u00e0 fent la persona, si es mou, si s\u2019aixeca o no del llit, quanta estona s\u2019est\u00e0 al lavabo o a la cuina\u2026\u201d Ho explica Dom\u00e8nec Puig, investigador principal del projecte, que tot just est\u00e0 en la fase inicial, en la qual s\u2019escullen els sensors que es faran servir.\u202f<\/p>\n\n<p>La informaci\u00f3 que subministrin aquests sensors distribu\u00efts per l\u2019habitatge es complementar\u00e0 amb una aplicaci\u00f3 m\u00f2bil que, enfocant la cara del pacient, permet saber-ne par\u00e0metres com ara el ritme card\u00edac, la respiraci\u00f3, la pressi\u00f3 sangu\u00ednia\u2026 \u201c De sensors com aquests ja n\u2019existeixen i estem escollint el m\u00e9s adequat. Aquest m\u00e8tode tampoc \u00e9s invasiu ni cal que la persona tingui res connectat, ni tampoc es fa cap reconeixement facial. Simplement s\u2019ha de posar ella mateixa el m\u00f2bil al davant de la cara\u202fperi\u00f2dicament i l\u2019aplicaci\u00f3 \u00e9s capa\u00e7, tan sols analitzant el rostre, de treure totes aquestes dades\u201d, afirma Dom\u00e8nec Puig.\u202f<\/p>\n\n<p>Hatem Rashwan, un altre dels investigadors del projecte, explica que tota la informaci\u00f3 recollida pels sensors i per l\u2019aplicaci\u00f3 m\u00f2bil es centralitza en una plataforma intel\u00b7ligent, que est\u00e0 desenvolupant l\u2019equip investigador del projecte. Aquest sistema basat en intel\u00b7lig\u00e8ncia artificial ser\u00e0 capa\u00e7 de processar la informaci\u00f3 i fer les recomanacions a cuidadors socials i metges, que en base a tot plegat prenen les decisions finals. \u201cUn dels objectius del projecte \u00e9s fer prediccions dels s\u00edmptomes de malalties cr\u00f2niques, com ara les relacionades amb el sistema cardiovascular, el respiratori\u2026\u201d, diu Rashwan. Dom\u00e8nec Puig hi afegeix que la idea no \u00e9s proporcionar un servei d\u2019assist\u00e8ncia immediata per resoldre problemes puntuals, sin\u00f3 \u201cfer un seguiment de persones que estan estables per\u00f2 que tenen alguna depend\u00e8ncia, donat que s\u00f3n vulnerables, per edat, per una discapacitat\u2026 Aix\u00ed se\u2019ls pot detectar si desenvolupen alguna malaltia cr\u00f2nica molt millor que en una visita puntual\u201d, en qu\u00e8, tal i com apunta Rashwan, es pot mentir, es poden oblidar coses\u2026 \u201cEl que aconseguirem amb aquest projecte \u00e9s tenir tot l\u2019hist\u00f2ric real del pacient\u201d, afirma Puig.\u202f<\/p>\n\n<p>El sistema d\u2019intel\u00b7lig\u00e8ncia artificial que est\u00e0 desenvolupant el grup de recerca aprofundeix en els nous paradigmes XAI (Intel\u00b7lig\u00e8ncia Artificial Explicable),\u202fque va m\u00e9s enll\u00e0 dels sistemes que fan prediccions o valoracions sense una justificaci\u00f3 evident, sin\u00f3 que elabora un conjunt de recomanacions que permeten al metge o cuidador comprendre en qu\u00e8 es basa, tal i com explica Dom\u00e8nec Puig: \u201c\u00c9s un sistema de suport a la decisi\u00f3. Com m\u00e9s dades i coneixement s\u2019incorpora al sistema, millors seran les recomanacions i m\u00e9s arguments tindran els metges per fer els seus diagn\u00f2stics.\u201d Els investigadors del projecte ja estan provant sensors en pisos tutelats i comencen a recollir dades.\u202f<\/p>\n","protected":false},"excerpt":{"rendered":"<p>El projecte del Departament d\u2019Enginyeria Inform\u00e0tica i Matem\u00e0tiques de la URV, que compte amb el suport de l&#8217;IISPV, est\u00e0 basat en la Intel\u00b7lig\u00e8ncia Artificial i permetr\u00e0 fer recomanacions als metges i cuidadors socials en base a la informaci\u00f3 recollida\u202f La Universitat Rovira i Virgili t\u00e9 en marxa un projecte que ser\u00e0 de gran ajuda per [&hellip;]<\/p>\n","protected":false},"author":18,"featured_media":95190,"comment_status":"open","ping_status":"open","sticky":false,"template":"","format":"standard","meta":{"footnotes":""},"categories":[1884,1403,1404,1405,1406,1408,1830,1027,1407,2004],"tags":[],"class_list":["post-95193","post","type-post","status-publish","format-standard","has-post-thumbnail","hentry","category-actualitat-es","category-asistencia-es","category-docencia-i-formacio-es","category-innovacio-es","category-institucional-es","category-investigacion","category-notas-de-prensa","category-noticies-iispv-es","category-publicacions-es","category-temes-de-salut-es"],"_links":{"self":[{"href":"https:\/\/www.iispv.cat\/es\/wp-json\/wp\/v2\/posts\/95193","targetHints":{"allow":["GET"]}}],"collection":[{"href":"https:\/\/www.iispv.cat\/es\/wp-json\/wp\/v2\/posts"}],"about":[{"href":"https:\/\/www.iispv.cat\/es\/wp-json\/wp\/v2\/types\/post"}],"author":[{"embeddable":true,"href":"https:\/\/www.iispv.cat\/es\/wp-json\/wp\/v2\/users\/18"}],"replies":[{"embeddable":true,"href":"https:\/\/www.iispv.cat\/es\/wp-json\/wp\/v2\/comments?post=95193"}],"version-history":[{"count":4,"href":"https:\/\/www.iispv.cat\/es\/wp-json\/wp\/v2\/posts\/95193\/revisions"}],"predecessor-version":[{"id":95210,"href":"https:\/\/www.iispv.cat\/es\/wp-json\/wp\/v2\/posts\/95193\/revisions\/95210"}],"wp:featuredmedia":[{"embeddable":true,"href":"https:\/\/www.iispv.cat\/es\/wp-json\/wp\/v2\/media\/95190"}],"wp:attachment":[{"href":"https:\/\/www.iispv.cat\/es\/wp-json\/wp\/v2\/media?parent=95193"}],"wp:term":[{"taxonomy":"category","embeddable":true,"href":"https:\/\/www.iispv.cat\/es\/wp-json\/wp\/v2\/categories?post=95193"},{"taxonomy":"post_tag","embeddable":true,"href":"https:\/\/www.iispv.cat\/es\/wp-json\/wp\/v2\/tags?post=95193"}],"curies":[{"name":"wp","href":"https:\/\/api.w.org\/{rel}","templated":true}]}}