{"id":94968,"date":"2024-06-14T09:32:15","date_gmt":"2024-06-14T08:32:15","guid":{"rendered":"https:\/\/www.iispv.cat\/?p=94968"},"modified":"2024-06-14T09:35:33","modified_gmt":"2024-06-14T08:35:33","slug":"estudiaran-el-paper-de-la-dieta-en-la-modulacio-de-proteines-que-poden-predir-el-deteriorament-cognitiu","status":"publish","type":"post","link":"https:\/\/www.iispv.cat\/es\/estudiaran-el-paper-de-la-dieta-en-la-modulacio-de-proteines-que-poden-predir-el-deteriorament-cognitiu\/","title":{"rendered":"Estudiar\u00e1n el papel de la dieta en la modulaci\u00f3n de prote\u00ednas que pueden predecir el deterioro cognitivo"},"content":{"rendered":"\n<ul class=\"wp-block-list\"><li>La investigaci\u00f3n del IISPV y de la URV ayudar\u00e1 a detectar en estadios tempranos enfermedades como por ejemplo la de Alzheimer y dise\u00f1ar estrategias de prevenci\u00f3n y tratamiento<\/li><\/ul>\n\n\n\n<figure class=\"wp-block-image size-large\"><img loading=\"lazy\" decoding=\"async\" width=\"1024\" height=\"738\" src=\"https:\/\/www.iispv.cat\/wp-content\/uploads\/2024\/06\/img-0866_1652952489-min-1024x738.jpg\" alt=\"\" class=\"wp-image-94963\" srcset=\"https:\/\/www.iispv.cat\/wp-content\/uploads\/2024\/06\/img-0866_1652952489-min-1024x738.jpg 1024w, https:\/\/www.iispv.cat\/wp-content\/uploads\/2024\/06\/img-0866_1652952489-min-300x216.jpg 300w, https:\/\/www.iispv.cat\/wp-content\/uploads\/2024\/06\/img-0866_1652952489-min-768x554.jpg 768w, https:\/\/www.iispv.cat\/wp-content\/uploads\/2024\/06\/img-0866_1652952489-min-1536x1107.jpg 1536w, https:\/\/www.iispv.cat\/wp-content\/uploads\/2024\/06\/img-0866_1652952489-min-2048x1476.jpg 2048w\" sizes=\"auto, (max-width: 1024px) 100vw, 1024px\" \/><figcaption>El grup de recerca Alimentaci\u00f3, Nutrici\u00f3, Desenvolupament i Salut Mental (ANUT-DSM)<\/figcaption><\/figure>\n\n\n\n<p>El grupo de investigaci\u00f3n de Alimentaci\u00f3n, Nutrici\u00f3n, Desarrollo y Salud Mental (ANUT-DSM) del Instituto de Investigaci\u00f3n Sanitaria Pere Virgili y la Universitat Rovira i Virgili empieza un proyecto que tiene por objetivo identificar en sangre diferentes prote\u00ednas que pueden predecir el deterioro cognitivo y estudiar el papel de la dieta y el estilo de vida en su modulaci\u00f3n. Este estudio, financiado por un programa europeo y dos de estatales y que tiene una duraci\u00f3n de tres a\u00f1os, ha de ayudar a detectar enfermedades como por ejemplo la de Alzheimer en estadios tempranos y aportar evidencias cient\u00edficas para dise\u00f1ar estrategias de prevenci\u00f3n y tratamiento.<\/p>\n\n\n\n<p>En los \u00faltimos a\u00f1os, la comunidad cient\u00edfica internacional ha dedicado esfuerzos en aislar posibles marcadores biol\u00f3gicos que ayuden a predecir la aparici\u00f3n de demencia en etapas iniciales de estas enfermedades. Actualmente, se dispone de alguno de estos biomarcadores, pero para su obtenci\u00f3n se tienen que utilizar t\u00e9cnicas invasivas como la punci\u00f3n lumbar, que no est\u00e1 exenta de riesgos para la persona.<\/p>\n\n\n\n<p>Los investigadores del proyecto, a partir de muestras biol\u00f3gicas disponibles de voluntarios del amplio estudio PREDIMED-Plus a los cuales se los ha evaluado entre otros el estado cognitivo a largo plazo, intentar\u00e1n identificar en sangre diferentes prote\u00ednas relacionadas con la cognici\u00f3n y la neurodegeneraci\u00f3n. Esto permitir\u00e1 conocer aquellas prote\u00ednas que de manera temprana se asocian a un peor deterioro cognitivo con el tiempo.<\/p>\n\n\n\n<p>Al mismo tiempo los investigadores intentar\u00e1n evaluar si la dieta, la actividad f\u00edsica o la p\u00e9rdida de peso pueden modular el nivel de estas prote\u00ednas, cosa que ayudar\u00e1 a entender como los cambios en el estilo de vida pueden retrasar este deterioro cognitivo en personas mayores. Por \u00faltimo los resultados obtenidos se validar\u00e1n en otra cohorte de participantes sanos o con demencia.<\/p>\n\n\n\n<p><strong>Un problema en aumento<\/strong><\/p>\n\n\n\n<p>El 2020 se estim\u00f3 que alrededor de 55 millones de personas en el mundo sufr\u00edan alg\u00fan tipo de demencia, y se espera que este n\u00famero contin\u00fae en aumento en paralelo al incremento de la esperanza de vida. La enfermedad de Alzheimer es la causa m\u00e1s com\u00fan de demencia, caracterizada por una disminuci\u00f3n del funcionamiento cognitivo (pensamiento, memoria y razonamiento) y de las habilidades conductuales. Adem\u00e1s de tener importantes implicaciones econ\u00f3micas tanto para el individuo como para la sociedad, su aparici\u00f3n y progresi\u00f3n limita las actividades de la vida diaria, deteriora la calidad de vida y aumenta el riesgo de otras patolog\u00edas. Por lo tanto, hay una necesidad urgente de desarrollar estrategias preventivas y de tratamiento.<\/p>\n\n\n\n<p>En este sentido, el objetivo final de este ambicioso estudio no solo ayudar\u00e1 a detectar en estadios tempranos aquellas personas con riesgo de deterioro cognitivo sino que aportar\u00e1 evidencia cient\u00edfica para dise\u00f1ar estrategias de prevenci\u00f3n y tratamiento de esta condici\u00f3n.<\/p>\n\n\n\n<p>El proyecto ha recibido 250.000 euros de financiaci\u00f3n gracias a la subvenci\u00f3n del Instituto Carlos III, al proyecto-beca de la Sociedad Espa\u00f1ola de Endocrinolog\u00eda y Nutrici\u00f3n, y al proyecto europeo PRIME. Est\u00e1 liderado por los investigadores del grupo ANUT-DSM Jordi Salas-Salvad\u00f3 y Indira Paz-Gabriel, que tambi\u00e9n lo es de la Red CIBERobn. El resto del equipo lo forman Nancy Babio, Jes\u00fas Garc\u00eda-Gavilan y Alessandro Atzeni, con la colaboraci\u00f3n de investigadores del Hospital Universitario de Sant Joan y el Instituto Pere Mata de Reus, as\u00ed como diferentes investigadores predoctorales, como es el caso de Hernando Margara, que realizar\u00e1 su tesis sobre este tema.<\/p>\n","protected":false},"excerpt":{"rendered":"<p>La investigaci\u00f3n del IISPV y de la URV ayudar\u00e1 a detectar en estadios tempranos enfermedades como por ejemplo la de Alzheimer y dise\u00f1ar estrategias de prevenci\u00f3n y tratamiento El grupo de investigaci\u00f3n de Alimentaci\u00f3n, Nutrici\u00f3n, Desarrollo y Salud Mental (ANUT-DSM) del Instituto de Investigaci\u00f3n Sanitaria Pere Virgili y la Universitat Rovira i Virgili empieza un [&hellip;]<\/p>\n","protected":false},"author":18,"featured_media":94965,"comment_status":"open","ping_status":"open","sticky":false,"template":"","format":"standard","meta":{"footnotes":""},"categories":[1884,1403,1404,1405,1406,1408,1830,1027,1407,2004],"tags":[],"class_list":["post-94968","post","type-post","status-publish","format-standard","has-post-thumbnail","hentry","category-actualitat-es","category-asistencia-es","category-docencia-i-formacio-es","category-innovacio-es","category-institucional-es","category-investigacion","category-notas-de-prensa","category-noticies-iispv-es","category-publicacions-es","category-temes-de-salut-es"],"_links":{"self":[{"href":"https:\/\/www.iispv.cat\/es\/wp-json\/wp\/v2\/posts\/94968","targetHints":{"allow":["GET"]}}],"collection":[{"href":"https:\/\/www.iispv.cat\/es\/wp-json\/wp\/v2\/posts"}],"about":[{"href":"https:\/\/www.iispv.cat\/es\/wp-json\/wp\/v2\/types\/post"}],"author":[{"embeddable":true,"href":"https:\/\/www.iispv.cat\/es\/wp-json\/wp\/v2\/users\/18"}],"replies":[{"embeddable":true,"href":"https:\/\/www.iispv.cat\/es\/wp-json\/wp\/v2\/comments?post=94968"}],"version-history":[{"count":4,"href":"https:\/\/www.iispv.cat\/es\/wp-json\/wp\/v2\/posts\/94968\/revisions"}],"predecessor-version":[{"id":95047,"href":"https:\/\/www.iispv.cat\/es\/wp-json\/wp\/v2\/posts\/94968\/revisions\/95047"}],"wp:featuredmedia":[{"embeddable":true,"href":"https:\/\/www.iispv.cat\/es\/wp-json\/wp\/v2\/media\/94965"}],"wp:attachment":[{"href":"https:\/\/www.iispv.cat\/es\/wp-json\/wp\/v2\/media?parent=94968"}],"wp:term":[{"taxonomy":"category","embeddable":true,"href":"https:\/\/www.iispv.cat\/es\/wp-json\/wp\/v2\/categories?post=94968"},{"taxonomy":"post_tag","embeddable":true,"href":"https:\/\/www.iispv.cat\/es\/wp-json\/wp\/v2\/tags?post=94968"}],"curies":[{"name":"wp","href":"https:\/\/api.w.org\/{rel}","templated":true}]}}