{"id":93628,"date":"2024-04-30T11:27:03","date_gmt":"2024-04-30T10:27:03","guid":{"rendered":"https:\/\/www.iispv.cat\/?p=93628"},"modified":"2024-04-30T11:48:21","modified_gmt":"2024-04-30T10:48:21","slug":"carles-perpinan-guanya-la-tercera-edicio-dels-premis-josep-maria-pujol-a-les-millors-tesis-doctorals-en-catala-en-la-modalitat-de-les-ciencies-experimentals-i-de-la-salut","status":"publish","type":"post","link":"https:\/\/www.iispv.cat\/es\/carles-perpinan-guanya-la-tercera-edicio-dels-premis-josep-maria-pujol-a-les-millors-tesis-doctorals-en-catala-en-la-modalitat-de-les-ciencies-experimentals-i-de-la-salut\/","title":{"rendered":"Carles Perpi\u00f1an gana la tercera edici\u00f3n de los premios Josep Maria Pujol sobre las mejores tesis doctorales en catal\u00e1n, en la modalidad de las ciencias experimentales y de la salud"},"content":{"rendered":"\n<ul class=\"wp-block-list\"><li>La investigaci\u00f3n premiada trata sobre los nuevos modelos predictivos de gravedad de la COVID-19 en poblaci\u00f3n general y con obesidad<\/li><\/ul>\n\n\n\n<figure class=\"wp-block-image size-full\"><img loading=\"lazy\" decoding=\"async\" width=\"1024\" height=\"681\" src=\"https:\/\/www.iispv.cat\/wp-content\/uploads\/2024\/04\/DSC8706-1024x681-1.jpg\" alt=\"\" class=\"wp-image-93601\" srcset=\"https:\/\/www.iispv.cat\/wp-content\/uploads\/2024\/04\/DSC8706-1024x681-1.jpg 1024w, https:\/\/www.iispv.cat\/wp-content\/uploads\/2024\/04\/DSC8706-1024x681-1-300x200.jpg 300w, https:\/\/www.iispv.cat\/wp-content\/uploads\/2024\/04\/DSC8706-1024x681-1-768x511.jpg 768w\" sizes=\"auto, (max-width: 1024px) 100vw, 1024px\" \/><figcaption>Carles Perpi\u00f1an recibe el premio Josep Maria Pujol por la tesis \u201cBiomarcadores predictivos de la gravedad de la COVID-19 en pacientes infectados por SARS-CoV-2 con obesidad y\/o s\u00edndrome metab\u00f3lico\u201d en el acto que se ha realizado este 23 de abril.<\/figcaption><\/figure>\n\n\n\n<p>Carles Perpi\u00f1an Auguet ha sido el ganador en la modalidad de las ciencias experimentales y de la salud, de la tercera edici\u00f3n de los premios Josep Maria Pujol a las mejores tesis doctorales escritas en catal\u00e1n, que otorga la URV a trav\u00e9s de la Comisi\u00f3n de Pol\u00edtica Ling\u00fc\u00edstica de la Universidad. El galard\u00f3n pretende prestigiar al catal\u00e1n como lengua de ciencia y de investigaci\u00f3n y estimular su uso.<\/p>\n\n\n\n<p>Lo ha hecho con su tesis, Biomarcadores predictivos de la gravedad de la COVID-19 en pacientes infectados por SARS-CoV-2 con obesidad y\/o s\u00edndrome metab\u00f3lico, de Carles Perpi\u00f1an Auguet, dirigida por Maria Teresa Auguet Quintilla, responsable del grupo de Estudio en Enfermedades Metab\u00f3licas Asociadas a la Insulin-Resistencia (GEMMAIR) del IISPV, y Francisco M. Mart\u00edn Luj\u00e1n, responsable del Programa Transversal Estilo de Vida y Prevenci\u00f3n de la Enfermedad del IISPV, ambos doctores del Departamento de Medicina y Cirug\u00eda.<\/p>\n\n\n\n<p>La tesis tiene por objetivos evaluar nuevos modelos predictivos de gravedad de la COVID-19 en la poblaci\u00f3n general y en poblaci\u00f3n con obesidad o con s\u00edndrome metab\u00f3lico, porque la obesidad es un factor de riesgo para padecer una enfermedad por SARS-CoV-2 m\u00e1s grave , pero no est\u00e1 clara la relaci\u00f3n con el s\u00edndrome metab\u00f3lico y se desconoce si los biomarcadores de gravedad en poblaci\u00f3n general son tambi\u00e9n \u00fatiles en pacientes obesos o con s\u00edndrome metab\u00f3lico.<\/p>\n\n\n\n<p>Perpi\u00f1an realiza un estudio observacional prospectivo longitudinal de cohortes que incluye pacientes ingresados con neumon\u00eda COVID-19 que se eval\u00faan en el momento del ingreso y al cabo de un mes. Termina determinando cu\u00e1les son los par\u00e1metros que deber\u00edan incluirse en el algoritmo de decisi\u00f3n de tratamiento personalizado de los pacientes con COVID-19. M\u00e1s concretamente, indica que el mejor predictor de gravedad de la COVID-19 en poblaci\u00f3n general y personas obesas es la IL-6, si\u00e9ndolo la troponina y el lactato deshidrogenasa en s\u00edndrome metab\u00f3lico, mientras que la resistina y la IL-15 son predictores precoces de la ventilaci\u00f3n mec\u00e1nica.<\/p>\n\n\n\n<p>La tesi se puede consultar en el <a rel=\"noreferrer noopener\" href=\"http:\/\/hdl.handle.net\/10803\/688813\" target=\"_blank\">repositorio de Tesis Doctorales en l\u00ednea<\/a>.<\/p>\n\n\n\n<p><strong>Premios Josep Maria Pujol a las mejores tesis doctorales en catal\u00e1n<\/strong><\/p>\n\n\n\n<p>Por su parte, en la modalidad del \u00e1mbito de las ciencias sociales y humanidades, la tesis ganadora ha sido Rutas literarias y patrimonializaci\u00f3n. Estudio de la ruta pict\u00f3rico-literaria Mir\/Manent, de Fina Ingl\u00e9s Soronellas, dirigida por Carme Oriol Carazo y Mag\u00ed Sunyer Moln\u00e9, del Departamento de Filolog\u00eda Catalana. Si bien las rutas literarias tienen una presencia notoria en la sociedad y la literatura te\u00f3rica trata de forma abundante algunos de sus elementos fundamentales, no se hab\u00eda explorado hasta tal punto que lo hace esta tesis el proceso de patrimonializaci\u00f3n literaria. La tesis se puede consultar en el <a rel=\"noreferrer noopener\" href=\"http:\/\/hdl.handle.net\/10803\/688851\" target=\"_blank\">repositorio de Tesis Doctorales en l\u00ednea<\/a>.<\/p>\n\n\n\n<p>El jurado ha valorado en ambas obras la claridad expositiva, la estructura adecuada, la correcci\u00f3n gramatical y el lenguaje inclusivo y no sexista, adem\u00e1s del inter\u00e9s de la investigaci\u00f3n, la creatividad, la originalidad y el impacto social.<\/p>\n\n\n\n<p>Durante el acto de entrega de premios Josep Maria Pujol en las mejores tesis doctorales escritas en catal\u00e1n tambi\u00e9n se ha presentado la publicaci\u00f3n de <a rel=\"noreferrer noopener\" href=\"https:\/\/diaridigital.urv.cat\/guifre-colomer-blanca-lorman-guanyen-segona-edicio-premis-josep-maria-pujol-millors-tesis-doctorals-catala\/\" target=\"_blank\">una de les tesis premiadas en la \u00faltima edici\u00f3n<\/a>: <em>Epidemiolog\u00eda y factores de riesgo de la hemorragia intracerebral en pacientes con enfermedades de evoluci\u00f3n cr\u00f3nica y manejo complejo, de Blanca Lorman. Lo ha presentado Victoria Linares, profesora de la Facultad de Medicina y Ciencias de la Salud de la URV y representante de este centro en la Comisi\u00f3n de Pol\u00edtica Ling\u00fc\u00edstica.<\/em><\/p>\n","protected":false},"excerpt":{"rendered":"<p>La investigaci\u00f3n premiada trata sobre los nuevos modelos predictivos de gravedad de la COVID-19 en poblaci\u00f3n general y con obesidad Carles Perpi\u00f1an Auguet ha sido el ganador en la modalidad de las ciencias experimentales y de la salud, de la tercera edici\u00f3n de los premios Josep Maria Pujol a las mejores tesis doctorales escritas en [&hellip;]<\/p>\n","protected":false},"author":18,"featured_media":93603,"comment_status":"open","ping_status":"open","sticky":false,"template":"","format":"standard","meta":{"footnotes":""},"categories":[1884,1403,1404,1405,1406,1408,1830,1027,1407,2004],"tags":[],"class_list":["post-93628","post","type-post","status-publish","format-standard","has-post-thumbnail","hentry","category-actualitat-es","category-asistencia-es","category-docencia-i-formacio-es","category-innovacio-es","category-institucional-es","category-investigacion","category-notas-de-prensa","category-noticies-iispv-es","category-publicacions-es","category-temes-de-salut-es"],"_links":{"self":[{"href":"https:\/\/www.iispv.cat\/es\/wp-json\/wp\/v2\/posts\/93628","targetHints":{"allow":["GET"]}}],"collection":[{"href":"https:\/\/www.iispv.cat\/es\/wp-json\/wp\/v2\/posts"}],"about":[{"href":"https:\/\/www.iispv.cat\/es\/wp-json\/wp\/v2\/types\/post"}],"author":[{"embeddable":true,"href":"https:\/\/www.iispv.cat\/es\/wp-json\/wp\/v2\/users\/18"}],"replies":[{"embeddable":true,"href":"https:\/\/www.iispv.cat\/es\/wp-json\/wp\/v2\/comments?post=93628"}],"version-history":[{"count":2,"href":"https:\/\/www.iispv.cat\/es\/wp-json\/wp\/v2\/posts\/93628\/revisions"}],"predecessor-version":[{"id":93633,"href":"https:\/\/www.iispv.cat\/es\/wp-json\/wp\/v2\/posts\/93628\/revisions\/93633"}],"wp:featuredmedia":[{"embeddable":true,"href":"https:\/\/www.iispv.cat\/es\/wp-json\/wp\/v2\/media\/93603"}],"wp:attachment":[{"href":"https:\/\/www.iispv.cat\/es\/wp-json\/wp\/v2\/media?parent=93628"}],"wp:term":[{"taxonomy":"category","embeddable":true,"href":"https:\/\/www.iispv.cat\/es\/wp-json\/wp\/v2\/categories?post=93628"},{"taxonomy":"post_tag","embeddable":true,"href":"https:\/\/www.iispv.cat\/es\/wp-json\/wp\/v2\/tags?post=93628"}],"curies":[{"name":"wp","href":"https:\/\/api.w.org\/{rel}","templated":true}]}}