{"id":92282,"date":"2024-04-05T11:54:01","date_gmt":"2024-04-05T10:54:01","guid":{"rendered":"https:\/\/www.iispv.cat\/lhospital-universitari-pere-mata-i-liispv-organitzen-una-jornada-de-portes-obertes-per-coneixer-els-ultims-avencos-cientifics-en-salut-mental\/"},"modified":"2024-04-05T12:08:55","modified_gmt":"2024-04-05T11:08:55","slug":"lhospital-universitari-pere-mata-i-liispv-organitzen-una-jornada-de-portes-obertes-per-coneixer-els-ultims-avencos-cientifics-en-salut-mental","status":"publish","type":"post","link":"https:\/\/www.iispv.cat\/es\/lhospital-universitari-pere-mata-i-liispv-organitzen-una-jornada-de-portes-obertes-per-coneixer-els-ultims-avencos-cientifics-en-salut-mental\/","title":{"rendered":"El Hospital Universitario Pere Mata y el IISPV organizan una jornada de puertas abiertas para conocer los \u00faltimos avances cient\u00edficos en salud mental"},"content":{"rendered":"\n<ul class=\"wp-block-list\"><li>Los asistentes podr\u00e1n conocer las \u00faltimas investigaciones relacionadas con enfermedades como el trastorno bipolar o la esquizofrenia, de la mano de los investigadores e investigadores<\/li><li>La jornada ser\u00e1 el 24 de abril a las 12h, en el Pavell\u00f3 dels Distingits del Hospital Universitario Pere Mata<\/li><\/ul>\n\n\n\n<figure class=\"wp-block-image size-large\"><img loading=\"lazy\" decoding=\"async\" width=\"2560\" height=\"1600\" src=\"https:\/\/www.iispv.cat\/wp-content\/uploads\/2024\/04\/Entrada-pel-pavello-de-Distingits-min-edited-scaled.jpg\" alt=\"\" class=\"wp-image-92278\" srcset=\"https:\/\/www.iispv.cat\/wp-content\/uploads\/2024\/04\/Entrada-pel-pavello-de-Distingits-min-edited-scaled.jpg 2560w, https:\/\/www.iispv.cat\/wp-content\/uploads\/2024\/04\/Entrada-pel-pavello-de-Distingits-min-edited-300x188.jpg 300w, https:\/\/www.iispv.cat\/wp-content\/uploads\/2024\/04\/Entrada-pel-pavello-de-Distingits-min-edited-1024x640.jpg 1024w, https:\/\/www.iispv.cat\/wp-content\/uploads\/2024\/04\/Entrada-pel-pavello-de-Distingits-min-edited-768x480.jpg 768w, https:\/\/www.iispv.cat\/wp-content\/uploads\/2024\/04\/Entrada-pel-pavello-de-Distingits-min-edited-1536x960.jpg 1536w, https:\/\/www.iispv.cat\/wp-content\/uploads\/2024\/04\/Entrada-pel-pavello-de-Distingits-min-edited-2048x1280.jpg 2048w\" sizes=\"auto, (max-width: 2560px) 100vw, 2560px\" \/><figcaption>Pavell\u00f3 dels Distingits de l&#8217;Hospital Universitari Institut Pere Mata de Reus.<\/figcaption><\/figure>\n\n\n\n<p>El Hospital Universitario Pere Mata (Reus) y el IISPV organizan una jornada de puertas abiertas, el 24 de abril a las 12h, en el Pabell\u00f3n de los Distinguidos de este centro. En esta jornada los visitantes podr\u00e1n conocer las \u00faltimas novedades en investigaci\u00f3n sobre la salud mental, poniendo el \u00e9nfasis en los avances logrados en trastornos como la esquizofrenia o el trastorno bipolar.<\/p>\n\n\n\n<p>Estas sesiones estar\u00e1n impartidas por los investigadores del Grupo de Investigaci\u00f3n en Gen\u00e9tica y Ambiente en Psiquiatr\u00eda (GAP) del IISPV y del Hospital Universitario Pere Mata; Elisabet Vilella y Gerard Muntan\u00e9. Los profesionales explicar\u00e1n los estudios cient\u00edficos que est\u00e1n contribuyendo a realizar avances significativos en el tratamiento y prevenci\u00f3n de estas enfermedades.<\/p>\n\n\n\n<p>No pierdas la oportunidad de participar en esta jornada. La salud mental es una cuesti\u00f3n vital para este siglo debido a que abarca diversas patolog\u00edas y enfermedades que afectan a gran parte de la poblaci\u00f3n mundial. <a href=\"https:\/\/form.jotform.com\/240641859062357\">\u00a1Inscr\u00edbete aqu\u00ed!<\/a><\/p>\n","protected":false},"excerpt":{"rendered":"<p>Los asistentes podr\u00e1n conocer las \u00faltimas investigaciones relacionadas con enfermedades como el trastorno bipolar o la esquizofrenia, de la mano de los investigadores e investigadores La jornada ser\u00e1 el 24 de abril a las 12h, en el Pavell\u00f3 dels Distingits del Hospital Universitario Pere Mata El Hospital Universitario Pere Mata (Reus) y el IISPV organizan [&hellip;]<\/p>\n","protected":false},"author":18,"featured_media":92276,"comment_status":"open","ping_status":"open","sticky":false,"template":"","format":"standard","meta":{"footnotes":""},"categories":[1884,1403,1404,1405,1406,1408,1027,1407,2004],"tags":[],"class_list":["post-92282","post","type-post","status-publish","format-standard","has-post-thumbnail","hentry","category-actualitat-es","category-asistencia-es","category-docencia-i-formacio-es","category-innovacio-es","category-institucional-es","category-investigacion","category-noticies-iispv-es","category-publicacions-es","category-temes-de-salut-es"],"_links":{"self":[{"href":"https:\/\/www.iispv.cat\/es\/wp-json\/wp\/v2\/posts\/92282","targetHints":{"allow":["GET"]}}],"collection":[{"href":"https:\/\/www.iispv.cat\/es\/wp-json\/wp\/v2\/posts"}],"about":[{"href":"https:\/\/www.iispv.cat\/es\/wp-json\/wp\/v2\/types\/post"}],"author":[{"embeddable":true,"href":"https:\/\/www.iispv.cat\/es\/wp-json\/wp\/v2\/users\/18"}],"replies":[{"embeddable":true,"href":"https:\/\/www.iispv.cat\/es\/wp-json\/wp\/v2\/comments?post=92282"}],"version-history":[{"count":2,"href":"https:\/\/www.iispv.cat\/es\/wp-json\/wp\/v2\/posts\/92282\/revisions"}],"predecessor-version":[{"id":92286,"href":"https:\/\/www.iispv.cat\/es\/wp-json\/wp\/v2\/posts\/92282\/revisions\/92286"}],"wp:featuredmedia":[{"embeddable":true,"href":"https:\/\/www.iispv.cat\/es\/wp-json\/wp\/v2\/media\/92276"}],"wp:attachment":[{"href":"https:\/\/www.iispv.cat\/es\/wp-json\/wp\/v2\/media?parent=92282"}],"wp:term":[{"taxonomy":"category","embeddable":true,"href":"https:\/\/www.iispv.cat\/es\/wp-json\/wp\/v2\/categories?post=92282"},{"taxonomy":"post_tag","embeddable":true,"href":"https:\/\/www.iispv.cat\/es\/wp-json\/wp\/v2\/tags?post=92282"}],"curies":[{"name":"wp","href":"https:\/\/api.w.org\/{rel}","templated":true}]}}