{"id":89516,"date":"2024-01-16T12:57:07","date_gmt":"2024-01-16T11:57:07","guid":{"rendered":"https:\/\/www.iispv.cat\/?p=89516"},"modified":"2024-02-21T16:02:29","modified_gmt":"2024-02-21T15:02:29","slug":"un-proyecto-del-grupo-de-investigacion-en-oncologia-radioterapica-del-iispv-recibe-una-ayuda-de-la-asociacion-contra-el-cancer-en-tarragona","status":"publish","type":"post","link":"https:\/\/www.iispv.cat\/es\/un-proyecto-del-grupo-de-investigacion-en-oncologia-radioterapica-del-iispv-recibe-una-ayuda-de-la-asociacion-contra-el-cancer-en-tarragona\/","title":{"rendered":"Un proyecto del Grupo de Investigaci\u00f3n en Oncolog\u00eda Radioter\u00e1pica del IISPV recibe una ayuda de la Asociaci\u00f3n Contra el C\u00e1ncer en Tarragona"},"content":{"rendered":"\n<figure class=\"wp-block-gallery has-nested-images columns-default is-cropped wp-block-gallery-1 is-layout-flex wp-block-gallery-is-layout-flex\">\n<figure class=\"wp-block-image size-large\"><img loading=\"lazy\" decoding=\"async\" width=\"1024\" height=\"768\" data-id=\"89618\" src=\"https:\/\/www.iispv.cat\/wp-content\/uploads\/2024\/01\/ACCT-2.jpeg\" alt=\"\" class=\"wp-image-89618\" srcset=\"https:\/\/www.iispv.cat\/wp-content\/uploads\/2024\/01\/ACCT-2.jpeg 1024w, https:\/\/www.iispv.cat\/wp-content\/uploads\/2024\/01\/ACCT-2-300x225.jpeg 300w, https:\/\/www.iispv.cat\/wp-content\/uploads\/2024\/01\/ACCT-2-768x576.jpeg 768w\" sizes=\"auto, (max-width: 1024px) 100vw, 1024px\" \/><\/figure>\n\n\n\n<figure class=\"wp-block-image size-large\"><img loading=\"lazy\" decoding=\"async\" width=\"1024\" height=\"768\" data-id=\"89619\" src=\"https:\/\/www.iispv.cat\/wp-content\/uploads\/2024\/01\/ACCT-6.jpeg\" alt=\"\" class=\"wp-image-89619\" srcset=\"https:\/\/www.iispv.cat\/wp-content\/uploads\/2024\/01\/ACCT-6.jpeg 1024w, https:\/\/www.iispv.cat\/wp-content\/uploads\/2024\/01\/ACCT-6-300x225.jpeg 300w, https:\/\/www.iispv.cat\/wp-content\/uploads\/2024\/01\/ACCT-6-768x576.jpeg 768w\" sizes=\"auto, (max-width: 1024px) 100vw, 1024px\" \/><\/figure>\n<\/figure>\n\n\n\n<div style=\"height:19px\" aria-hidden=\"true\" class=\"wp-block-spacer\"><\/div>\n\n\n\n<figure class=\"wp-block-gallery has-nested-images columns-default is-cropped wp-block-gallery-2 is-layout-flex wp-block-gallery-is-layout-flex\">\n<figure class=\"wp-block-image size-large\"><img loading=\"lazy\" decoding=\"async\" width=\"1024\" height=\"768\" data-id=\"89624\" src=\"https:\/\/www.iispv.cat\/wp-content\/uploads\/2024\/01\/ACCT-7.jpeg\" alt=\"\" class=\"wp-image-89624\" srcset=\"https:\/\/www.iispv.cat\/wp-content\/uploads\/2024\/01\/ACCT-7.jpeg 1024w, https:\/\/www.iispv.cat\/wp-content\/uploads\/2024\/01\/ACCT-7-300x225.jpeg 300w, https:\/\/www.iispv.cat\/wp-content\/uploads\/2024\/01\/ACCT-7-768x576.jpeg 768w\" sizes=\"auto, (max-width: 1024px) 100vw, 1024px\" \/><\/figure>\n\n\n\n<figure class=\"wp-block-image size-large\"><img loading=\"lazy\" decoding=\"async\" width=\"1024\" height=\"768\" data-id=\"89625\" src=\"https:\/\/www.iispv.cat\/wp-content\/uploads\/2024\/01\/ACCT-8.jpeg\" alt=\"\" class=\"wp-image-89625\" srcset=\"https:\/\/www.iispv.cat\/wp-content\/uploads\/2024\/01\/ACCT-8.jpeg 1024w, https:\/\/www.iispv.cat\/wp-content\/uploads\/2024\/01\/ACCT-8-300x225.jpeg 300w, https:\/\/www.iispv.cat\/wp-content\/uploads\/2024\/01\/ACCT-8-768x576.jpeg 768w\" sizes=\"auto, (max-width: 1024px) 100vw, 1024px\" \/><\/figure>\n<\/figure>\n\n\n\n<div style=\"height:19px\" aria-hidden=\"true\" class=\"wp-block-spacer\"><\/div>\n\n\n\n<p>La Asociaci\u00f3n Contra el C\u00e1ncer en Tarragona ha destinado parte de las dotaciones de su programa <em>Ayudas a la Investigaci\u00f3n 2023<\/em> a un proyecto del Grupo de Investigaci\u00f3n en Oncolog\u00eda Radioter\u00e1pica del IISPV para investigar el c\u00e1ncer y para contribuir a aumentar la supervivencia media de las personas que lo sufren al 70% para 2030 (es otro de sus objetivos clave).<\/p>\n\n\n\n<p>La Asociaci\u00f3n Contra el C\u00e1ncer en Tarragona ayud\u00f3 a financiar un proyecto que lidera la investigadora del IISPV Raquel Garc\u00eda con una dotaci\u00f3n econ\u00f3mica de 140.000 euros. Este proyecto (con una duraci\u00f3n de cuatro a\u00f1os) est\u00e1 centrado en crear un modelo para predecir la respuesta de las met\u00e1stasis tratadas con radioterapia mediante pruebas de imagen y marcadores en sangre, con el objetivo final de poder personalizar los tratamientos para cada paciente y mejorar su calidad de vida y supervivencia en la enfermedad.<\/p>\n\n\n\n<p>En concreto, este proyecto estudiar\u00e1 qu\u00e9 pacientes con met\u00e1stasis pueden responder mejor a la SABR (radioterapia estereot\u00e1ctica ablativa), que es un tipo de radioterapia muy precisa en la que se administran altas dosis de radiaci\u00f3n en el tumor protegiendo al m\u00e1ximo los \u00f3rganos sanos de su alrededor.<\/p>\n\n\n\n<p>En la investigaci\u00f3n tambi\u00e9n se utilizar\u00e1 la inteligencia artificial para combinar los resultados de las pruebas de imagen con los resultados de las anal\u00edticas de sangre de cada paciente, de modo que se podr\u00e1 crear un modelo predictivo personalizado para cada paciente con c\u00e1ncer y met\u00e1stasis que recibir\u00e1 SABR.<\/p>\n\n\n\n<p>En el acto de entrega de las <em>Ayudas a la Investigaci\u00f3n 2023<\/em>, la Dra. Raquel Garc\u00eda afirm\u00f3: \u00abNuestro proyecto consiste en la elaboraci\u00f3n de un modelo que nos permita predecir qu\u00e9 respuesta tendr\u00e1n los pacientes con diferentes tipos de c\u00e1ncer y con met\u00e1stasis a las sesiones de radioterapia estereot\u00e1ctica ablativa; es muy precisa y en ella se administran altas dosis de radiaci\u00f3n protegiendo los \u00f3rganos sanos circundantes\u00bb.<\/p>\n","protected":false},"excerpt":{"rendered":"<p>La Asociaci\u00f3n Contra el C\u00e1ncer en Tarragona ha destinado parte de las dotaciones de su programa Ayudas a la Investigaci\u00f3n 2023 a un proyecto del Grupo de Investigaci\u00f3n en Oncolog\u00eda Radioter\u00e1pica del IISPV para investigar el c\u00e1ncer y para contribuir a aumentar la supervivencia media de las personas que lo sufren al 70% para 2030 [&hellip;]<\/p>\n","protected":false},"author":23,"featured_media":89625,"comment_status":"open","ping_status":"open","sticky":false,"template":"","format":"standard","meta":{"footnotes":""},"categories":[1884,1403,1404,1405,1406,1408,1830,1027,1407,2004],"tags":[],"class_list":["post-89516","post","type-post","status-publish","format-standard","has-post-thumbnail","hentry","category-actualitat-es","category-asistencia-es","category-docencia-i-formacio-es","category-innovacio-es","category-institucional-es","category-investigacion","category-notas-de-prensa","category-noticies-iispv-es","category-publicacions-es","category-temes-de-salut-es"],"_links":{"self":[{"href":"https:\/\/www.iispv.cat\/es\/wp-json\/wp\/v2\/posts\/89516","targetHints":{"allow":["GET"]}}],"collection":[{"href":"https:\/\/www.iispv.cat\/es\/wp-json\/wp\/v2\/posts"}],"about":[{"href":"https:\/\/www.iispv.cat\/es\/wp-json\/wp\/v2\/types\/post"}],"author":[{"embeddable":true,"href":"https:\/\/www.iispv.cat\/es\/wp-json\/wp\/v2\/users\/23"}],"replies":[{"embeddable":true,"href":"https:\/\/www.iispv.cat\/es\/wp-json\/wp\/v2\/comments?post=89516"}],"version-history":[{"count":5,"href":"https:\/\/www.iispv.cat\/es\/wp-json\/wp\/v2\/posts\/89516\/revisions"}],"predecessor-version":[{"id":89632,"href":"https:\/\/www.iispv.cat\/es\/wp-json\/wp\/v2\/posts\/89516\/revisions\/89632"}],"wp:featuredmedia":[{"embeddable":true,"href":"https:\/\/www.iispv.cat\/es\/wp-json\/wp\/v2\/media\/89625"}],"wp:attachment":[{"href":"https:\/\/www.iispv.cat\/es\/wp-json\/wp\/v2\/media?parent=89516"}],"wp:term":[{"taxonomy":"category","embeddable":true,"href":"https:\/\/www.iispv.cat\/es\/wp-json\/wp\/v2\/categories?post=89516"},{"taxonomy":"post_tag","embeddable":true,"href":"https:\/\/www.iispv.cat\/es\/wp-json\/wp\/v2\/tags?post=89516"}],"curies":[{"name":"wp","href":"https:\/\/api.w.org\/{rel}","templated":true}]}}