{"id":88698,"date":"2023-12-07T10:06:44","date_gmt":"2023-12-07T09:06:44","guid":{"rendered":"https:\/\/www.iispv.cat\/?p=88698"},"modified":"2023-12-07T10:06:47","modified_gmt":"2023-12-07T09:06:47","slug":"los-alimentos-ultraprocesados-se-asocian-a-una-disminucion-de-la-funcion-renal","status":"publish","type":"post","link":"https:\/\/www.iispv.cat\/es\/los-alimentos-ultraprocesados-se-asocian-a-una-disminucion-de-la-funcion-renal\/","title":{"rendered":"Los alimentos ultraprocesados se asocian a una disminuci\u00f3n de la funci\u00f3n renal"},"content":{"rendered":"\n<p><em>Un estudio liderado por un grupo de investigaci\u00f3n del IISPV-URV-CIBEROBN detecta esta relaci\u00f3n en personas de edad avanzada con riesgo cardiovascularar<\/em><\/p>\n\n\n<div class=\"wp-block-image\">\n<figure class=\"aligncenter size-large is-resized\"><img loading=\"lazy\" decoding=\"async\" src=\"https:\/\/www.iispv.cat\/wp-content\/uploads\/2023\/12\/CrisValle_directores3-1024x768.jpg\" alt=\"\" class=\"wp-image-88694\" width=\"396\" height=\"297\" srcset=\"https:\/\/www.iispv.cat\/wp-content\/uploads\/2023\/12\/CrisValle_directores3-1024x768.jpg 1024w, https:\/\/www.iispv.cat\/wp-content\/uploads\/2023\/12\/CrisValle_directores3-300x225.jpg 300w, https:\/\/www.iispv.cat\/wp-content\/uploads\/2023\/12\/CrisValle_directores3-768x576.jpg 768w, https:\/\/www.iispv.cat\/wp-content\/uploads\/2023\/12\/CrisValle_directores3-1536x1152.jpg 1536w, https:\/\/www.iispv.cat\/wp-content\/uploads\/2023\/12\/CrisValle_directores3-2048x1536.jpg 2048w\" sizes=\"auto, (max-width: 396px) 100vw, 396px\" \/><figcaption>De izquierda a derecha: Andr\u00e9s D\u00edaz, Nancy Babio, Cristina Valle y Nerea Becerra, del equipo investigador.<\/figcaption><\/figure><\/div>\n\n\n<p>La p\u00e9rdida progresiva de la funci\u00f3n de los ri\u00f1ones es uno de los principales problemas de salud que sufren las personas cuando envejecen, pudiendo dar lugar a la aparici\u00f3n de la enfermedad renal cr\u00f3nica. Esta patolog\u00eda afecta a un 10% de la poblaci\u00f3n mundial y se espera que sea la quinta causa de muerte por enfermedad no transmisible en 2040. Se asocia a una peor calidad de vida y a problemas asociados como la obesidad y la hipertensi\u00f3n, adem\u00e1s de la carga econ\u00f3mica que supone para el sistema sanitario.<\/p>\n\n\n\n<p>Con la voluntad de identificar los principales factores de riesgo, un estudio liderado por el grupo de investigaci\u00f3n Alimentaci\u00f3n, Nutrici\u00f3n, Desarrollo y Salud Mental del el Institut d\u2019Investigaci\u00f3 Sanit\u00e0ria Pere Virgili (IISPV), la Universidad Rovira i Virgili y Centro de Investigaci\u00f3n Biom\u00e9dica en Red de la Fisiopatolog\u00eda de la Obesidad y la Nutrici\u00f3n (CIBERobn) ha evaluado la relaci\u00f3n entre el consumo de alimentos ultraprocesados y la funci\u00f3n renal. En colaboraci\u00f3n con el consorcio investigador del estudio PREDIMED-Plus registraron la frecuencia del consumo de alimentos de unas 2.000 personas adultas mayores con alto riesgo cardiovascular de varias ciudades del Estado espa\u00f1ol y recogieron muestras de sangre y otros datos de inter\u00e9s relacionados con la funci\u00f3n renal.<\/p>\n\n\n\n<p>Los resultados obtenidos mostraron que un mayor consumo de alimentos ultraprocesados estaba relacionado con niveles m\u00e1s bajos de la tasa de filtraci\u00f3n glomerular, un marcador clave del estado de la funci\u00f3n renal, as\u00ed como con un mayor riesgo de presentar funci\u00f3n renal disminuida. Tambi\u00e9n observaron que el cambio durante un a\u00f1o hacia un mayor consumo de alimentos ultraprocesados se asoci\u00f3 a una disminuci\u00f3n de la funci\u00f3n renal durante los tres a\u00f1os posteriores de seguimiento.<\/p>\n\n\n\n<p>Con estos resultados, el equipo investigador sugiere reducir el consumo de alimentos ultraprocesados para favorecer una buena funcionalidad de los ri\u00f1ones. Recomiendan tambi\u00e9n, especialmente a las personas con riesgo de enfermedad cardiovascular, aumentar la ingesta de vegetales como frutas, verduras, legumbres o frutos secos o bien adherirse a la dieta mediterr\u00e1nea tradicional.<\/p>\n\n\n\n<p>El trabajo ha sido realizado por la investigadora predoctoral de la URV Cristina Valle Hita y liderado por Nancy Babio, investigadora y profesora agregada de la URV; Andr\u00e9s D\u00edaz L\u00f3pez, investigador Serra Hunter de la URV; Nerea Becerra Tom\u00e1s, investigadora postdoctoral en el Imperial College de Londres y colaboradora de la URV y Jordi Salas-Salvad\u00f3, catedr\u00e1tico de la URV y director del grupo de investigaci\u00f3n. Todo el equipo es miembro del CIBEROBN y del IISPV. Los resultados se han publicado en la revista cient\u00edfica Clinical Nutrition<\/p>\n\n\n\n<p><strong>Referencia bibliogr\u00e1fica:<\/strong> Valle-Hita C, D\u00edaz-L\u00f3pez A, Becerra-Tom\u00e1s N, Toledo E, Cornejo-Pareja I, Abete I, Alcornoque A, Bes-Rastrollo M, Mart\u00ednez JA, Tinahones FJ, Tur JA, Garcidue\u00f1as-Fimbres TE , Par\u00eds-Pallej\u00e1 F, Goday A, Go\u00f1i-Ruiz N, Salas-Salvad\u00f3 J, Babio N. Asociaciones con ultra-procesado de consumo y la funci\u00f3n de kidney en un adulto poblaci\u00f3n popular con metab\u00f3lico s\u00edndrome. Clin Nutr. 2023 Dic;42(12):2302-2310. doi: 10.1016\/j.clnu.2023.09.028. Epub 2023 Oct 2. PMID: 37852024.<\/p>\n","protected":false},"excerpt":{"rendered":"<p>Un estudio liderado por un grupo de investigaci\u00f3n del IISPV-URV-CIBEROBN detecta esta relaci\u00f3n en personas de edad avanzada con riesgo cardiovascularar La p\u00e9rdida progresiva de la funci\u00f3n de los ri\u00f1ones es uno de los principales problemas de salud que sufren las personas cuando envejecen, pudiendo dar lugar a la aparici\u00f3n de la enfermedad renal cr\u00f3nica. [&hellip;]<\/p>\n","protected":false},"author":23,"featured_media":88696,"comment_status":"open","ping_status":"open","sticky":false,"template":"","format":"standard","meta":{"footnotes":""},"categories":[1884,1830,1027],"tags":[],"class_list":["post-88698","post","type-post","status-publish","format-standard","has-post-thumbnail","hentry","category-actualitat-es","category-notas-de-prensa","category-noticies-iispv-es"],"_links":{"self":[{"href":"https:\/\/www.iispv.cat\/es\/wp-json\/wp\/v2\/posts\/88698","targetHints":{"allow":["GET"]}}],"collection":[{"href":"https:\/\/www.iispv.cat\/es\/wp-json\/wp\/v2\/posts"}],"about":[{"href":"https:\/\/www.iispv.cat\/es\/wp-json\/wp\/v2\/types\/post"}],"author":[{"embeddable":true,"href":"https:\/\/www.iispv.cat\/es\/wp-json\/wp\/v2\/users\/23"}],"replies":[{"embeddable":true,"href":"https:\/\/www.iispv.cat\/es\/wp-json\/wp\/v2\/comments?post=88698"}],"version-history":[{"count":1,"href":"https:\/\/www.iispv.cat\/es\/wp-json\/wp\/v2\/posts\/88698\/revisions"}],"predecessor-version":[{"id":88699,"href":"https:\/\/www.iispv.cat\/es\/wp-json\/wp\/v2\/posts\/88698\/revisions\/88699"}],"wp:featuredmedia":[{"embeddable":true,"href":"https:\/\/www.iispv.cat\/es\/wp-json\/wp\/v2\/media\/88696"}],"wp:attachment":[{"href":"https:\/\/www.iispv.cat\/es\/wp-json\/wp\/v2\/media?parent=88698"}],"wp:term":[{"taxonomy":"category","embeddable":true,"href":"https:\/\/www.iispv.cat\/es\/wp-json\/wp\/v2\/categories?post=88698"},{"taxonomy":"post_tag","embeddable":true,"href":"https:\/\/www.iispv.cat\/es\/wp-json\/wp\/v2\/tags?post=88698"}],"curies":[{"name":"wp","href":"https:\/\/api.w.org\/{rel}","templated":true}]}}