{"id":88066,"date":"2023-11-15T09:43:47","date_gmt":"2023-11-15T08:43:47","guid":{"rendered":"https:\/\/www.iispv.cat\/?p=88066"},"modified":"2023-11-15T09:46:12","modified_gmt":"2023-11-15T08:46:12","slug":"la-investigadora-postdoctoral-indira-paz-graniel-rep-un-premi-a-la-seva-carrera-prometedora","status":"publish","type":"post","link":"https:\/\/www.iispv.cat\/es\/la-investigadora-postdoctoral-indira-paz-graniel-rep-un-premi-a-la-seva-carrera-prometedora\/","title":{"rendered":"La investigadora postdoctoral Indira Paz-Graniel recibe un premio a su carrera prometedora"},"content":{"rendered":"\n<p><em>La Fundaci\u00f3n Brit\u00e1nica de Nutrici\u00f3n destaca los logros que hasta ahora ha alcanzado esta cient\u00edfica del CIBEROBN, el IISPV y profesora de la URV<\/em><\/p>\n\n\n<div class=\"wp-block-image\">\n<figure class=\"aligncenter size-large is-resized\"><img loading=\"lazy\" decoding=\"async\" src=\"https:\/\/www.iispv.cat\/wp-content\/uploads\/2023\/11\/20231108_214745-695x1024.jpg\" alt=\"\" class=\"wp-image-88062\" width=\"250\" height=\"368\" srcset=\"https:\/\/www.iispv.cat\/wp-content\/uploads\/2023\/11\/20231108_214745-695x1024.jpg 695w, https:\/\/www.iispv.cat\/wp-content\/uploads\/2023\/11\/20231108_214745-204x300.jpg 204w, https:\/\/www.iispv.cat\/wp-content\/uploads\/2023\/11\/20231108_214745-768x1131.jpg 768w, https:\/\/www.iispv.cat\/wp-content\/uploads\/2023\/11\/20231108_214745-1043x1536.jpg 1043w, https:\/\/www.iispv.cat\/wp-content\/uploads\/2023\/11\/20231108_214745-1391x2048.jpg 1391w, https:\/\/www.iispv.cat\/wp-content\/uploads\/2023\/11\/20231108_214745.jpg 1475w\" sizes=\"auto, (max-width: 250px) 100vw, 250px\" \/><\/figure><\/div>\n\n\n<p>La investigadora postdoctoral del Centro de Investigaci\u00f3n en Red CIBEROBN, del Instituto Carlos III; del Instituto de Investigaci\u00f3n Sanitaria Pere Virgili (IISPV) y profesora de la Universitat Rovira i Virgili (URV), Indira Paz-Graniel, ha recibido el reconocimiento \u201cEarly Career Scientist Award 2023\u201d. El premio lo otorga la Fundaci\u00f3n Brit\u00e1nica de Nutrici\u00f3n en el marco de su conferencia anual, que se hizo en el Real Colegio de F\u00edsicos, en Londres el pasado 7 de noviembre. Este galard\u00f3n reconoce a las personas que, por los logros alcanzados en su corta carrera investigadora, tienen un futuro prometedor en el \u00e1rea de la investigaci\u00f3n en nutrici\u00f3n.<\/p>\n\n\n\n<p>Indira Paz-Graniel ha centrado sus estudios y formaci\u00f3n profesional en el estudio del v\u00ednculo entre la nutrici\u00f3n y la salud. Licenciada en Nutrici\u00f3n en M\u00e9xico; en 2016 lleg\u00f3 a Espa\u00f1a para realizar un m\u00e1ster en Nutrici\u00f3n y Metabolismo por la Universitat Rovira i Virgili y la Universitat de Barcelona y en 2022, bajo la supervisi\u00f3n de Jordi Salas-Salvad\u00f3 y Nancy Babio, de la Unidad de Nutrici\u00f3n Humana de la URV, defendi\u00f3 su tesis doctoral sobre el consumo de bebidas en el contexto de una dieta mediterr\u00e1nea, que obtuvo el reconocimiento <em>Cum Laude<\/em> y la menci\u00f3n internacional.<\/p>\n\n\n\n<p>La l\u00ednea de investigaci\u00f3n de esta investigadora se ha centrado en el estudio de los efectos de los factores de estilo de vida sobre la salud cardiometab\u00f3lica, el estado de \u00e1nimo y la funci\u00f3n cognitiva en personas mayores. Su actividad cient\u00edfica se ha desarrollado principalmente en el marco del estudio PREDIMED-Plus, y tambi\u00e9n ha colaborado con otros proyectos dentro y fuera de la Unidad de Nutrici\u00f3n Humana de la URV. Hasta ahora ha publicado 34 art\u00edculos cient\u00edficos, 12 de ellos como primera autora, adem\u00e1s de haber participado como ponente en conferencias y simposios nacionales e internacionales. Ha realizado colaboraciones con centros de investigaci\u00f3n del extranjero, entre las que destacan los proyectos de investigaci\u00f3n con la Unidad de Investigaci\u00f3n en Epidemiolog\u00eda Nutricional (EREN) de la Universidad Par\u00eds-Sorbona Par\u00eds Nord.<\/p>\n\n\n\n<p>Indira Paz-Graniel tambi\u00e9n tiene experiencia en el \u00e1rea de nutrici\u00f3n cl\u00ednico-hospitalaria y en docencia dentro y fuera de Espa\u00f1a. Actualmente es profesora asociada del grado de Nutrici\u00f3n Humana y Diet\u00e9tica de la URV y ha participado en diversas iniciativas de divulgaci\u00f3n cient\u00edfica.<\/p>\n\n\n\n<p>La investigadora ha recibido otras becas y reconocimientos entre los que destacan la beca para la Formaci\u00f3n de Personal Universitario otorgada por el Ministerio de Educaci\u00f3n, Cultura y Deportes y la que otorga la Agencia de Gesti\u00f3n de Ayudas Universitarias y de Investigaci\u00f3n de la Generalitat de Catalunya, que le concedi\u00f3 una beca para formaci\u00f3n predoctoral.<\/p>\n\n\n\n<p>En 2022 recibi\u00f3 el premio a uno de los seis mejores proyectos de investigaci\u00f3n en nutrici\u00f3n liderados por j\u00f3venes investigadores otorgado por la Sociedad Espa\u00f1ola de Nutrici\u00f3n Cl\u00ednica y Metabolismo. Recientemente recibi\u00f3, junto con el profesor Jordi Salas-Salvad\u00f3, la Beca Fundaci\u00f3n SEEN en el proyecto de investigaci\u00f3n senior otorgada por la Sociedad Espa\u00f1ola de Endocrinolog\u00eda y Nutrici\u00f3n. Ha recibido, adem\u00e1s, otros reconocimientos como el Premio Diversidad Aurora 2019 por ser miembro del equipo del programa Inserlab de la URV.<\/p>\n\n\n\n<p>Actualmente est\u00e1 realizando una estancia postdoctoral en la Universidad Par\u00eds-Sorbona Par\u00eds Nord, en la Unidad de Investigaci\u00f3n en Epidemiolog\u00eda Nutricional (EREN), con un proyecto de investigaci\u00f3n en colaboraci\u00f3n con la Unidad de Nutrici\u00f3n Humana de la URV enfocado en el estudio de la relaci\u00f3n entre la nicotina y el alcohol con riesgo de diabetes.<\/p>\n","protected":false},"excerpt":{"rendered":"<p>La Fundaci\u00f3n Brit\u00e1nica de Nutrici\u00f3n destaca los logros que hasta ahora ha alcanzado esta cient\u00edfica del CIBEROBN, el IISPV y profesora de la URV La investigadora postdoctoral del Centro de Investigaci\u00f3n en Red CIBEROBN, del Instituto Carlos III; del Instituto de Investigaci\u00f3n Sanitaria Pere Virgili (IISPV) y profesora de la Universitat Rovira i Virgili (URV), [&hellip;]<\/p>\n","protected":false},"author":23,"featured_media":88064,"comment_status":"open","ping_status":"open","sticky":false,"template":"","format":"standard","meta":{"footnotes":""},"categories":[1027],"tags":[],"class_list":["post-88066","post","type-post","status-publish","format-standard","has-post-thumbnail","hentry","category-noticies-iispv-es"],"_links":{"self":[{"href":"https:\/\/www.iispv.cat\/es\/wp-json\/wp\/v2\/posts\/88066","targetHints":{"allow":["GET"]}}],"collection":[{"href":"https:\/\/www.iispv.cat\/es\/wp-json\/wp\/v2\/posts"}],"about":[{"href":"https:\/\/www.iispv.cat\/es\/wp-json\/wp\/v2\/types\/post"}],"author":[{"embeddable":true,"href":"https:\/\/www.iispv.cat\/es\/wp-json\/wp\/v2\/users\/23"}],"replies":[{"embeddable":true,"href":"https:\/\/www.iispv.cat\/es\/wp-json\/wp\/v2\/comments?post=88066"}],"version-history":[{"count":2,"href":"https:\/\/www.iispv.cat\/es\/wp-json\/wp\/v2\/posts\/88066\/revisions"}],"predecessor-version":[{"id":88068,"href":"https:\/\/www.iispv.cat\/es\/wp-json\/wp\/v2\/posts\/88066\/revisions\/88068"}],"wp:featuredmedia":[{"embeddable":true,"href":"https:\/\/www.iispv.cat\/es\/wp-json\/wp\/v2\/media\/88064"}],"wp:attachment":[{"href":"https:\/\/www.iispv.cat\/es\/wp-json\/wp\/v2\/media?parent=88066"}],"wp:term":[{"taxonomy":"category","embeddable":true,"href":"https:\/\/www.iispv.cat\/es\/wp-json\/wp\/v2\/categories?post=88066"},{"taxonomy":"post_tag","embeddable":true,"href":"https:\/\/www.iispv.cat\/es\/wp-json\/wp\/v2\/tags?post=88066"}],"curies":[{"name":"wp","href":"https:\/\/api.w.org\/{rel}","templated":true}]}}