{"id":87948,"date":"2023-11-10T12:40:28","date_gmt":"2023-11-10T11:40:28","guid":{"rendered":"https:\/\/www.iispv.cat\/celebrem-el-retreat-iispv-a-arnes\/"},"modified":"2023-11-10T12:51:47","modified_gmt":"2023-11-10T11:51:47","slug":"celebrem-el-retreat-iispv-a-arnes","status":"publish","type":"post","link":"https:\/\/www.iispv.cat\/es\/celebrem-el-retreat-iispv-a-arnes\/","title":{"rendered":"\u00a1Celebramos el retreat IISPV en Arnes!"},"content":{"rendered":"\n<p><strong>Durante 3 d\u00edas, los y las investigadoras del Institut d&#8217;Investigaci\u00f3 Sanit\u00e0ria Pere Virgili (IISPV) han compartido los proyectos que lideran y los retos alcanzados<\/strong><\/p>\n\n\n<div class=\"wp-block-image\">\n<figure class=\"aligncenter size-large is-resized\"><img loading=\"lazy\" decoding=\"async\" src=\"https:\/\/www.iispv.cat\/wp-content\/uploads\/2023\/11\/Retreat-IISPV-2023_Foto-de-grup-final-1024x768.jpeg\" alt=\"\" class=\"wp-image-87940\" width=\"610\" height=\"457\" srcset=\"https:\/\/www.iispv.cat\/wp-content\/uploads\/2023\/11\/Retreat-IISPV-2023_Foto-de-grup-final-1024x768.jpeg 1024w, https:\/\/www.iispv.cat\/wp-content\/uploads\/2023\/11\/Retreat-IISPV-2023_Foto-de-grup-final-300x225.jpeg 300w, https:\/\/www.iispv.cat\/wp-content\/uploads\/2023\/11\/Retreat-IISPV-2023_Foto-de-grup-final-768x576.jpeg 768w, https:\/\/www.iispv.cat\/wp-content\/uploads\/2023\/11\/Retreat-IISPV-2023_Foto-de-grup-final-1536x1152.jpeg 1536w, https:\/\/www.iispv.cat\/wp-content\/uploads\/2023\/11\/Retreat-IISPV-2023_Foto-de-grup-final.jpeg 2048w\" sizes=\"auto, (max-width: 610px) 100vw, 610px\" \/><figcaption>Foto de grupo, con algunos de los y las participantes.<\/figcaption><\/figure><\/div>\n\n\n<p>\u00a1Esta semana hemos celebrado en Arnes nuestro <em>retreat<\/em>! Los y las investigadoras del Institut d&#8217;Investigaci\u00f3 Sanit\u00e0ria Pere Virgili (IISPV) han compartido durante 3 d\u00edas los proyectos y estudios que lideran y los retos alcanzados en los diferentes campos de investigaci\u00f3n en los que destacamos: el de enfermedades metab\u00f3licas y nutrici\u00f3n; el de infecci\u00f3n, inmunidad y medio ambiente; el de oncolog\u00eda y el de neurociencias y salud mental.<\/p>\n\n\n\n<p>En el <em>retreat<\/em>, que se ha llevado a cabo en el Hotel Vilar Rural de Arnes del 7 al 9 de noviembre, los investigadores de los m\u00e1s de 40 grupos de investigaci\u00f3n que forman parte del IISPV han presentado sus proyectos y han participado en diferentes actividades con el objetivo de crear sinergias y explorar futuras colaboraciones interdisciplinares. Y es que trabajar juntos distintos perfiles profesionales y de diferentes campos de estudio es esencial para la investigaci\u00f3n en el \u00e1mbito de la salud. Para buscar nuevas v\u00edas terap\u00e9uticas para la prevenci\u00f3n y el tratamiento de las enfermedades es primordial la implicaci\u00f3n de investigadores e investigadoras de diferentes campos, la implementaci\u00f3n de tecnolog\u00edas muy variadas y la utilizaci\u00f3n de metodolog\u00edas propias de disciplinas diversas. Por eso, iniciativas como la de este <em>retreat<\/em> son esenciales para poner en com\u00fan ideas, proyectos y maneras muy diferentes de aproximarse a la ciencia en el \u00e1rea de la salud.<\/p>\n\n\n\n<p>Una de las actividades destacadas de este <em>retreat<\/em> es la de <em>team builging<\/em> celebrada el mi\u00e9rcoles por la tarde: ha sido una oportunidad \u00fanica para descubrir las habilidades y caracter\u00edsticas personales, y poder as\u00ed trabajar en equipo de forma m\u00e1s consciente y eficaz. La foto de a continuaci\u00f3n lo ilustra.<\/p>\n\n\n\n<p>\u00a1Gracias a todos los investigadores e investigadoras por hacerlo posible y hasta la pr\u00f3xima!<\/p>\n\n\n<div class=\"wp-block-image\">\n<figure class=\"aligncenter size-large\"><img loading=\"lazy\" decoding=\"async\" width=\"1024\" height=\"576\" src=\"https:\/\/www.iispv.cat\/wp-content\/uploads\/2023\/11\/Retreat-IISPV-2023_Team-building-1024x576.jpeg\" alt=\"\" class=\"wp-image-87943\" srcset=\"https:\/\/www.iispv.cat\/wp-content\/uploads\/2023\/11\/Retreat-IISPV-2023_Team-building-1024x576.jpeg 1024w, https:\/\/www.iispv.cat\/wp-content\/uploads\/2023\/11\/Retreat-IISPV-2023_Team-building-300x169.jpeg 300w, https:\/\/www.iispv.cat\/wp-content\/uploads\/2023\/11\/Retreat-IISPV-2023_Team-building-768x432.jpeg 768w, https:\/\/www.iispv.cat\/wp-content\/uploads\/2023\/11\/Retreat-IISPV-2023_Team-building-1536x864.jpeg 1536w, https:\/\/www.iispv.cat\/wp-content\/uploads\/2023\/11\/Retreat-IISPV-2023_Team-building.jpeg 2048w\" sizes=\"auto, (max-width: 1024px) 100vw, 1024px\" \/><\/figure><\/div>","protected":false},"excerpt":{"rendered":"<p>Durante 3 d\u00edas, los y las investigadoras del Institut d&#8217;Investigaci\u00f3 Sanit\u00e0ria Pere Virgili (IISPV) han compartido los proyectos que lideran y los retos alcanzados \u00a1Esta semana hemos celebrado en Arnes nuestro retreat! Los y las investigadoras del Institut d&#8217;Investigaci\u00f3 Sanit\u00e0ria Pere Virgili (IISPV) han compartido durante 3 d\u00edas los proyectos y estudios que lideran y [&hellip;]<\/p>\n","protected":false},"author":18,"featured_media":87945,"comment_status":"open","ping_status":"open","sticky":false,"template":"","format":"standard","meta":{"footnotes":""},"categories":[1884,1403,1404,1405,1406,1408,1027,1407,2,2004],"tags":[],"class_list":["post-87948","post","type-post","status-publish","format-standard","has-post-thumbnail","hentry","category-actualitat-es","category-asistencia-es","category-docencia-i-formacio-es","category-innovacio-es","category-institucional-es","category-investigacion","category-noticies-iispv-es","category-publicacions-es","category-sin-categorizar","category-temes-de-salut-es"],"_links":{"self":[{"href":"https:\/\/www.iispv.cat\/es\/wp-json\/wp\/v2\/posts\/87948","targetHints":{"allow":["GET"]}}],"collection":[{"href":"https:\/\/www.iispv.cat\/es\/wp-json\/wp\/v2\/posts"}],"about":[{"href":"https:\/\/www.iispv.cat\/es\/wp-json\/wp\/v2\/types\/post"}],"author":[{"embeddable":true,"href":"https:\/\/www.iispv.cat\/es\/wp-json\/wp\/v2\/users\/18"}],"replies":[{"embeddable":true,"href":"https:\/\/www.iispv.cat\/es\/wp-json\/wp\/v2\/comments?post=87948"}],"version-history":[{"count":2,"href":"https:\/\/www.iispv.cat\/es\/wp-json\/wp\/v2\/posts\/87948\/revisions"}],"predecessor-version":[{"id":87957,"href":"https:\/\/www.iispv.cat\/es\/wp-json\/wp\/v2\/posts\/87948\/revisions\/87957"}],"wp:featuredmedia":[{"embeddable":true,"href":"https:\/\/www.iispv.cat\/es\/wp-json\/wp\/v2\/media\/87945"}],"wp:attachment":[{"href":"https:\/\/www.iispv.cat\/es\/wp-json\/wp\/v2\/media?parent=87948"}],"wp:term":[{"taxonomy":"category","embeddable":true,"href":"https:\/\/www.iispv.cat\/es\/wp-json\/wp\/v2\/categories?post=87948"},{"taxonomy":"post_tag","embeddable":true,"href":"https:\/\/www.iispv.cat\/es\/wp-json\/wp\/v2\/tags?post=87948"}],"curies":[{"name":"wp","href":"https:\/\/api.w.org\/{rel}","templated":true}]}}