{"id":87932,"date":"2023-11-10T12:06:31","date_gmt":"2023-11-10T11:06:31","guid":{"rendered":"https:\/\/www.iispv.cat\/?p=87932"},"modified":"2023-11-10T12:06:35","modified_gmt":"2023-11-10T11:06:35","slug":"el-investigador-del-iispv-y-catedratico-de-la-urv-jordi-salas-salvado-recibe-el-xix-premio-internacional-hipocrates-de-investigacion-medica-sobre-nutricion-humana","status":"publish","type":"post","link":"https:\/\/www.iispv.cat\/es\/el-investigador-del-iispv-y-catedratico-de-la-urv-jordi-salas-salvado-recibe-el-xix-premio-internacional-hipocrates-de-investigacion-medica-sobre-nutricion-humana\/","title":{"rendered":"El investigador del IISPV y catedr\u00e1tico de la URV Jordi Salas-Salvad\u00f3 recibe el XIX Premio Internacional Hip\u00f3crates de investigaci\u00f3n m\u00e9dica sobre nutrici\u00f3n humana"},"content":{"rendered":"\n<p><em>La Reial Acad\u00e8mia de Medicina i Cirurgia del Principat d&#8217;Ast\u00faries li ha atorgat aquest reconeixement amb motiu de la seva traject\u00f2ria cient\u00edfica i investigadora d&#8217;excel\u00b7l\u00e8ncia en el camp de la nutrici\u00f3<\/em><\/p>\n\n\n<div class=\"wp-block-image\">\n<figure class=\"aligncenter size-large is-resized\"><img loading=\"lazy\" decoding=\"async\" src=\"https:\/\/www.iispv.cat\/wp-content\/uploads\/2023\/11\/NACHO-VELA-5272-1024x683.jpg\" alt=\"\" class=\"wp-image-87927\" width=\"425\" height=\"283\" srcset=\"https:\/\/www.iispv.cat\/wp-content\/uploads\/2023\/11\/NACHO-VELA-5272-1024x683.jpg 1024w, https:\/\/www.iispv.cat\/wp-content\/uploads\/2023\/11\/NACHO-VELA-5272-300x200.jpg 300w, https:\/\/www.iispv.cat\/wp-content\/uploads\/2023\/11\/NACHO-VELA-5272-768x512.jpg 768w, https:\/\/www.iispv.cat\/wp-content\/uploads\/2023\/11\/NACHO-VELA-5272-1536x1024.jpg 1536w, https:\/\/www.iispv.cat\/wp-content\/uploads\/2023\/11\/NACHO-VELA-5272-2048x1365.jpg 2048w\" sizes=\"auto, (max-width: 425px) 100vw, 425px\" \/><figcaption>L&#8217;investigador Jordi Salas-Salvador, al centre de la imatge, acompanyat de Marta Hern\u00e1ndez Cabria, Directora de Qualitat de l&#8217;Institut Central Lechera Asturiana per a la Nutrici\u00f3n Personalizada, entidad patrocinadora del Premi, i Sergio Gallego Riestra, Secretari General de la Reial Acad\u00e8mia de Medicina i Cirurgia del Principat d&#8217;Ast\u00faries.<\/figcaption><\/figure><\/div>\n\n\n<p>L\u2019investigador de l\u2019Institut d\u2019Investigaci\u00f3 Sanit\u00e0ria Pere Virgili i catedr\u00e0tic de la Universitat Rovira i Virgili Jordi Salas-Salvad\u00f3 ha rebut aquest dijous el XIX Premi Internacional Hip\u00f2crates d&#8217;investigaci\u00f3 m\u00e8dica sobre nutrici\u00f3 humana, atorgat per la Reial Acad\u00e8mia de Medicina del Principat d&#8217;Ast\u00faries i patrocinat per l&#8217;Institut Central Lechera Asturiana per a la nutrici\u00f3 personalitzada. El premi posa en valor la seva traject\u00f2ria cient\u00edfica de d&#8217;excel\u00b7l\u00e8ncia en el camp de la nutrici\u00f3, que l&#8217;ha portat a ser \u00abun referent en l&#8217;extens camp i tamb\u00e9 en l&#8217;estudi dels efectes per a la salut de la dieta mediterr\u00e0nia\u00bb, segons l&#8217;acta del jurat. Durant l&#8217;acte de lliurament del guard\u00f3, Salas-Salvad\u00f3 va pronunciar la confer\u00e8ncia titulada \u00abNutrients, aliments o patrons diet\u00e8tics?\u00bb.<\/p>\n\n\n\n<p>Jordi Salas-Salvad\u00f3 \u00e9s director de la Unitat de Nutrici\u00f3 Humana de la URV, investigador de l&#8217;Institut d&#8217;Investigaci\u00f3 Sanit\u00e0ria Pere Virgili i investigador principal del Centre de Recerca Biom\u00e8dica en Xarxa (CIBER) de Fisiopatologia de l&#8217;Obesitat i Nutrici\u00f3 de l&#8217;Institut Carles III. Tamb\u00e9 \u00e9s membre de la Xarxa d&#8217;Experts de l&#8217;Ag\u00e8ncia de Salut P\u00fablica de la Generalitat de Catalunya, director del Centre Catal\u00e0 de Nutrici\u00f3 de l&#8217;Institut d&#8217;Estudis Catalans, president del F\u00f2rum mundial per a la recerca i difusi\u00f3 de la nutrici\u00f3 i membre del Consorci internacional de qualitat de carbohidrats i de la junta del Panell d&#8217;experts en diabetis i nutrici\u00f3.<\/p>\n\n\n\n<p>Les l\u00ednies de recerca de Salas-Salvad\u00f3 se centren en els assajos cl\u00ednics en humans que avaluen l&#8217;efecte de les dietes i els compostos diet\u00e8tics sobre l&#8217;obesitat, la diabetis tipus 2 i les malalties cardiovasculars. Des de 2005 \u00e9s un dels l\u00edders de l&#8217;estudi PREDIMED, i actualment \u00e9s director i president del comit\u00e8 directiu de l&#8217;estudi PREDIMED-PLUS, un assaig multic\u00e8ntric, aleatoritzat i de prevenci\u00f3 prim\u00e0ria en curs amb 6.900 participants amb sobrep\u00e8s o obesitat amb s\u00edndrome metab\u00f2lica.<\/p>\n\n\n\n<p>El seu grup tamb\u00e9 ha desenvolupat treballs en medicina de precisi\u00f3 utilitzant diferents metodologies de l&#8217;OMIC (metabol\u00f2mica i metagenomica), que ara s&#8217;estan implantant en estudis epidemiol\u00f2gics i qu\u00edmcs. Ha publicat m\u00e9s de 750 articles en revistes nacionals i internacionals i ha estat citat en m\u00e9s de 76.000 articles cient\u00edfics.<\/p>\n","protected":false},"excerpt":{"rendered":"<p>La Reial Acad\u00e8mia de Medicina i Cirurgia del Principat d&#8217;Ast\u00faries li ha atorgat aquest reconeixement amb motiu de la seva traject\u00f2ria cient\u00edfica i investigadora d&#8217;excel\u00b7l\u00e8ncia en el camp de la nutrici\u00f3 L\u2019investigador de l\u2019Institut d\u2019Investigaci\u00f3 Sanit\u00e0ria Pere Virgili i catedr\u00e0tic de la Universitat Rovira i Virgili Jordi Salas-Salvad\u00f3 ha rebut aquest dijous el XIX Premi [&hellip;]<\/p>\n","protected":false},"author":23,"featured_media":87929,"comment_status":"open","ping_status":"open","sticky":false,"template":"","format":"standard","meta":{"footnotes":""},"categories":[1884,1408,1830,1027],"tags":[],"class_list":["post-87932","post","type-post","status-publish","format-standard","has-post-thumbnail","hentry","category-actualitat-es","category-investigacion","category-notas-de-prensa","category-noticies-iispv-es"],"_links":{"self":[{"href":"https:\/\/www.iispv.cat\/es\/wp-json\/wp\/v2\/posts\/87932","targetHints":{"allow":["GET"]}}],"collection":[{"href":"https:\/\/www.iispv.cat\/es\/wp-json\/wp\/v2\/posts"}],"about":[{"href":"https:\/\/www.iispv.cat\/es\/wp-json\/wp\/v2\/types\/post"}],"author":[{"embeddable":true,"href":"https:\/\/www.iispv.cat\/es\/wp-json\/wp\/v2\/users\/23"}],"replies":[{"embeddable":true,"href":"https:\/\/www.iispv.cat\/es\/wp-json\/wp\/v2\/comments?post=87932"}],"version-history":[{"count":3,"href":"https:\/\/www.iispv.cat\/es\/wp-json\/wp\/v2\/posts\/87932\/revisions"}],"predecessor-version":[{"id":87936,"href":"https:\/\/www.iispv.cat\/es\/wp-json\/wp\/v2\/posts\/87932\/revisions\/87936"}],"wp:featuredmedia":[{"embeddable":true,"href":"https:\/\/www.iispv.cat\/es\/wp-json\/wp\/v2\/media\/87929"}],"wp:attachment":[{"href":"https:\/\/www.iispv.cat\/es\/wp-json\/wp\/v2\/media?parent=87932"}],"wp:term":[{"taxonomy":"category","embeddable":true,"href":"https:\/\/www.iispv.cat\/es\/wp-json\/wp\/v2\/categories?post=87932"},{"taxonomy":"post_tag","embeddable":true,"href":"https:\/\/www.iispv.cat\/es\/wp-json\/wp\/v2\/tags?post=87932"}],"curies":[{"name":"wp","href":"https:\/\/api.w.org\/{rel}","templated":true}]}}