{"id":87891,"date":"2023-11-09T12:33:27","date_gmt":"2023-11-09T11:33:27","guid":{"rendered":"https:\/\/www.iispv.cat\/?p=87891"},"modified":"2023-11-09T12:37:37","modified_gmt":"2023-11-09T11:37:37","slug":"la-falta-de-vitamina-b12-en-embarazadas-puede-afectar-negativamente-el-desarrollo-cognitivo-del-bebe","status":"publish","type":"post","link":"https:\/\/www.iispv.cat\/es\/la-falta-de-vitamina-b12-en-embarazadas-puede-afectar-negativamente-el-desarrollo-cognitivo-del-bebe\/","title":{"rendered":"La falta de vitamina B12 en embarazadas puede afectar negativamente el desarrollo cognitivo del beb\u00e9"},"content":{"rendered":"\n<p><em>\u00c9s la conclusi\u00f3 d\u2019un dels estudis del projecte Eclipses, liderat per l&#8217;IISPV i la URV, que analitza diferents par\u00e0metres al voltant de la salut tant de la gestant com de la criatura<\/em><\/p>\n<div class=\"wp-block-image\">\n<figure class=\"aligncenter size-large is-resized\"><img loading=\"lazy\" decoding=\"async\" src=\"https:\/\/www.iispv.cat\/wp-content\/uploads\/2023\/11\/20231108_094934-1-1024x768.jpg\" alt=\"\" class=\"wp-image-87899\" width=\"405\" height=\"304\" srcset=\"https:\/\/www.iispv.cat\/wp-content\/uploads\/2023\/11\/20231108_094934-1-1024x768.jpg 1024w, https:\/\/www.iispv.cat\/wp-content\/uploads\/2023\/11\/20231108_094934-1-300x225.jpg 300w, https:\/\/www.iispv.cat\/wp-content\/uploads\/2023\/11\/20231108_094934-1-768x576.jpg 768w, https:\/\/www.iispv.cat\/wp-content\/uploads\/2023\/11\/20231108_094934-1-1536x1152.jpg 1536w, https:\/\/www.iispv.cat\/wp-content\/uploads\/2023\/11\/20231108_094934-1-2048x1536.jpg 2048w\" sizes=\"auto, (max-width: 405px) 100vw, 405px\" \/><figcaption>La Dra. Victoria Arija<\/figcaption><\/figure><\/div>\n<p>Ja fa temps que est\u00e0 en marxa l&#8217;ambici\u00f3s projecte ECLIPSES del grup de recerca Nutrisam (Nutrici\u00f3 i Salut Mental) de l&#8217;Institut d&#8217;Investigaci\u00f3 Sanit\u00e0ria Pere Virgili i dels departaments de Ci\u00e8ncies M\u00e8diques B\u00e0siques i de Psicologia de la Universitat Rovira i Virgili, que analitza diferents par\u00e0metres al voltant de l\u2019estat de salut de les dones embarassades i el correcte desenvolupament f\u00edsic i neuronal dels nadons. Per tant, s\u00f3n diversos els estudis sorgits a partir d\u2019aquest projecte, i un dels m\u00e9s recents conclou que la falta de vitamina B12 en les embarassades pot afectar negativament el desenvolupament cognitiu de la criatura. Segons la recerca, s\u00f3n al voltant del 30% les dones gestants que tenen d\u00e8ficit d\u2019aquesta vitamina.\u202f\u00a0<\/p>\n\n<p>El projecte ECLIPSES, liderat per l&#8217;Institut d&#8217;Investigaci\u00f3 Sanit\u00e0ria Pere Virgili i la Universitat Rovira i Virgili amb la col\u00b7laboraci\u00f3 de la Unitat de Recerca de Reus i Tarragona de l\u2019Institut Catal\u00e0 de la Salut a trav\u00e9s dels serveis d\u2019Atenci\u00f3 a la Salut Sexual i Reproductiva (ASSIR), va comen\u00e7ar el 2013 i ha fet el seguiment d\u2019unes 800 dones de la zona de Tarragona, a les quals se\u2019ls han analitzat diferents par\u00e0metres nutricionals, psicol\u00f2gics i mediambientals per ajudar a un millor embar\u00e0s i al correcte desenvolupament del fetus. Tamb\u00e9 s\u2019investiga com aquests par\u00e0metres analitzats afecten el nad\u00f3 poc despr\u00e9s de n\u00e9ixer i al cap de quatre anys.\u00a0<\/p>\n\n<p>\u201cEn el cas de l\u2019estudi de la vitamina B12, que es troba en els aliments animals i que es sintetitza en el tub digestiu, \u00e9s precisament al cap de quatre anys que es pot detectar si el seu d\u00e8ficit en les embarassades afecta el neurodesenvolupament del fill o filla. I, a trav\u00e9s, d\u2019unes proves psicol\u00f2giques al voltant de la mem\u00f2ria, la comprensi\u00f3, la capacitat de reacci\u00f3&#8230;, s\u2019ha comprovat que el grup de nens i nenes amb mares deficients de vitamina B12 \u00e9s el que t\u00e9 m\u00e9s alteracions a l&#8217;\u00e0mbit cognitiu, explica la professora Victoria Arija, co-responsable del grup NutiSaM, junt amb la professora Josefa Canals.\u00a0 \u201cEstem parlant de dones sanes de pa\u00efsos desenvolupats, amb acc\u00e9s a tota mena d\u2019aliments i amb bon control sanitari, per\u00f2, tot i aix\u00f2, es detecten defici\u00e8ncies en l\u2019alimentaci\u00f3\u201d, afirma.\u202f\u00a0<\/p>\n\n<p>Aquest estudi, segona assegura Arija, t\u00e9 valor\u202fperqu\u00e8 fins ara no s\u2019havia posat el focus en la vitamina B12 i la seva relaci\u00f3 amb el desenvolupament cognitiu del nad\u00f3, ja que el seu d\u00e8ficit no causa problemes destacats als adults en general, per\u00f2 s\u00ed, tal com es demostra en aquest estudi, a les dones gestants: \u201cA partir d\u2019aqu\u00ed, es tractaria que en els controls de la dona embarassada es determin\u00e9s si necessita millorar l\u2019alimentaci\u00f3 o si li cal algun tipus de suplement per aquesta mancan\u00e7a. Aix\u00f2 s\u00ed, la dosi del suplement s&#8217;adaptaria a cada cas.\u201d\u00a0<\/p>\n\n<p><strong>Altres estudis del projecte ECLIPSES<\/strong><\/p>\n\n<p>I \u00e9s que un dels objectius del projecte ECLIPSES \u00e9s que quan es detecten mancances al voltant de l&#8217;estat nutricional de les dones embarassades, el tractament que se li faci i les dosis de suplements que se li aconsellin siguin individualitzats. En aquest sentit, el projecte va n\u00e9ixer centrat en el ferro, ja que durant l\u2019embar\u00e0s la dona en t\u00e9 d\u00e8ficit, ja que la demanda del fetus \u00e9s molt gran i la ingesta no \u00e9s prou alta, tal com explica Victoria Arija: \u201cEl que es fa \u00e9s una suplementaci\u00f3 preventiva de ferro, per\u00f2 el que hav\u00edem detectat \u00e9s que no es podia donar la mateixa quantitat de ferro a totes les dones, ja que algunes n\u2019absorbeixen m\u00e9s i d\u2019altres menys. I per aix\u00f2 vam iniciar l\u2019assaig cl\u00ednic, per determinar quina era la dosi de ferro id\u00f2nia per a cada cas. Haver donat dosis adaptades a les necessitats de cadascuna ha millorat el rendiment del tractament preventiu.\u201d\u202f\u00a0<\/p>\n\n<p>El projecte ECLIPSES, amb una mostra de dones embarassades que es considera molt \u00e0mplia i representativa, ha donat al voltant d\u2019una vintena de publicacions al voltant de diferents par\u00e0metres, i la intenci\u00f3 \u00e9s continuar investigant-ne m\u00e9s. Per exemple,\u202funa altra\u202frecerca recent sorgida a partir d\u2019aquest projecte, en col\u00b7laboraci\u00f3 amb el grup de recerca Tecnatox de l&#8217;IISPV i la URV, liderat per M\u00f2nica Bull\u00f3, ha perm\u00e8s determinar que en els aliments que consumeixen les dones embarassades estudiades hi ha dos tipus de components, l\u2019ars\u00e8nic i el DLPCV (present en els pl\u00e0stics), que superen els llindars establerts per l\u2019Autoritat Europea de Seguretat Aliment\u00e0ra, de manera que poden comportar riscos per a la salut d\u2019aquestes dones. O, gr\u00e0cies a un altre estudi, s\u2019han detectat, analitzant per exemple la glucosa, els triglic\u00e8rids i la resist\u00e8ncia a la insulina,\u202fels factors associats a un major risc cardiometab\u00f2lic durant l\u2019embar\u00e0s, \u00e9s a dir, el risc a desenvolupar la diabetis, a patir un avortament, que el fill o filla tingui obesitat o diabetis&#8230;, liderat pel Dr. Andr\u00e9s D\u00edaz. En aquest cas, no fumar, prendre poc alcohol, no tenir sobrep\u00e8s, el nivell d\u2019educaci\u00f3&#8230; s\u00f3n alguns dels factors que permeten mantenir controlat aquest risc.\u202f\u00a0<\/p>\n","protected":false},"excerpt":{"rendered":"<p>\u00c9s la conclusi\u00f3 d\u2019un dels estudis del projecte Eclipses, liderat per l&#8217;IISPV i la URV, que analitza diferents par\u00e0metres al voltant de la salut tant de la gestant com de la criatura Ja fa temps que est\u00e0 en marxa l&#8217;ambici\u00f3s projecte ECLIPSES del grup de recerca Nutrisam (Nutrici\u00f3 i Salut Mental) de l&#8217;Institut d&#8217;Investigaci\u00f3 Sanit\u00e0ria [&hellip;]<\/p>\n","protected":false},"author":23,"featured_media":87889,"comment_status":"open","ping_status":"open","sticky":false,"template":"","format":"standard","meta":{"footnotes":""},"categories":[1884,1830,1027],"tags":[],"class_list":["post-87891","post","type-post","status-publish","format-standard","has-post-thumbnail","hentry","category-actualitat-es","category-notas-de-prensa","category-noticies-iispv-es"],"_links":{"self":[{"href":"https:\/\/www.iispv.cat\/es\/wp-json\/wp\/v2\/posts\/87891","targetHints":{"allow":["GET"]}}],"collection":[{"href":"https:\/\/www.iispv.cat\/es\/wp-json\/wp\/v2\/posts"}],"about":[{"href":"https:\/\/www.iispv.cat\/es\/wp-json\/wp\/v2\/types\/post"}],"author":[{"embeddable":true,"href":"https:\/\/www.iispv.cat\/es\/wp-json\/wp\/v2\/users\/23"}],"replies":[{"embeddable":true,"href":"https:\/\/www.iispv.cat\/es\/wp-json\/wp\/v2\/comments?post=87891"}],"version-history":[{"count":5,"href":"https:\/\/www.iispv.cat\/es\/wp-json\/wp\/v2\/posts\/87891\/revisions"}],"predecessor-version":[{"id":87910,"href":"https:\/\/www.iispv.cat\/es\/wp-json\/wp\/v2\/posts\/87891\/revisions\/87910"}],"wp:featuredmedia":[{"embeddable":true,"href":"https:\/\/www.iispv.cat\/es\/wp-json\/wp\/v2\/media\/87889"}],"wp:attachment":[{"href":"https:\/\/www.iispv.cat\/es\/wp-json\/wp\/v2\/media?parent=87891"}],"wp:term":[{"taxonomy":"category","embeddable":true,"href":"https:\/\/www.iispv.cat\/es\/wp-json\/wp\/v2\/categories?post=87891"},{"taxonomy":"post_tag","embeddable":true,"href":"https:\/\/www.iispv.cat\/es\/wp-json\/wp\/v2\/tags?post=87891"}],"curies":[{"name":"wp","href":"https:\/\/api.w.org\/{rel}","templated":true}]}}