{"id":87425,"date":"2023-10-25T08:39:03","date_gmt":"2023-10-25T07:39:03","guid":{"rendered":"https:\/\/www.iispv.cat\/?p=87425"},"modified":"2023-10-25T08:39:24","modified_gmt":"2023-10-25T07:39:24","slug":"cerca-de-130-ninos-y-ninas-y-sus-familias-participan-en-la-jornada-de-puertas-abiertas-de-los-laboratorios-de-investigacion-biomedica-del-iispv-en-el-hospital-sant-joan-de-reus","status":"publish","type":"post","link":"https:\/\/www.iispv.cat\/es\/cerca-de-130-ninos-y-ninas-y-sus-familias-participan-en-la-jornada-de-puertas-abiertas-de-los-laboratorios-de-investigacion-biomedica-del-iispv-en-el-hospital-sant-joan-de-reus\/","title":{"rendered":"Cerca de 130 ni\u00f1os y ni\u00f1as y sus familias participan en la jornada de puertas abiertas de los laboratorios de investigaci\u00f3n biom\u00e9dica del IISPV, en el Hospital Sant Joan de Reus"},"content":{"rendered":"\n<p><em>La iniciativa t\u00e9 com a objectiu apropar la ci\u00e8ncia a la ciutadania i sensibilitzar aix\u00ed sobre la import\u00e0ncia de la investigaci\u00f3 per prevenir i trobar la cura de malalties amb una elevada incid\u00e8ncia a la nostra societat<\/em><\/p>\n\n<figure class=\"wp-block-gallery has-nested-images columns-default is-cropped wp-block-gallery-1 is-layout-flex wp-block-gallery-is-layout-flex\">\n<figure class=\"wp-block-image size-large\"><img loading=\"lazy\" decoding=\"async\" width=\"1024\" height=\"768\" data-id=\"87404\" src=\"https:\/\/www.iispv.cat\/wp-content\/uploads\/2023\/10\/WhatsApp-Image-2023-10-24-at-11.19.43.jpeg\" alt=\"\" class=\"wp-image-87404\" srcset=\"https:\/\/www.iispv.cat\/wp-content\/uploads\/2023\/10\/WhatsApp-Image-2023-10-24-at-11.19.43.jpeg 1024w, https:\/\/www.iispv.cat\/wp-content\/uploads\/2023\/10\/WhatsApp-Image-2023-10-24-at-11.19.43-300x225.jpeg 300w, https:\/\/www.iispv.cat\/wp-content\/uploads\/2023\/10\/WhatsApp-Image-2023-10-24-at-11.19.43-768x576.jpeg 768w\" sizes=\"auto, (max-width: 1024px) 100vw, 1024px\" \/><\/figure>\n\n\n\n<figure class=\"wp-block-image size-large\"><img loading=\"lazy\" decoding=\"async\" width=\"1024\" height=\"768\" data-id=\"87407\" src=\"https:\/\/www.iispv.cat\/wp-content\/uploads\/2023\/10\/WhatsApp-Image-2023-10-24-at-11.18.21.jpeg\" alt=\"\" class=\"wp-image-87407\" srcset=\"https:\/\/www.iispv.cat\/wp-content\/uploads\/2023\/10\/WhatsApp-Image-2023-10-24-at-11.18.21.jpeg 1024w, https:\/\/www.iispv.cat\/wp-content\/uploads\/2023\/10\/WhatsApp-Image-2023-10-24-at-11.18.21-300x225.jpeg 300w, https:\/\/www.iispv.cat\/wp-content\/uploads\/2023\/10\/WhatsApp-Image-2023-10-24-at-11.18.21-768x576.jpeg 768w\" sizes=\"auto, (max-width: 1024px) 100vw, 1024px\" \/><\/figure>\n<\/figure>\n\n<figure class=\"wp-block-gallery has-nested-images columns-default is-cropped wp-block-gallery-2 is-layout-flex wp-block-gallery-is-layout-flex\">\n<figure class=\"wp-block-image size-large\"><img loading=\"lazy\" decoding=\"async\" width=\"1024\" height=\"768\" data-id=\"87410\" src=\"https:\/\/www.iispv.cat\/wp-content\/uploads\/2023\/10\/WhatsApp-Image-2023-10-24-at-11.19.15.jpeg\" alt=\"\" class=\"wp-image-87410\" srcset=\"https:\/\/www.iispv.cat\/wp-content\/uploads\/2023\/10\/WhatsApp-Image-2023-10-24-at-11.19.15.jpeg 1024w, https:\/\/www.iispv.cat\/wp-content\/uploads\/2023\/10\/WhatsApp-Image-2023-10-24-at-11.19.15-300x225.jpeg 300w, https:\/\/www.iispv.cat\/wp-content\/uploads\/2023\/10\/WhatsApp-Image-2023-10-24-at-11.19.15-768x576.jpeg 768w\" sizes=\"auto, (max-width: 1024px) 100vw, 1024px\" \/><\/figure>\n\n\n\n<figure class=\"wp-block-image size-large\"><img loading=\"lazy\" decoding=\"async\" width=\"1024\" height=\"768\" data-id=\"87411\" src=\"https:\/\/www.iispv.cat\/wp-content\/uploads\/2023\/10\/WhatsApp-Image-2023-10-24-at-11.19.00.jpeg\" alt=\"\" class=\"wp-image-87411\" srcset=\"https:\/\/www.iispv.cat\/wp-content\/uploads\/2023\/10\/WhatsApp-Image-2023-10-24-at-11.19.00.jpeg 1024w, https:\/\/www.iispv.cat\/wp-content\/uploads\/2023\/10\/WhatsApp-Image-2023-10-24-at-11.19.00-300x225.jpeg 300w, https:\/\/www.iispv.cat\/wp-content\/uploads\/2023\/10\/WhatsApp-Image-2023-10-24-at-11.19.00-768x576.jpeg 768w\" sizes=\"auto, (max-width: 1024px) 100vw, 1024px\" \/><\/figure>\n<\/figure>\n\n<p><strong>Reus, 25 d\u2019octubre de 2023<\/strong>. Prop de 130 nens i nenes i les seves fam\u00edlies van participar aquest dissabte a la jornada de portes obertes als nous laboratoris de recerca biom\u00e8dica de l\u2019Institut d\u2019Investigaci\u00f3 Sanit\u00e0ria Pere Virgili (IISPV), ubicats a l\u2019Hospital Universitari Sant Joan de Reus. La canalla va poder con\u00e8ixer de prop els projectes i estudis que lideren els investigadors i investigadores de l\u2019institut tot interactuant-hi a trav\u00e9s de diferents tallers divulgatius de ci\u00e8ncia impartits a les mateixes instal\u00b7lacions:<\/p>\n\n<ul class=\"wp-block-list\"><li>El <strong>Grup de Recerca de<\/strong> <strong>Neuroci\u00e8ncia Cl\u00ednica i Epidemiol\u00f2gica (Neuro\u00c8pia)<\/strong> va explicar de forma divulgativa als menuts el nou disseny d\u2019el\u00e8ctrodes que ha desenvolupat per poder monitoritzar la funci\u00f3 cerebral de nounats de manera constant i eficient.<\/li><li>El de <strong>Gen\u00e8tica i Ambient en Psiquiatria (GAP)<\/strong> va presentar-los un projecte dut a terme en el marc de la Marat\u00f3 de TV3 per investigar l\u2019esquizofr\u00e8nia.<\/li><li><strong>El Biobanc <\/strong>va organitzarun taller molt participatiu que els va permetre ser, per un dia, t\u00e8cnics i t\u00e8cniques de laboratori tot fent una de les activitats que formen part de la rutina d\u2019aquests professionals: l\u2019extracci\u00f3 d\u2019ADN. Tamb\u00e9 els varen explicar, tot fent \u00fas de joguines, la rellev\u00e0ncia dels estudis poblacionals que lideren i el seu paper en l\u2019\u00e0mbit de la recerca.<\/li><li><strong>El Grup de Recerca d\u2019Alimentaci\u00f3, Nutrici\u00f3, Desenvolupament i Salut Mental (ANUT-DSM) <\/strong>va oferir-los l\u2019oportunitat de veure en directe al microscopi una mostra fixada d\u2019espermatozous. I \u00e9s que, precisament, un dels estudis que porta a terme aquest grup (el LED-Fertyl, pel qual es busquen participants) t\u00e9 com a objectiu investigar com l\u2019estil de vida que portem pot afectar la qualitat esperm\u00e0tica.<\/li><li>A trav\u00e9s d\u2019imatges histol\u00f2giques reals de teixit hep\u00e0tic, la <strong>Unitat de Recerca Biom\u00e8dica<\/strong> va explicar els nens i a les nenes l\u2019esteatosi hep\u00e0tica no-alcoh\u00f2lica (una de les seves l\u00ednies d\u2019investigaci\u00f3), qu\u00e8 passa si deriva en una cirrosi i la possible aparici\u00f3, si aquesta es complica, d\u2019un hepatocarcinoma.<\/li><li>La <strong>Unitat de Recerca en Pediatria, Nutrici\u00f3 i Desenvolupament Hum\u00e0 (URPNDH)<\/strong> va fer conscients els menuts de la casa dels diferents contaminants mediambientals als quals estem exposats i de la import\u00e0ncia d\u2019estudiar-ho per con\u00e8ixer com afecten la salut (exposoma). El grup de recerca va impartir un divertit taller amb materials did\u00e0ctics dissenyats per alguns dels seus investigadors i investigadores. Cada infant havia de respondre a diferents preguntes relacionades amb els seus h\u00e0bits de vida i, en funci\u00f3 de la resposta, havien d\u2019afegir una quantitat determinada de gotes de diferents colorants a un pot. Finalment, aquest quedava m\u00e9s o menys tenyit amb una tonalitat de colors molt variada, fet que els permetia entendre\u00a0 com el fet de seguir un estil de vida o un altre pot exposar-nos a diversos elements contaminants.<\/li><\/ul>\n\n<p>La iniciativa s\u2019emmarca dins del programa d\u2019activitats de l\u2019IISPV per tal de donar a con\u00e8ixer la ci\u00e8ncia a la ciutadania i sensibilitzar sobre la import\u00e0ncia del paper de la investigaci\u00f3 en la millora de la salut. La recerca \u00e9s clau per prevenir i trobar la cura de malalties amb una elevada incid\u00e8ncia a la nostra societat.<\/p>\n\n<p>Els laboratoris de recerca biom\u00e8dica de l\u2019IISPV ubicats a l\u2019Hospital Sant Joan de Reus, de prop de 900 m\u00b2, donen cabuda a 4 \u00e0rees funcionals: la de treball d\u2019ordinador, la de cultius cel\u00b7lulars; la del Biobanc i el laboratori general. L\u2019objectiu d\u2019aquests espais, <a href=\"https:\/\/www.iispv.cat\/inaugurem-un-nou-laboratori-de-recerca-biomedica-a-lhospital-sant-joan-de-reus\/\">inaugurats el passat mes de mar\u00e7<\/a>, \u00e9s atraure el talent cient\u00edfic jove per contribuir a potenciar la innovaci\u00f3 en l\u2019\u00e0mbit de la recerca biom\u00e8dica liderada des de la Catalunya Sud.<\/p>\n\n<p><strong>Sobre l\u2019IISPV<\/strong><\/p>\n\n<p>M\u00e9s de 300 investigadors i investigadores formen part de l\u2019IISPV. Treballen tant als diferents centres sanitaris vinculats a la instituci\u00f3 (l\u2019Hospital Universitari Joan XXIII de Tarragona, l\u2019Hospital Universitari Sant Joan de Reus, l\u2019Hospital de Tortosa Verge de la Cinta i l\u2019hospital psiqui\u00e0tric Pere Mata), com als laboratoris com a la Universitat Rovira i Virgili (URV). L\u2019activitat de tots aquests investigadors i investigadores es desenvolupa en el marc dels Centres de recerca de Catalunya (CERCA). L\u2019entitat destaca en aquests \u00e0mbits de recerca: en el de les Malalties Metab\u00f2liques i Nutrici\u00f3, en el de la Infecci\u00f3, Immunitat i Medi Ambient, en el d\u2019Oncologia i en el de Neuroci\u00e8ncies i Salut Mental. Actualment, lidera i participa en m\u00e9s d\u2019un centenar de projectes.<\/p>\n","protected":false},"excerpt":{"rendered":"<p>La iniciativa t\u00e9 com a objectiu apropar la ci\u00e8ncia a la ciutadania i sensibilitzar aix\u00ed sobre la import\u00e0ncia de la investigaci\u00f3 per prevenir i trobar la cura de malalties amb una elevada incid\u00e8ncia a la nostra societat Reus, 25 d\u2019octubre de 2023. Prop de 130 nens i nenes i les seves fam\u00edlies van participar aquest [&hellip;]<\/p>\n","protected":false},"author":23,"featured_media":87409,"comment_status":"open","ping_status":"open","sticky":false,"template":"","format":"standard","meta":{"footnotes":""},"categories":[1830,1027],"tags":[],"class_list":["post-87425","post","type-post","status-publish","format-standard","has-post-thumbnail","hentry","category-notas-de-prensa","category-noticies-iispv-es"],"_links":{"self":[{"href":"https:\/\/www.iispv.cat\/es\/wp-json\/wp\/v2\/posts\/87425","targetHints":{"allow":["GET"]}}],"collection":[{"href":"https:\/\/www.iispv.cat\/es\/wp-json\/wp\/v2\/posts"}],"about":[{"href":"https:\/\/www.iispv.cat\/es\/wp-json\/wp\/v2\/types\/post"}],"author":[{"embeddable":true,"href":"https:\/\/www.iispv.cat\/es\/wp-json\/wp\/v2\/users\/23"}],"replies":[{"embeddable":true,"href":"https:\/\/www.iispv.cat\/es\/wp-json\/wp\/v2\/comments?post=87425"}],"version-history":[{"count":3,"href":"https:\/\/www.iispv.cat\/es\/wp-json\/wp\/v2\/posts\/87425\/revisions"}],"predecessor-version":[{"id":87457,"href":"https:\/\/www.iispv.cat\/es\/wp-json\/wp\/v2\/posts\/87425\/revisions\/87457"}],"wp:featuredmedia":[{"embeddable":true,"href":"https:\/\/www.iispv.cat\/es\/wp-json\/wp\/v2\/media\/87409"}],"wp:attachment":[{"href":"https:\/\/www.iispv.cat\/es\/wp-json\/wp\/v2\/media?parent=87425"}],"wp:term":[{"taxonomy":"category","embeddable":true,"href":"https:\/\/www.iispv.cat\/es\/wp-json\/wp\/v2\/categories?post=87425"},{"taxonomy":"post_tag","embeddable":true,"href":"https:\/\/www.iispv.cat\/es\/wp-json\/wp\/v2\/tags?post=87425"}],"curies":[{"name":"wp","href":"https:\/\/api.w.org\/{rel}","templated":true}]}}