{"id":85606,"date":"2023-07-28T07:03:26","date_gmt":"2023-07-28T06:03:26","guid":{"rendered":"https:\/\/www.iispv.cat\/?p=85606"},"modified":"2023-07-28T07:03:30","modified_gmt":"2023-07-28T06:03:30","slug":"las-personas-con-un-primer-episodio-psicotico-y-con-tdah-tienen-mas-sesgos-cognitivos","status":"publish","type":"post","link":"https:\/\/www.iispv.cat\/es\/las-personas-con-un-primer-episodio-psicotico-y-con-tdah-tienen-mas-sesgos-cognitivos\/","title":{"rendered":"Las personas con un primer episodio psic\u00f3tico y con TDAH tienen m\u00e1s sesgos cognitivos"},"content":{"rendered":"\n<ul class=\"wp-block-list\"><li>Lo concluye un estudio del IISPV y del Hospital Universitari Institut Pere Mata que permitir\u00e1 llevar a cabo tratamientos m\u00e1s personalizados<\/li><\/ul>\n\n\n<div class=\"wp-block-image\">\n<figure class=\"aligncenter size-large is-resized\"><img loading=\"lazy\" decoding=\"async\" src=\"https:\/\/www.iispv.cat\/wp-content\/uploads\/2023\/07\/Dra.-Vanessa-Sanchez-Gistau-769x1024.jpg\" alt=\"\" class=\"wp-image-85604\" width=\"312\" height=\"415\" srcset=\"https:\/\/www.iispv.cat\/wp-content\/uploads\/2023\/07\/Dra.-Vanessa-Sanchez-Gistau-769x1024.jpg 769w, https:\/\/www.iispv.cat\/wp-content\/uploads\/2023\/07\/Dra.-Vanessa-Sanchez-Gistau-225x300.jpg 225w, https:\/\/www.iispv.cat\/wp-content\/uploads\/2023\/07\/Dra.-Vanessa-Sanchez-Gistau-768x1023.jpg 768w, https:\/\/www.iispv.cat\/wp-content\/uploads\/2023\/07\/Dra.-Vanessa-Sanchez-Gistau-1153x1536.jpg 1153w, https:\/\/www.iispv.cat\/wp-content\/uploads\/2023\/07\/Dra.-Vanessa-Sanchez-Gistau-1538x2048.jpg 1538w, https:\/\/www.iispv.cat\/wp-content\/uploads\/2023\/07\/Dra.-Vanessa-Sanchez-Gistau.jpg 1838w\" sizes=\"auto, (max-width: 312px) 100vw, 312px\" \/><figcaption>Vanessa Sanchez-Gistau, psiquiatra y responsable del Equipo de Intervenci\u00f3n Precoz por Trastornos Psic\u00f3ticos Incipientes del Hospital Universitari Institut Pere Mata, es una de las investigadoras que ha participado en este estudio.<\/figcaption><\/figure><\/div>\n\n\n<p>Las personas que sufren un primer brote psic\u00f3tico y que previamente hab\u00edan sido diagnosticadas con un trastorno por d\u00e9ficit de atenci\u00f3n e hiperactividad (TDAH) tienen m\u00e1s sesgos cognitivos (condici\u00f3n que se da al producirse errores autom\u00e1ticos del procesamiento cognitivo y que tambi\u00e9n se conoce con el t\u00e9rmino de distorsi\u00f3n cognitiva). Lo concluye un estudio liderado por investigadoras e investigadores del Institut d\u2019Investigaci\u00f3 Sanit\u00e0ria Pere Virgili (IISPV) que forman parte del Equipo de Intervenci\u00f3n Precoz por Trastornos Psic\u00f3ticos Incipientes del Hospital Universitari Institut Pere Mata.<\/p>\n\n\n\n<p>Este grupo de investigaci\u00f3n ha comparado a personas con un primer episodio psic\u00f3tico y con TDAH y las que han sufrido este brote, pero que, en cambio, no ten\u00edan antecedentes de este trastorno. Esto les ha permitido identificar un subgrupo de personas con trastorno psic\u00f3tico y, por tanto, conocer as\u00ed sus caracter\u00edsticas.<\/p>\n\n\n\n<p>Vanessa Sanchez-Gistau, psiquiatra investigadora de este estudio y responsable del Equipo de Intervenci\u00f3n Precoz por Trastornos Psic\u00f3ticos Incipientes del Hospital Universitari Institut Pere Mata, explica que \u201cesto permitir\u00eda realizar unas intervenciones m\u00e1s espec\u00edficas en esta poblaci\u00f3n y evitar que la enfermedad pueda evolucionar hacia peor\u201d.<\/p>\n\n\n\n<p>En concreto, este grupo de investigaci\u00f3n ha encontrado que las distorsiones cognitivas que m\u00e1s sufren las personas de este subgrupo de pacientes con psicosis y TDAH son la de la intencionalizaci\u00f3n y la del razonamiento emocional. La primera -explica Vanessa S\u00e1nchez-Gistau- tiene que ver con que la persona \u201ctiende de forma autom\u00e1tica a interpretar las acciones de los dem\u00e1s como hechas de forma intencionada\u201d. La segunda consiste en \u201ctomar las propias emociones como una prueba de verdad absoluta; es decir, la tendencia a razonar en funci\u00f3n de c\u00f3mo la persona se siente en un momento determinado en lugar de basarse en la realidad objetiva\u201d.<\/p>\n\n\n\n<p>Este estudio permitir\u00e1 sentar las bases para abordar la psicosis de forma m\u00e1s personalizada. Concretamente, los y las investigadores sugieren que el tratamiento m\u00e1s apropiado para este tipo de pacientes es el que se conoce como metacognici\u00f3n: \u201cEs un tratamiento de psicoterapia que cambia o normaliza estos errores autom\u00e1ticos del procesamiento cognitivo. Es muy espec\u00edfico y ya ha sido validado para la psicosis\u201d, explica Vanessa S\u00e1nchez-Gistau.<\/p>\n\n\n\n<p><strong>Incidencia de la psicosis<\/strong><\/p>\n\n\n\n<p>Los primeros s\u00edntomas de la psicosis suelen aparecer entre los \u00faltimos a\u00f1os de la adolescencia y la primera etapa de la edad adulta. Se manifiesta, por tanto, durante la juventud. De ah\u00ed que intervenir a tiempo sea clave. Se calcula que el 4% de la poblaci\u00f3n mundial sufre alg\u00fan trastorno psic\u00f3tico. Intervenir desde el principio puede ayudar a mejorar la calidad de vida tanto del paciente como de su familia.<\/p>\n","protected":false},"excerpt":{"rendered":"<p>Lo concluye un estudio del IISPV y del Hospital Universitari Institut Pere Mata que permitir\u00e1 llevar a cabo tratamientos m\u00e1s personalizados Las personas que sufren un primer brote psic\u00f3tico y que previamente hab\u00edan sido diagnosticadas con un trastorno por d\u00e9ficit de atenci\u00f3n e hiperactividad (TDAH) tienen m\u00e1s sesgos cognitivos (condici\u00f3n que se da al producirse [&hellip;]<\/p>\n","protected":false},"author":18,"featured_media":85604,"comment_status":"open","ping_status":"open","sticky":false,"template":"","format":"standard","meta":{"footnotes":""},"categories":[1884,1403,1404,1405,1406,1408,1027,1407,2],"tags":[],"class_list":["post-85606","post","type-post","status-publish","format-standard","has-post-thumbnail","hentry","category-actualitat-es","category-asistencia-es","category-docencia-i-formacio-es","category-innovacio-es","category-institucional-es","category-investigacion","category-noticies-iispv-es","category-publicacions-es","category-sin-categorizar"],"_links":{"self":[{"href":"https:\/\/www.iispv.cat\/es\/wp-json\/wp\/v2\/posts\/85606","targetHints":{"allow":["GET"]}}],"collection":[{"href":"https:\/\/www.iispv.cat\/es\/wp-json\/wp\/v2\/posts"}],"about":[{"href":"https:\/\/www.iispv.cat\/es\/wp-json\/wp\/v2\/types\/post"}],"author":[{"embeddable":true,"href":"https:\/\/www.iispv.cat\/es\/wp-json\/wp\/v2\/users\/18"}],"replies":[{"embeddable":true,"href":"https:\/\/www.iispv.cat\/es\/wp-json\/wp\/v2\/comments?post=85606"}],"version-history":[{"count":2,"href":"https:\/\/www.iispv.cat\/es\/wp-json\/wp\/v2\/posts\/85606\/revisions"}],"predecessor-version":[{"id":85611,"href":"https:\/\/www.iispv.cat\/es\/wp-json\/wp\/v2\/posts\/85606\/revisions\/85611"}],"wp:featuredmedia":[{"embeddable":true,"href":"https:\/\/www.iispv.cat\/es\/wp-json\/wp\/v2\/media\/85604"}],"wp:attachment":[{"href":"https:\/\/www.iispv.cat\/es\/wp-json\/wp\/v2\/media?parent=85606"}],"wp:term":[{"taxonomy":"category","embeddable":true,"href":"https:\/\/www.iispv.cat\/es\/wp-json\/wp\/v2\/categories?post=85606"},{"taxonomy":"post_tag","embeddable":true,"href":"https:\/\/www.iispv.cat\/es\/wp-json\/wp\/v2\/tags?post=85606"}],"curies":[{"name":"wp","href":"https:\/\/api.w.org\/{rel}","templated":true}]}}