{"id":85558,"date":"2023-10-06T12:52:27","date_gmt":"2023-10-06T11:52:27","guid":{"rendered":"https:\/\/www.iispv.cat\/?p=85558"},"modified":"2023-10-06T13:24:23","modified_gmt":"2023-10-06T12:24:23","slug":"conoce-la-ciencia-con-do-tarragona","status":"publish","type":"post","link":"https:\/\/www.iispv.cat\/es\/conoce-la-ciencia-con-do-tarragona\/","title":{"rendered":"Ciencia con DO Tarragona"},"content":{"rendered":"\n<ul class=\"wp-block-list\"><li>El IISPV, con la colaboraci\u00f3n de la URV y de los centros de investigaci\u00f3n de la demarcaci\u00f3n (ICAC, IPHES e ICIQ), ha organizado las microcharlas divulgativas de ciencia \u201cRecerca per al canvi\u201d, en la Biblioteca Xavier Amor\u00f3s de Reus<\/li><li>Esta actividad se enmarca dentro del programa de la <a rel=\"noreferrer noopener\" href=\"https:\/\/diaridigital.urv.cat\/la-nit-europea-de-la-recerca-arriba-per-sise-any-a-tarragona-amb-record-dactivitats\/\" target=\"_blank\">Nit de la Recerca<\/a><\/li><\/ul>\n\n\n\n<figure class=\"wp-block-gallery has-nested-images columns-default is-cropped wp-block-gallery-1 is-layout-flex wp-block-gallery-is-layout-flex\">\n<figure class=\"wp-block-image size-large\"><img loading=\"lazy\" decoding=\"async\" width=\"2048\" height=\"1536\" data-id=\"86823\" src=\"https:\/\/www.iispv.cat\/wp-content\/uploads\/2023\/10\/10.jpeg\" alt=\"\" class=\"wp-image-86823\" srcset=\"https:\/\/www.iispv.cat\/wp-content\/uploads\/2023\/10\/10.jpeg 2048w, https:\/\/www.iispv.cat\/wp-content\/uploads\/2023\/10\/10-300x225.jpeg 300w, https:\/\/www.iispv.cat\/wp-content\/uploads\/2023\/10\/10-1024x768.jpeg 1024w, https:\/\/www.iispv.cat\/wp-content\/uploads\/2023\/10\/10-768x576.jpeg 768w, https:\/\/www.iispv.cat\/wp-content\/uploads\/2023\/10\/10-1536x1152.jpeg 1536w\" sizes=\"auto, (max-width: 2048px) 100vw, 2048px\" \/><\/figure>\n\n\n\n<figure class=\"wp-block-image size-large\"><img loading=\"lazy\" decoding=\"async\" width=\"2048\" height=\"1536\" data-id=\"86821\" src=\"https:\/\/www.iispv.cat\/wp-content\/uploads\/2023\/10\/8.jpeg\" alt=\"\" class=\"wp-image-86821\" srcset=\"https:\/\/www.iispv.cat\/wp-content\/uploads\/2023\/10\/8.jpeg 2048w, https:\/\/www.iispv.cat\/wp-content\/uploads\/2023\/10\/8-300x225.jpeg 300w, https:\/\/www.iispv.cat\/wp-content\/uploads\/2023\/10\/8-1024x768.jpeg 1024w, https:\/\/www.iispv.cat\/wp-content\/uploads\/2023\/10\/8-768x576.jpeg 768w, https:\/\/www.iispv.cat\/wp-content\/uploads\/2023\/10\/8-1536x1152.jpeg 1536w\" sizes=\"auto, (max-width: 2048px) 100vw, 2048px\" \/><\/figure>\n\n\n\n<figure class=\"wp-block-image size-large\"><img loading=\"lazy\" decoding=\"async\" width=\"2048\" height=\"1536\" data-id=\"86819\" src=\"https:\/\/www.iispv.cat\/wp-content\/uploads\/2023\/10\/9.jpeg\" alt=\"\" class=\"wp-image-86819\" srcset=\"https:\/\/www.iispv.cat\/wp-content\/uploads\/2023\/10\/9.jpeg 2048w, https:\/\/www.iispv.cat\/wp-content\/uploads\/2023\/10\/9-300x225.jpeg 300w, https:\/\/www.iispv.cat\/wp-content\/uploads\/2023\/10\/9-1024x768.jpeg 1024w, https:\/\/www.iispv.cat\/wp-content\/uploads\/2023\/10\/9-768x576.jpeg 768w, https:\/\/www.iispv.cat\/wp-content\/uploads\/2023\/10\/9-1536x1152.jpeg 1536w\" sizes=\"auto, (max-width: 2048px) 100vw, 2048px\" \/><\/figure>\n\n\n\n<figure class=\"wp-block-image size-large\"><img loading=\"lazy\" decoding=\"async\" width=\"2048\" height=\"1536\" data-id=\"86814\" src=\"https:\/\/www.iispv.cat\/wp-content\/uploads\/2023\/10\/7.jpeg\" alt=\"\" class=\"wp-image-86814\" srcset=\"https:\/\/www.iispv.cat\/wp-content\/uploads\/2023\/10\/7.jpeg 2048w, https:\/\/www.iispv.cat\/wp-content\/uploads\/2023\/10\/7-300x225.jpeg 300w, https:\/\/www.iispv.cat\/wp-content\/uploads\/2023\/10\/7-1024x768.jpeg 1024w, https:\/\/www.iispv.cat\/wp-content\/uploads\/2023\/10\/7-768x576.jpeg 768w, https:\/\/www.iispv.cat\/wp-content\/uploads\/2023\/10\/7-1536x1152.jpeg 1536w\" sizes=\"auto, (max-width: 2048px) 100vw, 2048px\" \/><\/figure>\n\n\n\n<figure class=\"wp-block-image size-large\"><img loading=\"lazy\" decoding=\"async\" width=\"2048\" height=\"1536\" data-id=\"86811\" src=\"https:\/\/www.iispv.cat\/wp-content\/uploads\/2023\/10\/6.jpeg\" alt=\"\" class=\"wp-image-86811\" srcset=\"https:\/\/www.iispv.cat\/wp-content\/uploads\/2023\/10\/6.jpeg 2048w, https:\/\/www.iispv.cat\/wp-content\/uploads\/2023\/10\/6-300x225.jpeg 300w, https:\/\/www.iispv.cat\/wp-content\/uploads\/2023\/10\/6-1024x768.jpeg 1024w, https:\/\/www.iispv.cat\/wp-content\/uploads\/2023\/10\/6-768x576.jpeg 768w, https:\/\/www.iispv.cat\/wp-content\/uploads\/2023\/10\/6-1536x1152.jpeg 1536w\" sizes=\"auto, (max-width: 2048px) 100vw, 2048px\" \/><\/figure>\n\n\n\n<figure class=\"wp-block-image size-large\"><img loading=\"lazy\" decoding=\"async\" width=\"2048\" height=\"1536\" data-id=\"86810\" src=\"https:\/\/www.iispv.cat\/wp-content\/uploads\/2023\/10\/4.jpeg\" alt=\"\" class=\"wp-image-86810\" srcset=\"https:\/\/www.iispv.cat\/wp-content\/uploads\/2023\/10\/4.jpeg 2048w, https:\/\/www.iispv.cat\/wp-content\/uploads\/2023\/10\/4-300x225.jpeg 300w, https:\/\/www.iispv.cat\/wp-content\/uploads\/2023\/10\/4-1024x768.jpeg 1024w, https:\/\/www.iispv.cat\/wp-content\/uploads\/2023\/10\/4-768x576.jpeg 768w, https:\/\/www.iispv.cat\/wp-content\/uploads\/2023\/10\/4-1536x1152.jpeg 1536w\" sizes=\"auto, (max-width: 2048px) 100vw, 2048px\" \/><\/figure>\n\n\n\n<figure class=\"wp-block-image size-large\"><img loading=\"lazy\" decoding=\"async\" width=\"2048\" height=\"1536\" data-id=\"86806\" src=\"https:\/\/www.iispv.cat\/wp-content\/uploads\/2023\/10\/3.jpeg\" alt=\"\" class=\"wp-image-86806\" srcset=\"https:\/\/www.iispv.cat\/wp-content\/uploads\/2023\/10\/3.jpeg 2048w, https:\/\/www.iispv.cat\/wp-content\/uploads\/2023\/10\/3-300x225.jpeg 300w, https:\/\/www.iispv.cat\/wp-content\/uploads\/2023\/10\/3-1024x768.jpeg 1024w, https:\/\/www.iispv.cat\/wp-content\/uploads\/2023\/10\/3-768x576.jpeg 768w, https:\/\/www.iispv.cat\/wp-content\/uploads\/2023\/10\/3-1536x1152.jpeg 1536w\" sizes=\"auto, (max-width: 2048px) 100vw, 2048px\" \/><\/figure>\n\n\n\n<figure class=\"wp-block-image size-large\"><img loading=\"lazy\" decoding=\"async\" width=\"2048\" height=\"1536\" data-id=\"86803\" src=\"https:\/\/www.iispv.cat\/wp-content\/uploads\/2023\/10\/5.jpeg\" alt=\"\" class=\"wp-image-86803\" srcset=\"https:\/\/www.iispv.cat\/wp-content\/uploads\/2023\/10\/5.jpeg 2048w, https:\/\/www.iispv.cat\/wp-content\/uploads\/2023\/10\/5-300x225.jpeg 300w, https:\/\/www.iispv.cat\/wp-content\/uploads\/2023\/10\/5-1024x768.jpeg 1024w, https:\/\/www.iispv.cat\/wp-content\/uploads\/2023\/10\/5-768x576.jpeg 768w, https:\/\/www.iispv.cat\/wp-content\/uploads\/2023\/10\/5-1536x1152.jpeg 1536w\" sizes=\"auto, (max-width: 2048px) 100vw, 2048px\" \/><\/figure>\n\n\n\n<figure class=\"wp-block-image size-large\"><img loading=\"lazy\" decoding=\"async\" width=\"2048\" height=\"1536\" data-id=\"86796\" src=\"https:\/\/www.iispv.cat\/wp-content\/uploads\/2023\/10\/2.jpeg\" alt=\"\" class=\"wp-image-86796\" srcset=\"https:\/\/www.iispv.cat\/wp-content\/uploads\/2023\/10\/2.jpeg 2048w, https:\/\/www.iispv.cat\/wp-content\/uploads\/2023\/10\/2-300x225.jpeg 300w, https:\/\/www.iispv.cat\/wp-content\/uploads\/2023\/10\/2-1024x768.jpeg 1024w, https:\/\/www.iispv.cat\/wp-content\/uploads\/2023\/10\/2-768x576.jpeg 768w, https:\/\/www.iispv.cat\/wp-content\/uploads\/2023\/10\/2-1536x1152.jpeg 1536w\" sizes=\"auto, (max-width: 2048px) 100vw, 2048px\" \/><\/figure>\n<\/figure>\n\n\n\n<figure class=\"wp-block-image size-large\"><img loading=\"lazy\" decoding=\"async\" width=\"1024\" height=\"768\" src=\"https:\/\/www.iispv.cat\/wp-content\/uploads\/2023\/10\/1-1024x768.jpeg\" alt=\"\" class=\"wp-image-86804\" srcset=\"https:\/\/www.iispv.cat\/wp-content\/uploads\/2023\/10\/1-1024x768.jpeg 1024w, https:\/\/www.iispv.cat\/wp-content\/uploads\/2023\/10\/1-300x225.jpeg 300w, https:\/\/www.iispv.cat\/wp-content\/uploads\/2023\/10\/1-768x576.jpeg 768w, https:\/\/www.iispv.cat\/wp-content\/uploads\/2023\/10\/1-1536x1152.jpeg 1536w, https:\/\/www.iispv.cat\/wp-content\/uploads\/2023\/10\/1.jpeg 2048w\" sizes=\"auto, (max-width: 1024px) 100vw, 1024px\" \/><figcaption>Imagen de todos los investigadores e investigadoras participantes en la edici\u00f3n de 2023 de las microcharlas divulgativas de ciencia \u201cRecerca per al canvi\u201d, en la Biblioteca Xavier Amor\u00f3s de Reus.<\/figcaption><\/figure>\n\n\n\n<div class=\"wp-block-media-text alignwide is-stacked-on-mobile\" style=\"grid-template-columns:26% auto\"><figure class=\"wp-block-media-text__media\"><img loading=\"lazy\" decoding=\"async\" width=\"1024\" height=\"768\" src=\"https:\/\/www.iispv.cat\/wp-content\/uploads\/2023\/07\/Marta-Montagut-Calvo--1024x768.jpg\" alt=\"\" class=\"wp-image-85518 size-full\" srcset=\"https:\/\/www.iispv.cat\/wp-content\/uploads\/2023\/07\/Marta-Montagut-Calvo--1024x768.jpg 1024w, https:\/\/www.iispv.cat\/wp-content\/uploads\/2023\/07\/Marta-Montagut-Calvo--300x225.jpg 300w, https:\/\/www.iispv.cat\/wp-content\/uploads\/2023\/07\/Marta-Montagut-Calvo--768x576.jpg 768w, https:\/\/www.iispv.cat\/wp-content\/uploads\/2023\/07\/Marta-Montagut-Calvo--1536x1153.jpg 1536w, https:\/\/www.iispv.cat\/wp-content\/uploads\/2023\/07\/Marta-Montagut-Calvo--2048x1537.jpg 2048w\" sizes=\"auto, (max-width: 1024px) 100vw, 1024px\" \/><\/figure><div class=\"wp-block-media-text__content\">\n<p><strong>\u201cFake news\u201d y discurso de odio: c\u00f3mo detectarlo, c\u00f3mo combatirlo\u201d<\/strong>, a cargo de la <strong>Dra. Marta Montagut Calvo<\/strong>, investigadora del Departament d&#8217;Estudis de Comunicaci\u00f3 de la URV.<\/p>\n<\/div><\/div>\n\n\n\n<div style=\"height:21px\" aria-hidden=\"true\" class=\"wp-block-spacer\"><\/div>\n\n\n\n<div class=\"wp-block-media-text alignwide is-stacked-on-mobile\" style=\"grid-template-columns:26% auto\"><figure class=\"wp-block-media-text__media\"><img loading=\"lazy\" decoding=\"async\" width=\"1024\" height=\"768\" src=\"https:\/\/www.iispv.cat\/wp-content\/uploads\/2023\/08\/Laia-Gutierrez-1024x768.jpg\" alt=\"\" class=\"wp-image-85896 size-full\" srcset=\"https:\/\/www.iispv.cat\/wp-content\/uploads\/2023\/08\/Laia-Gutierrez-1024x768.jpg 1024w, https:\/\/www.iispv.cat\/wp-content\/uploads\/2023\/08\/Laia-Gutierrez-300x225.jpg 300w, https:\/\/www.iispv.cat\/wp-content\/uploads\/2023\/08\/Laia-Gutierrez-768x576.jpg 768w, https:\/\/www.iispv.cat\/wp-content\/uploads\/2023\/08\/Laia-Gutierrez.jpg 1472w\" sizes=\"auto, (max-width: 1024px) 100vw, 1024px\" \/><\/figure><div class=\"wp-block-media-text__content\">\n<p><strong>\u201cCuida tu cerebro y tu cerebro cuidar\u00e1 de ti\u00bb<\/strong>, a cargo de <strong>Laia Guti\u00e9rrez<\/strong>, investigadora predoctoral del Grupo de Investigaci\u00f3n en Nutrici\u00f3n y Salud Metab\u00f3lica (NuMeH) del IISPV-URV.<\/p>\n<\/div><\/div>\n\n\n\n<div style=\"height:21px\" aria-hidden=\"true\" class=\"wp-block-spacer\"><\/div>\n\n\n\n<div class=\"wp-block-media-text alignwide is-stacked-on-mobile\" style=\"grid-template-columns:26% auto\"><figure class=\"wp-block-media-text__media\"><img loading=\"lazy\" decoding=\"async\" width=\"803\" height=\"1024\" src=\"https:\/\/www.iispv.cat\/wp-content\/uploads\/2023\/07\/Katherine-Villa-Gomez-pe-803x1024.jpg\" alt=\"\" class=\"wp-image-85527 size-full\" srcset=\"https:\/\/www.iispv.cat\/wp-content\/uploads\/2023\/07\/Katherine-Villa-Gomez-pe-803x1024.jpg 803w, https:\/\/www.iispv.cat\/wp-content\/uploads\/2023\/07\/Katherine-Villa-Gomez-pe-235x300.jpg 235w, https:\/\/www.iispv.cat\/wp-content\/uploads\/2023\/07\/Katherine-Villa-Gomez-pe-768x980.jpg 768w, https:\/\/www.iispv.cat\/wp-content\/uploads\/2023\/07\/Katherine-Villa-Gomez-pe-1204x1536.jpg 1204w, https:\/\/www.iispv.cat\/wp-content\/uploads\/2023\/07\/Katherine-Villa-Gomez-pe-1606x2048.jpg 1606w, https:\/\/www.iispv.cat\/wp-content\/uploads\/2023\/07\/Katherine-Villa-Gomez-pe-scaled.jpg 2007w\" sizes=\"auto, (max-width: 803px) 100vw, 803px\" \/><\/figure><div class=\"wp-block-media-text__content\">\n<p><strong>\u201cNanorobots para descontaminar el agua\u201d<\/strong>, a cargo de la <strong>Dra. Katherine Villa<\/strong>, investigadora <em>leader group<\/em> de Materiales Avanzados Fotocatal\u00edticos, del Institut Catal\u00e0 d&#8217;Investigaci\u00f3 Qu\u00edmica (ICIQ).<\/p>\n<\/div><\/div>\n\n\n\n<div style=\"height:21px\" aria-hidden=\"true\" class=\"wp-block-spacer\"><\/div>\n\n\n\n<div class=\"wp-block-media-text alignwide is-stacked-on-mobile\" style=\"grid-template-columns:26% auto\"><figure class=\"wp-block-media-text__media\"><img loading=\"lazy\" decoding=\"async\" width=\"340\" height=\"317\" src=\"https:\/\/www.iispv.cat\/wp-content\/uploads\/2023\/07\/Diana-Gorostidi-Pi-petita.jpg\" alt=\"\" class=\"wp-image-85543 size-full\" srcset=\"https:\/\/www.iispv.cat\/wp-content\/uploads\/2023\/07\/Diana-Gorostidi-Pi-petita.jpg 340w, https:\/\/www.iispv.cat\/wp-content\/uploads\/2023\/07\/Diana-Gorostidi-Pi-petita-300x280.jpg 300w\" sizes=\"auto, (max-width: 340px) 100vw, 340px\" \/><\/figure><div class=\"wp-block-media-text__content\">\n<p><strong>\u201cDe la letra y de la piedra. Di\u00e1logos con los romanos a pie de calle\u201d<\/strong>, a cargo de <strong>Diana Gorostidi Pi<\/strong>, profesora de la URV e investigadora coordinadora del Grupo de Investigaci\u00f3n Arqueometr\u00eda y Producciones Art\u00edsticas (ArPA&amp;LIRA) del Institut Catal\u00e0 d&#8217;Arqueologia Cl\u00e0ssica (ICAC).<\/p>\n<\/div><\/div>\n\n\n\n<div style=\"height:21px\" aria-hidden=\"true\" class=\"wp-block-spacer\"><\/div>\n\n\n\n<div class=\"wp-block-media-text alignwide is-stacked-on-mobile\" style=\"grid-template-columns:26% auto\"><figure class=\"wp-block-media-text__media\"><img loading=\"lazy\" decoding=\"async\" width=\"495\" height=\"495\" src=\"https:\/\/www.iispv.cat\/wp-content\/uploads\/2021\/05\/jordi-julvez-calvo.jpg\" alt=\"Jordi J\u00falvez Calvo\" class=\"wp-image-68934 size-full\" srcset=\"https:\/\/www.iispv.cat\/wp-content\/uploads\/2021\/05\/jordi-julvez-calvo.jpg 495w, https:\/\/www.iispv.cat\/wp-content\/uploads\/2021\/05\/jordi-julvez-calvo-300x300.jpg 300w, https:\/\/www.iispv.cat\/wp-content\/uploads\/2021\/05\/jordi-julvez-calvo-150x150.jpg 150w\" sizes=\"auto, (max-width: 495px) 100vw, 495px\" \/><\/figure><div class=\"wp-block-media-text__content\">\n<p><strong>\u201c\u00bfC\u00f3mo influye nuestro entorno en la salud mental?\u201d<\/strong>, a cargo de <strong>Jordi J\u00falvez<\/strong>, investigador responsable del Grupo de Investigaci\u00f3n Neur\u00c8pia (IISPV) y <strong>Adriadna Pinar<\/strong>, investigadora predoctoral del Grupo de Investigaci\u00f3n Neur\u00c8pia (IISPV).<\/p>\n<\/div><\/div>\n\n\n\n<div style=\"height:21px\" aria-hidden=\"true\" class=\"wp-block-spacer\"><\/div>\n\n\n\n<div class=\"wp-block-media-text alignwide is-stacked-on-mobile\" style=\"grid-template-columns:26% auto\"><figure class=\"wp-block-media-text__media\"><img loading=\"lazy\" decoding=\"async\" width=\"816\" height=\"612\" src=\"https:\/\/www.iispv.cat\/wp-content\/uploads\/2023\/07\/Juan-Manuel-Lopez-.jpg\" alt=\"\" class=\"wp-image-85530 size-full\" srcset=\"https:\/\/www.iispv.cat\/wp-content\/uploads\/2023\/07\/Juan-Manuel-Lopez-.jpg 816w, https:\/\/www.iispv.cat\/wp-content\/uploads\/2023\/07\/Juan-Manuel-Lopez--300x225.jpg 300w, https:\/\/www.iispv.cat\/wp-content\/uploads\/2023\/07\/Juan-Manuel-Lopez--768x576.jpg 768w\" sizes=\"auto, (max-width: 816px) 100vw, 816px\" \/><\/figure><div class=\"wp-block-media-text__content\">\n<p><strong>\u201cUn mundo en miniatura: la microfauna de Atapuerca\u201d<\/strong>, a cargo de <strong>Juan Manuel L\u00f3pez-Garc\u00eda<\/strong>, investigador del Grupo de Investigaci\u00f3n Paleoecolog\u00eda del Plioceno y Pleistoceno y Dispersiones Humanas, del Institut Catal\u00e0 de Paleoecologia Humana i Evoluci\u00f3 Social (IPHES).<\/p>\n<\/div><\/div>\n\n\n\n<div style=\"height:21px\" aria-hidden=\"true\" class=\"wp-block-spacer\"><\/div>\n\n\n\n<div class=\"wp-block-media-text alignwide is-stacked-on-mobile\" style=\"grid-template-columns:26% auto\"><figure class=\"wp-block-media-text__media\"><img loading=\"lazy\" decoding=\"async\" width=\"961\" height=\"978\" src=\"https:\/\/www.iispv.cat\/wp-content\/uploads\/2023\/07\/Judit-Queral-curta.jpg\" alt=\"\" class=\"wp-image-85536 size-full\" srcset=\"https:\/\/www.iispv.cat\/wp-content\/uploads\/2023\/07\/Judit-Queral-curta.jpg 961w, https:\/\/www.iispv.cat\/wp-content\/uploads\/2023\/07\/Judit-Queral-curta-295x300.jpg 295w, https:\/\/www.iispv.cat\/wp-content\/uploads\/2023\/07\/Judit-Queral-curta-768x782.jpg 768w\" sizes=\"auto, (max-width: 961px) 100vw, 961px\" \/><\/figure><div class=\"wp-block-media-text__content\">\n<p><strong>\u201cLa ciencia es de adolescentes para adolescentes\u201d<\/strong>, a cargo de <strong>Judit Queral A\u00f1\u00f3<\/strong>, investigadora predoctoral del proyecto SEEDS liderado por el IISPV, y <strong>Mohamed Aissoui<\/strong>, alumno del Institut Gaud\u00ed de Reus, que ha participado en el proyecto.<\/p>\n<\/div><\/div>\n\n\n\n<div style=\"height:21px\" aria-hidden=\"true\" class=\"wp-block-spacer\"><\/div>\n\n\n\n<div class=\"wp-block-media-text alignwide is-stacked-on-mobile\" style=\"grid-template-columns:26% auto\"><figure class=\"wp-block-media-text__media\"><img loading=\"lazy\" decoding=\"async\" width=\"512\" height=\"512\" src=\"https:\/\/www.iispv.cat\/wp-content\/uploads\/2020\/10\/Josep-Ribalta.jpg\" alt=\"\" class=\"wp-image-85362 size-full\" srcset=\"https:\/\/www.iispv.cat\/wp-content\/uploads\/2020\/10\/Josep-Ribalta.jpg 512w, https:\/\/www.iispv.cat\/wp-content\/uploads\/2020\/10\/Josep-Ribalta-300x300.jpg 300w, https:\/\/www.iispv.cat\/wp-content\/uploads\/2020\/10\/Josep-Ribalta-150x150.jpg 150w\" sizes=\"auto, (max-width: 512px) 100vw, 512px\" \/><\/figure><div class=\"wp-block-media-text__content\">\n<p><strong>\u201cColesterol, tr\u00e1fico y extraterrestres\u201d<\/strong>, a cargo de <strong>Josep Ribalta Vives<\/strong>, investigador del Departamento de Medicina y Cirug\u00eda de la URV y de la Unidad de Investigaci\u00f3n en L\u00edpidos y Arteriosclerosis (URLA) del IISPV.<\/p>\n<\/div><\/div>\n\n\n\n<div style=\"height:30px\" aria-hidden=\"true\" class=\"wp-block-spacer\"><\/div>\n\n\n\n<p>Esta actividad se enmarca dentro del programa de actos de la <a rel=\"noreferrer noopener\" href=\"https:\/\/diaridigital.urv.cat\/la-nit-europea-de-la-recerca-arriba-per-sise-any-a-tarragona-amb-record-dactivitats\/\" target=\"_blank\">Nit Europea de la Recerca<\/a>. Una de las actividades que se han llevado a cabo en el programa de la <em>Nit<\/em> es la organizaci\u00f3n de diferentes talleres de ciencia dirigidos a las familias, en la plaza Corsini de Tarragona. En ella participaron m\u00e1s de 300 investigadores e investigadoras y 3.000 personas.<\/p>\n","protected":false},"excerpt":{"rendered":"<p>El IISPV, con la colaboraci\u00f3n de la URV y de los centros de investigaci\u00f3n de la demarcaci\u00f3n (ICAC, IPHES e ICIQ), ha organizado las microcharlas divulgativas de ciencia \u201cRecerca per al canvi\u201d, en la Biblioteca Xavier Amor\u00f3s de Reus Esta actividad se enmarca dentro del programa de la Nit de la Recerca \u201cFake news\u201d y [&hellip;]<\/p>\n","protected":false},"author":23,"featured_media":86804,"comment_status":"open","ping_status":"open","sticky":false,"template":"","format":"standard","meta":{"footnotes":""},"categories":[1884,1404,1830,1027],"tags":[],"class_list":["post-85558","post","type-post","status-publish","format-standard","has-post-thumbnail","hentry","category-actualitat-es","category-docencia-i-formacio-es","category-notas-de-prensa","category-noticies-iispv-es"],"_links":{"self":[{"href":"https:\/\/www.iispv.cat\/es\/wp-json\/wp\/v2\/posts\/85558","targetHints":{"allow":["GET"]}}],"collection":[{"href":"https:\/\/www.iispv.cat\/es\/wp-json\/wp\/v2\/posts"}],"about":[{"href":"https:\/\/www.iispv.cat\/es\/wp-json\/wp\/v2\/types\/post"}],"author":[{"embeddable":true,"href":"https:\/\/www.iispv.cat\/es\/wp-json\/wp\/v2\/users\/23"}],"replies":[{"embeddable":true,"href":"https:\/\/www.iispv.cat\/es\/wp-json\/wp\/v2\/comments?post=85558"}],"version-history":[{"count":5,"href":"https:\/\/www.iispv.cat\/es\/wp-json\/wp\/v2\/posts\/85558\/revisions"}],"predecessor-version":[{"id":86837,"href":"https:\/\/www.iispv.cat\/es\/wp-json\/wp\/v2\/posts\/85558\/revisions\/86837"}],"wp:featuredmedia":[{"embeddable":true,"href":"https:\/\/www.iispv.cat\/es\/wp-json\/wp\/v2\/media\/86804"}],"wp:attachment":[{"href":"https:\/\/www.iispv.cat\/es\/wp-json\/wp\/v2\/media?parent=85558"}],"wp:term":[{"taxonomy":"category","embeddable":true,"href":"https:\/\/www.iispv.cat\/es\/wp-json\/wp\/v2\/categories?post=85558"},{"taxonomy":"post_tag","embeddable":true,"href":"https:\/\/www.iispv.cat\/es\/wp-json\/wp\/v2\/tags?post=85558"}],"curies":[{"name":"wp","href":"https:\/\/api.w.org\/{rel}","templated":true}]}}