{"id":70778,"date":"2023-02-27T10:34:21","date_gmt":"2023-02-27T09:34:21","guid":{"rendered":"https:\/\/www.iispv.cat\/?p=70778"},"modified":"2023-02-27T10:50:41","modified_gmt":"2023-02-27T09:50:41","slug":"como-se-asocia-la-dieta-mediterranea-con-un-menor-deterioro-cognitivo-y-un-menor-riesgo-de-desarrollar-la-enfermedad-del-alzheimer","status":"publish","type":"post","link":"https:\/\/www.iispv.cat\/es\/como-se-asocia-la-dieta-mediterranea-con-un-menor-deterioro-cognitivo-y-un-menor-riesgo-de-desarrollar-la-enfermedad-del-alzheimer\/","title":{"rendered":"\u00bfC\u00f3mo se asocia la dieta mediterr\u00e1nea con un menor deterioro cognitivo y un menor riesgo de desarrollar la enfermedad del Alzheimer?"},"content":{"rendered":"\n<p><strong>Un nuevo estudio financiado por el Programa Internacional de Becas de Investigaci\u00f3n de la Asociaci\u00f3n de Alzheimer tratar\u00e1 de responder a esta pregunta<\/strong><\/p>\n\n\n<div class=\"wp-block-image\">\n<figure class=\"aligncenter size-full is-resized\"><img loading=\"lazy\" decoding=\"async\" src=\"https:\/\/www.iispv.cat\/wp-content\/uploads\/2023\/02\/Christopher-Papandreou.jpg\" alt=\"\" class=\"wp-image-70779\" width=\"376\" height=\"463\" srcset=\"https:\/\/www.iispv.cat\/wp-content\/uploads\/2023\/02\/Christopher-Papandreou.jpg 685w, https:\/\/www.iispv.cat\/wp-content\/uploads\/2023\/02\/Christopher-Papandreou-243x300.jpg 243w\" sizes=\"auto, (max-width: 376px) 100vw, 376px\" \/><figcaption>Christopher Papandreou (PhD), investigador principal del proyecto.<\/figcaption><\/figure><\/div>\n\n\n<p>\u00abExiste una evidencia sustancial que respalda que la dieta mediterr\u00e1nea (DM) est\u00e1 relacionada con tasas m\u00e1s lentas del deterioro cognitivo y con un menor riesgo de la enfermedad de Alzheimer (EA). Sin embargo, los mecanismos que explican las asociaciones antes mencionadas a\u00fan se desconocen\u00bb, afirma Christopher Papandreou (PhD), investigador principal del proyecto y miembro del Grupo de Investigaci\u00f3n en Nutrici\u00f3n y Salud Metab\u00f3lica (NuMeH) del Institut d&#8217;Investigaci\u00f3 Sanit\u00e0ria Pere Virgili (IISPV).<\/p>\n\n\n\n<p>La hip\u00f3tesis de investigaci\u00f3n es que los perfiles de metabolitos que reflejan la adherencia a la dieta mediterr\u00e1nea y capturan la respuesta metab\u00f3lica a este patr\u00f3n diet\u00e9tico son consistentes con un perfil generalmente beneficioso para la cognici\u00f3n.<\/p>\n\n\n\n<p>El objetivo de este proyecto es identificar grupos de peque\u00f1as mol\u00e9culas sangu\u00edneas (metabolitos) relacionados con la dieta mediterr\u00e1nea y examinar sus asociaciones con el cambio cognitivo y la EA.<\/p>\n\n\n\n<p>Este estudio, en colaboraci\u00f3n con la Cl\u00ednica de Trastornos Cognitivos del Hospital Aeginition de la Universidad Nacional y Kapodistriana de Atenas (Grecia), y el Departamento de Higiene y Epidemiolog\u00eda de la Universidad de Ioannina (Grecia), representa una gran oportunidad para contribuir a incrementar el conocimiento sobre los procesos metab\u00f3licos relacionados con la dieta mediterr\u00e1nea que influyen en la funci\u00f3n cognitiva, la neurodegeneraci\u00f3n y el desarrollo de la EA.<\/p>\n\n\n\n<p>Con este estudio, los investigadores del grupo NuMeH (liderado por la Prof. M\u00f2nica Bull\u00f3) y del Grupo de Neurociencia Cl\u00ednica y Epidemiol\u00f3gica (Neuro\u00c8pia, liderado por el Dr. Jordi J\u00falvez) aportar\u00e1n toda la experiencia adquirida durante a\u00f1os de investigaci\u00f3n en nutrici\u00f3n, metabolismo y epidemiolog\u00eda\/estad\u00edstica avanzada. El objetivo es avanzar en la comprensi\u00f3n de los mecanismos subyacentes a los beneficios de la dieta mediterr\u00e1nea en la cognici\u00f3n a trav\u00e9s de la metabol\u00f3mica. Tambi\u00e9n se pretende fortalecer la evidencia observacional existente, brindando un mayor apoyo a las recomendaciones de salud p\u00fablica sobre la prevenci\u00f3n diet\u00e9tica del deterioro cognitivo y la enfermedad de Alzheimer.<\/p>\n","protected":false},"excerpt":{"rendered":"<p>Un nuevo estudio financiado por el Programa Internacional de Becas de Investigaci\u00f3n de la Asociaci\u00f3n de Alzheimer tratar\u00e1 de responder a esta pregunta \u00abExiste una evidencia sustancial que respalda que la dieta mediterr\u00e1nea (DM) est\u00e1 relacionada con tasas m\u00e1s lentas del deterioro cognitivo y con un menor riesgo de la enfermedad de Alzheimer (EA). Sin [&hellip;]<\/p>\n","protected":false},"author":18,"featured_media":70779,"comment_status":"open","ping_status":"open","sticky":false,"template":"","format":"standard","meta":{"footnotes":""},"categories":[1403,1404,1406],"tags":[],"class_list":["post-70778","post","type-post","status-publish","format-standard","has-post-thumbnail","hentry","category-asistencia-es","category-docencia-i-formacio-es","category-institucional-es"],"_links":{"self":[{"href":"https:\/\/www.iispv.cat\/es\/wp-json\/wp\/v2\/posts\/70778","targetHints":{"allow":["GET"]}}],"collection":[{"href":"https:\/\/www.iispv.cat\/es\/wp-json\/wp\/v2\/posts"}],"about":[{"href":"https:\/\/www.iispv.cat\/es\/wp-json\/wp\/v2\/types\/post"}],"author":[{"embeddable":true,"href":"https:\/\/www.iispv.cat\/es\/wp-json\/wp\/v2\/users\/18"}],"replies":[{"embeddable":true,"href":"https:\/\/www.iispv.cat\/es\/wp-json\/wp\/v2\/comments?post=70778"}],"version-history":[{"count":1,"href":"https:\/\/www.iispv.cat\/es\/wp-json\/wp\/v2\/posts\/70778\/revisions"}],"predecessor-version":[{"id":70782,"href":"https:\/\/www.iispv.cat\/es\/wp-json\/wp\/v2\/posts\/70778\/revisions\/70782"}],"wp:featuredmedia":[{"embeddable":true,"href":"https:\/\/www.iispv.cat\/es\/wp-json\/wp\/v2\/media\/70779"}],"wp:attachment":[{"href":"https:\/\/www.iispv.cat\/es\/wp-json\/wp\/v2\/media?parent=70778"}],"wp:term":[{"taxonomy":"category","embeddable":true,"href":"https:\/\/www.iispv.cat\/es\/wp-json\/wp\/v2\/categories?post=70778"},{"taxonomy":"post_tag","embeddable":true,"href":"https:\/\/www.iispv.cat\/es\/wp-json\/wp\/v2\/tags?post=70778"}],"curies":[{"name":"wp","href":"https:\/\/api.w.org\/{rel}","templated":true}]}}