{"id":70725,"date":"2023-02-23T13:03:27","date_gmt":"2023-02-23T12:03:27","guid":{"rendered":"https:\/\/www.iispv.cat\/?p=70725"},"modified":"2023-02-23T13:03:28","modified_gmt":"2023-02-23T12:03:28","slug":"el-dr-joan-lluis-borras-recibe-la-medalla-josep-trueta-al-merito-sanitario","status":"publish","type":"post","link":"https:\/\/www.iispv.cat\/es\/el-dr-joan-lluis-borras-recibe-la-medalla-josep-trueta-al-merito-sanitario\/","title":{"rendered":"El Dr. Joan Llu\u00eds Borr\u00e0s recibe la Medalla Josep Trueta al M\u00e9rito Sanitario"},"content":{"rendered":"\n<p><strong>Fue el creador, en 1979, del Servicio de Oncolog\u00eda del Hospital Universitari Sant Joan de Reus y tambi\u00e9n del Registro de C\u00e1ncer de Tarragona. Adem\u00e1s, fue cofundador de la Liga Contra del C\u00e1ncer de Tarragona y de les Terres de l\u2019Ebre<\/strong><\/p>\n\n\n<div class=\"wp-block-image\">\n<figure class=\"aligncenter size-large is-resized\"><img loading=\"lazy\" decoding=\"async\" src=\"https:\/\/www.iispv.cat\/wp-content\/uploads\/2023\/02\/Foto-1024x796.jpeg\" alt=\"Al centre de la imatge, el Dr. Joan Llu\u00eds Borr\u00e0s Balada.\" class=\"wp-image-70723\" width=\"574\" height=\"445\" srcset=\"https:\/\/www.iispv.cat\/wp-content\/uploads\/2023\/02\/Foto-1024x796.jpeg 1024w, https:\/\/www.iispv.cat\/wp-content\/uploads\/2023\/02\/Foto-300x233.jpeg 300w, https:\/\/www.iispv.cat\/wp-content\/uploads\/2023\/02\/Foto-768x597.jpeg 768w, https:\/\/www.iispv.cat\/wp-content\/uploads\/2023\/02\/Foto.jpeg 1149w\" sizes=\"auto, (max-width: 574px) 100vw, 574px\" \/><figcaption>En el centro de la imagen, el Dr. Joan Llu\u00eds Borr\u00e0s Balada.<\/figcaption><\/figure><\/div>\n\n\n<p>El Dr. Joan Llu\u00eds Borr\u00e0s Balada (Tortosa, 1948), actual director adjunto del Instituto de Oncolog\u00eda de la Catalunya Sud (IOCS) del Hospital Universitari Sant Joan de Reus, recibi\u00f3 ayer mi\u00e9rcoles, 22 de febrero en el Palacio de la Generalitat, la Medalla Josep Trueta al M\u00e9rito Sanitario. Esta distinci\u00f3n, que otorga la Generalitat de Catalu\u00f1a, honra a las personas y entidades que como \u00e9l han destacado de manera significativa por los servicios hacia el progreso y la mejora de la sanidad.<\/p>\n\n\n\n<p>El Dr. Borr\u00e0s ha dedicado su vida profesional a la atenci\u00f3n oncol\u00f3gica, a su organizaci\u00f3n y a la gesti\u00f3n, a la docencia y a la investigaci\u00f3n, desde una perspectiva territorial, de las comarcas de Tarragona y de las Terres de l\u2019Ebre.<\/p>\n\n\n\n<p>En este sentido, en 1979 cre\u00f3 el Servicio de Oncolog\u00eda del Hospital Universitari Sant Joan de Reus y tambi\u00e9n colabor\u00f3 \u200b\u200ben la gesti\u00f3n del propio hospital como director m\u00e9dico (1989-1991) y como subdirector m\u00e9dico (1994-1998).<\/p>\n\n\n\n<p>De su formaci\u00f3n profesional y acad\u00e9mica destaca su tesis doctoral (Incidencia del c\u00e1ncer en Tarragona, 1980-1989), fruto de la investigaci\u00f3n epidemiol\u00f3gica a partir del Registro de C\u00e1ncer de Tarragona (RCT), que \u00e9l fund\u00f3 y del que fue su director (1980-2008). Este fue el primer Registro de C\u00e1ncer de Catalu\u00f1a con datos de base poblacional desde 1980, y reconocido por la OMS (1985: Cancer Incidence in Five Continents). A nivel estatal, fue el tercero, despu\u00e9s de Navarra y Zaragoza.<\/p>\n\n\n\n<p><strong>Impulso de la docencia y la investigaci\u00f3n<\/strong><\/p>\n\n\n\n<p>En la Universidad Rovira i Virgili ha sido profesor asociado (1994-1998) y profesor titular de universidad durante 20 a\u00f1os (1998-2018). En 2016 se le concedi\u00f3 el reconocimiento de excelencia docente. Durante estos a\u00f1os, m\u00e1s de 2.000 estudiantes se han formado en su asignatura de oncolog\u00eda.<\/p>\n\n\n\n<p>Respecto a la investigaci\u00f3n y producci\u00f3n cient\u00edfica y acad\u00e9mica, es autor de 115 publicaciones cient\u00edficas en revistas y libros, nacionales, estatales e internacionales. Ha sido director de siete tesis doctorales <em>cum laude<\/em> y ha sido el responsable de varios grupos de investigaci\u00f3n en el Institut d\u2019Investigaci\u00f3 Sanit\u00e0ria Pere Virgili (IISPV) y en la Universidad Rovira i Virgili.<\/p>\n\n\n\n<p>Dentro de los logros alcanzados desde la creaci\u00f3n del Servicio de Oncolog\u00eda, el actual IOCS, ha liderado la estructuraci\u00f3n de un centro monogr\u00e1fico integral de c\u00e1ncer que comprende oncolog\u00eda m\u00e9dica, oncolog\u00eda radioter\u00e1pica, la Unidad de Cuidados Paliativos Oncol\u00f3gicos, la Unidad de Psicooncolog\u00eda, la Unidad de Consejo Gen\u00e9tico, la Unidad de Investigaci\u00f3n Cl\u00ednica con Gesti\u00f3n Espec\u00edfica de Nuevos F\u00e1rmacos, la Unidad de Patolog\u00eda Molecular Oncol\u00f3gica y la Unidad Administrativa y de Coordinaci\u00f3n Oncol\u00f3gica de \u00c1mbito Territorial.<\/p>\n\n\n\n<p>Como participaci\u00f3n y coordinaci\u00f3n en el territorio ha conducido la presencia asistencial y de consultor\u00eda mediante un Servicio Extendido de Oncolog\u00eda del Hospital Universitario Sant Joan Reus en el Hospital Universitario Joan XXIII de Tarragona. Tambi\u00e9n se ha establecido la colaboraci\u00f3n con el Hospital Verge de la Cinta de Tortosa y el Pius Hospital de Valls.<\/p>\n\n\n\n<p>En cuanto a su presencia institucional ha sido presidente de la Sociedad Catalano-Balear de Oncolog\u00eda (1996-1998), miembro del Consejo Asesor del Plan Director de Oncolog\u00eda del Departamento de Salud (2008-hasta la actualidad), y miembro del Consejo Asesor del Departamento de Salud (2018-2021), entre otros.<\/p>\n\n\n\n<p>En 2008 recibe el Premio a la Excelencia Profesional por el Ilustre Colegio de M\u00e9dicos de Tarragona.<\/p>\n\n\n\n<p>Desde la perspectiva de implicaci\u00f3n en la sociedad civil y con los pacientes, ha sido cofundador de la Liga Contra el C\u00e1ncer de las Comarcas de Tarragona y les Terres de l&#8217;Ebre (1993), organismo del que fue presidente entre los a\u00f1os 2008 y 2020.<\/p>\n\n\n\n<p>El Dr. Borr\u00e0s lleva 43 a\u00f1os trabajando en los \u00e1mbitos de la asistencia, la docencia y la investigaci\u00f3n, y la coordinaci\u00f3n oncol\u00f3gica en las comarcas de Tarragona y les Terres de l&#8217;Ebre, fiel a la defensa de su territorio: la Catalu\u00f1a Sur. Defensor del catal\u00e1n como lengua cient\u00edfica y en el \u00e1mbito de la salud, en 1980 particip\u00f3 e impuls\u00f3 el XI Congreso de M\u00e9dicos y Bi\u00f3logos de Lengua Catalana celebrado en Reus.<\/p>\n","protected":false},"excerpt":{"rendered":"<p>Fue el creador, en 1979, del Servicio de Oncolog\u00eda del Hospital Universitari Sant Joan de Reus y tambi\u00e9n del Registro de C\u00e1ncer de Tarragona. Adem\u00e1s, fue cofundador de la Liga Contra del C\u00e1ncer de Tarragona y de les Terres de l\u2019Ebre El Dr. Joan Llu\u00eds Borr\u00e0s Balada (Tortosa, 1948), actual director adjunto del Instituto de [&hellip;]<\/p>\n","protected":false},"author":18,"featured_media":70723,"comment_status":"open","ping_status":"open","sticky":false,"template":"","format":"standard","meta":{"footnotes":""},"categories":[1403,1404,1406,1408],"tags":[],"class_list":["post-70725","post","type-post","status-publish","format-standard","has-post-thumbnail","hentry","category-asistencia-es","category-docencia-i-formacio-es","category-institucional-es","category-investigacion"],"_links":{"self":[{"href":"https:\/\/www.iispv.cat\/es\/wp-json\/wp\/v2\/posts\/70725","targetHints":{"allow":["GET"]}}],"collection":[{"href":"https:\/\/www.iispv.cat\/es\/wp-json\/wp\/v2\/posts"}],"about":[{"href":"https:\/\/www.iispv.cat\/es\/wp-json\/wp\/v2\/types\/post"}],"author":[{"embeddable":true,"href":"https:\/\/www.iispv.cat\/es\/wp-json\/wp\/v2\/users\/18"}],"replies":[{"embeddable":true,"href":"https:\/\/www.iispv.cat\/es\/wp-json\/wp\/v2\/comments?post=70725"}],"version-history":[{"count":1,"href":"https:\/\/www.iispv.cat\/es\/wp-json\/wp\/v2\/posts\/70725\/revisions"}],"predecessor-version":[{"id":70726,"href":"https:\/\/www.iispv.cat\/es\/wp-json\/wp\/v2\/posts\/70725\/revisions\/70726"}],"wp:featuredmedia":[{"embeddable":true,"href":"https:\/\/www.iispv.cat\/es\/wp-json\/wp\/v2\/media\/70723"}],"wp:attachment":[{"href":"https:\/\/www.iispv.cat\/es\/wp-json\/wp\/v2\/media?parent=70725"}],"wp:term":[{"taxonomy":"category","embeddable":true,"href":"https:\/\/www.iispv.cat\/es\/wp-json\/wp\/v2\/categories?post=70725"},{"taxonomy":"post_tag","embeddable":true,"href":"https:\/\/www.iispv.cat\/es\/wp-json\/wp\/v2\/tags?post=70725"}],"curies":[{"name":"wp","href":"https:\/\/api.w.org\/{rel}","templated":true}]}}