{"id":66066,"date":"2022-10-11T08:14:58","date_gmt":"2022-10-11T07:14:58","guid":{"rendered":"https:\/\/www.iispv.cat\/?p=66066"},"modified":"2024-12-10T12:18:08","modified_gmt":"2024-12-10T11:18:08","slug":"constituido-el-consejo-social-del-iispv","status":"publish","type":"post","link":"https:\/\/www.iispv.cat\/es\/constituido-el-consejo-social-del-iispv\/","title":{"rendered":"Constituido el Consejo Social del IISPV"},"content":{"rendered":"\n<p><strong>El \u00f3rgano canaliza la participaci\u00f3n de la ciudadan\u00eda y de los agentes clave en nuestro territorio<\/strong><\/p>\n\n\n<div class=\"wp-block-image\">\n<figure class=\"aligncenter size-large is-resized\"><img loading=\"lazy\" decoding=\"async\" src=\"https:\/\/www.iispv.cat\/wp-content\/uploads\/2022\/10\/Constitucio_Consell_Social_Foto-Membres.png\" alt=\"\" class=\"wp-image-66155\" width=\"517\" height=\"388\"\/><figcaption>Miembros del Consejo Social del IISPV<\/figcaption><\/figure><\/div>\n\n\n<p>Esta semana se ha celebrado la reuni\u00f3n de la constituci\u00f3n del Consejo Social&nbsp;del Institut d&#8217;Investigaci\u00f3 Sanit\u00e0ria Pere Virgili (IISPV). Este \u00f3rgano se encarga de integrar la ciudadan\u00eda en los proyectos de nuestra organizaci\u00f3n. Para el IISPV es imprescindible contar con su participaci\u00f3n, as\u00ed como con la de empresas y otros agentes relevantes del territorio. Mantener una buena relaci\u00f3n de colaboraci\u00f3n mutua nos permite conocer sus necesidades y contribuir a dar respuesta a trav\u00e9s de las iniciativas que emprendemos en los diferentes \u00e1mbitos de investigaci\u00f3n en los que somos expertos.<\/p>\n\n\n<div class=\"wp-block-image\">\n<figure class=\"alignleft size-full is-resized\"><img loading=\"lazy\" decoding=\"async\" src=\"https:\/\/www.iispv.cat\/wp-content\/uploads\/2022\/10\/PILAR-ALIO-1.jpg\" alt=\"\" class=\"wp-image-66013\" width=\"247\" height=\"153\" srcset=\"https:\/\/www.iispv.cat\/wp-content\/uploads\/2022\/10\/PILAR-ALIO-1.jpg 390w, https:\/\/www.iispv.cat\/wp-content\/uploads\/2022\/10\/PILAR-ALIO-1-300x186.jpg 300w\" sizes=\"auto, (max-width: 247px) 100vw, 247px\" \/><\/figure><\/div>\n\n\n<p><strong>PILAR ALI\u00d3 BORR\u00c0S<\/strong>. Empresaria y miembro del patronato de la Fundaci\u00f3&nbsp;Casa Sant Josep de Tarragona (Xarxa Santa Tecla).&nbsp;Es licenciada en Geograf\u00eda e Historia por la Universitat de Barcelona. Ha participado en el Plan Especial de la Parte Alta (PEPA) de Tarragona. Fue la presidenta de la Reial Societat Arqueol\u00f2gica Tarraconense desde el 2014 hasta el 2019 d\u00f3nde, adem\u00e1s, ha ocupado otros cargos. Actualmente, es vocal del patronato de la Fundaci\u00f3 Casa Sant Josep (Xarxa Tecla) desde marzo del a\u00f1o 2017.<\/p>\n\n\n<div class=\"wp-block-image\">\n<figure class=\"alignleft size-full is-resized\"><img loading=\"lazy\" decoding=\"async\" src=\"https:\/\/www.iispv.cat\/wp-content\/uploads\/2022\/10\/XAVIER-AULLE.png\" alt=\"\" class=\"wp-image-66016\" width=\"142\" height=\"184\"\/><\/figure><\/div>\n\n\n<p><strong>XAVIER ALLU\u00c9 MART\u00cdNEZ<\/strong>. Metge pediatra pneum\u00f2leg i doctor en Antropologia. Becari Fulbright, format als EEUU i Canad\u00e0. Jefe del Servicio de Pediatr\u00eda del Hospital Universitari de Tarragona Joan XXIII hasta el a\u00f1o 2011. Ha escrito numerosas publicaciones cient\u00edficas. Es autor de cuatro libros y ha participado en dos docenas de cap\u00edtulos de libros. La divulgaci\u00f3n de su especialidad en los medios de comunicaci\u00f3n se traduce en 2.172 art\u00edculos as\u00ed como columnas y art\u00edculos de opini\u00f3n. Colaborador en emisoras de radio. Actualmente, gestiona los blogs Pediatria social y La percepci\u00f3 selectiva. Es profesor colaborador de la Universitat Oberta de Catalunya. Miembro fundador del Concili de Pediatres de Llengua Catalana, de la Sociedad Espa\u00f1ola de Cuidados Intensivos Pedi\u00e1tricos, de la Sociedad Espa\u00f1ola de Neumolog\u00eda Pedi\u00e1trica y de la Sociedad Espa\u00f1ola de Pediatr\u00eda Social.<\/p>\n\n\n<div class=\"wp-block-image\">\n<figure class=\"alignleft size-full is-resized\"><img loading=\"lazy\" decoding=\"async\" src=\"https:\/\/www.iispv.cat\/wp-content\/uploads\/2022\/10\/MERCHE-DALMAU.jpg\" alt=\"\" class=\"wp-image-66019\" width=\"230\" height=\"153\" srcset=\"https:\/\/www.iispv.cat\/wp-content\/uploads\/2022\/10\/MERCHE-DALMAU.jpg 390w, https:\/\/www.iispv.cat\/wp-content\/uploads\/2022\/10\/MERCHE-DALMAU-300x200.jpg 300w\" sizes=\"auto, (max-width: 230px) 100vw, 230px\" \/><\/figure><\/div>\n\n\n<p><strong>MERCHE DALMAU CORT\u00c8S<\/strong>. Farmac\u00e9utica y empresaria. Licenciada en farmacia por la UB. M\u00e1ster en Comercializaci\u00f3n Internacional de Vinos, Universitat Internacional de Catalunya. Ha trabajado en la industria farmac\u00e9utica. Durante a\u00f1os comparti\u00f3 proyecto con su marido Miquel P\u00e9rez, creando la primera bodega sostenible y ecol\u00f3gico en El Molar (Tarragona), una apuesta innovadora en la D.O.Q Priorat en 1999. A ra\u00edz de su formaci\u00f3n farmac\u00e9utica impulsaron el cultivo de vinos ecol\u00f3gicos, saludables y con respeto por el medio ambiente. Miquel P\u00e9rez muri\u00f3 el 2013, y la Merche Dalmau se convirti\u00f3 en la titular de la farmacia Dalmau de Reus y en la propietaria y gerente de Clos Galena (D.O.Q. Priorat), junto con un gran equipo, y el en\u00f3logo Toni Coca, como director t\u00e9cnico de la Bodega. Actualmente, los vinos de pago Galena se exportan adem\u00e1s de 30 pa\u00edses. El a\u00f1o 2017 se convirti\u00f3 en la primera mujer propietaria de una bodega que serv\u00eda un vino catal\u00e1n y del Priorat, el \u201cFormiga de Vellut 2014\u201d, a la cena de los Premios Nobel, en Estocolmo. Siendo la primera vez en 100 a\u00f1os que se serv\u00eda un vino catal\u00e1n y del Priorat. Ha recibido numerosos premios nacionales, internacionales y reconocimientos del territorio por la calidad de los vinos producidos. En la actualidad, compatibiliza el trabajo en la farmacia con la bodega, una tarea familiar y de equipo.<\/p>\n\n\n<div class=\"wp-block-image\">\n<figure class=\"alignleft size-full is-resized\"><img loading=\"lazy\" decoding=\"async\" src=\"https:\/\/www.iispv.cat\/wp-content\/uploads\/2022\/10\/RAMON-GOMIS.png\" alt=\"\" class=\"wp-image-66022\" width=\"237\" height=\"136\" srcset=\"https:\/\/www.iispv.cat\/wp-content\/uploads\/2022\/10\/RAMON-GOMIS.png 449w, https:\/\/www.iispv.cat\/wp-content\/uploads\/2022\/10\/RAMON-GOMIS-300x172.png 300w\" sizes=\"auto, (max-width: 237px) 100vw, 237px\" \/><\/figure><\/div>\n\n\n<p><strong>RAMON GOMIS BARBER\u00c0<\/strong>. M\u00e9dico endocrin\u00f3logo, dramaturgo. Presidente del Consell Assessor en Recerca i Innovaci\u00f3 Sanit\u00e0ria de la Generalitat de Catalunya (CAPRIS) y director de los Estudios de Ciencias de la Salud de la UOC. Licenciado en Medicina y doctorado por la Universitat de Barcelona. Ha sido director del Institut d\u2019Investigacions Biom\u00e8diques August Pi i Sunyer (IDIBAPS). Catedr\u00e1tico em\u00e9rito del Departamento de Medicina de la Universitat de Barcelona (UB) hasta el 2017. Profesor em\u00e9rito de la UB. Su carrera cient\u00edfica y laboral est\u00e1 vinculada en el Hospital Cl\u00ednic de Barcelona, adscrito a la UB, fue Jefe de la secci\u00f3n de Diabetes y de Endocrinolog\u00eda. Ha sido miembro y director de la Fundaci\u00f3 Cl\u00ednic para la Investigaci\u00f3n Biom\u00e9dica y ha participado en numerosas asociaciones cient\u00edficas en el \u00e1mbito nacional e internacional. Ha recibido, entre otros premios, la Medalla Narc\u00eds Monturiol al m\u00e9rito cient\u00edfico y tecnol\u00f3gico (2002), el premio Nacional de Investigaci\u00f3n (2005), hijo ilustre de Reus y Creu de Sant Jordi (Generalitat de Catalunya) en 2013. Fue director del IISPV durante el 2017. El mismo a\u00f1o fue investido doctor honoris causa por la Universitat Rovira i Virgili. Es miembro del Institut d\u2019Estudis Catalans i de l\u2019Acad\u00e8mia Europea (AE). Durante su trayectoria personal en el mundo de la literatura y teatro, hay que resaltar que ha publicado nueve obras de teatro, fund\u00f3 y dirigir la compa\u00f1\u00eda La Tartana (1969) y actualmente es Patr\u00f3n Honorario de la Fundaci\u00f3 Teatre Lliure.<\/p>\n\n\n<div class=\"wp-block-image\">\n<figure class=\"alignleft size-full is-resized\"><img loading=\"lazy\" decoding=\"async\" src=\"https:\/\/www.iispv.cat\/wp-content\/uploads\/2022\/10\/JOAN-GUINOVART.png\" alt=\"\" class=\"wp-image-66025\" width=\"146\" height=\"146\" srcset=\"https:\/\/www.iispv.cat\/wp-content\/uploads\/2022\/10\/JOAN-GUINOVART.png 273w, https:\/\/www.iispv.cat\/wp-content\/uploads\/2022\/10\/JOAN-GUINOVART-150x150.png 150w\" sizes=\"auto, (max-width: 146px) 100vw, 146px\" \/><\/figure><\/div>\n\n\n<p><strong>JOAN GUINOVART CIRERA<\/strong>. Licenciado en qu\u00edmica y farmacia y doctorado en bioqu\u00edmica por la Universitat de Barcelona. Especialista en bioqu\u00edmica cl\u00ednica y an\u00e1lisis cl\u00ednicos. Realiz\u00f3 su etapa postdoctoral en la Universidad de Virginia. Es profesor em\u00e9rito de la Universitat de Barcelona de la que fue catedr\u00e1tico de Bioqu\u00edmica y Biolog\u00eda Molecular. Fue director del Institut de Recerca Biom\u00e8dica (IRB Barcelona) desde su fundaci\u00f3n en 2005 hasta el 2018. Actualmente, es miembro em\u00e9rito. Ha publicado m\u00e1s de 200 art\u00edculos cient\u00edficos sobre los trastornos metab\u00f3licos asociados a la diabetes y a las enfermedades neurodegenerativas. Ha recibido, entre otros, el premio August Pi i Sunyer del Institut d\u2019Estudis Catalans, la medalla al m\u00e9rito cient\u00edfico Narc\u00eds Monturiol de la Generalitat de Catalunya y el 2014 fue galardonado con la Creu de Sant Jordi por su trayectoria internacional y la proyecci\u00f3n de sus trabajos. Ha estado presidente de la Sociedad Espa\u00f1ola de Bioqu\u00edmica y Biolog\u00eda Molecular, de la cual es Socio de Honor, de la Confederaci\u00f3n de Sociedades Cient\u00edficas de Espa\u00f1a y de la \u201cInternational Union of Biochemistry and Molecular Biology\u201d. Es miembro numerario de la Reial Acad\u00e8mia de Farm\u00e0cia de Catalunya, de la Real Academia Nacional de Farmacia, del Institut d\u2019Estudis Catalans y de la Academia Europea (AE) y de la Academia Europea (AE). Doctor Honoris causa por la Universidad Andr\u00e9s Bello de Santiago de Chile. Es hijo predilecto de la ciudad de Tarragona.<\/p>\n\n\n<div class=\"wp-block-image\">\n<figure class=\"alignleft size-full is-resized\"><img loading=\"lazy\" decoding=\"async\" src=\"https:\/\/www.iispv.cat\/wp-content\/uploads\/2022\/10\/MISERICORDIA-1.jpg\" alt=\"\" class=\"wp-image-66060\" width=\"145\" height=\"140\"\/><\/figure><\/div>\n\n\n<p><strong>MISERIC\u00d2RDIA MONTLLE\u00d3 DOM\u00c8NECH<\/strong>. Empresaria, pol\u00edtica y profesional de la Administraci\u00f3n P\u00fablica. Ciclo de Formaci\u00f3n Profesional \u2013 Grado Superior. Posgrado de Gesti\u00f3n del Patrimonio Cultural por la Universitat Rovira i Virgili. Se ha formado en los siguientes \u00e1mbitos con la Generalitat de Catalunya: Gesti\u00f3n y Protecci\u00f3n de Datos, Contabilidad P\u00fablica, R\u00e9gimen jur\u00eddico administrativo y Urbanismo y facturaci\u00f3n electr\u00f3nica. Actualmente, administra y es la responsable de relaciones institucionales de la asociaci\u00f3n IMPULS CAT SUD. Ha sido empresaria del sector inmobiliario y de la restauraci\u00f3n. Secretaria interventora en la administraci\u00f3n local durante 25 a\u00f1os. Directora ejecutiva de la Fundaci\u00f3 M\u00f3n Rural del Departament d\u2019Agricultura de la Generalitat de Catalunya. Adjunta a la gerencia en servicios medioambientales y energ\u00eda e\u00f3lica de VALLSER, SL. Ha trabajado dentro del Personal de Administraci\u00f3n y Servicios (PAS) de la Universitat Rovira i Virgili y en el Centre de Recursos per l\u2019Aprenentatge i la Investigaci\u00f3 (CRAI) de la misma universidad.<\/p>\n\n\n<div class=\"wp-block-image\">\n<figure class=\"alignleft size-full is-resized\"><img loading=\"lazy\" decoding=\"async\" src=\"https:\/\/www.iispv.cat\/wp-content\/uploads\/2022\/10\/MARGARITA-OLIVA.jpg\" alt=\"\" class=\"wp-image-66031\" width=\"144\" height=\"144\" srcset=\"https:\/\/www.iispv.cat\/wp-content\/uploads\/2022\/10\/MARGARITA-OLIVA.jpg 277w, https:\/\/www.iispv.cat\/wp-content\/uploads\/2022\/10\/MARGARITA-OLIVA-150x150.jpg 150w\" sizes=\"auto, (max-width: 144px) 100vw, 144px\" \/><\/figure><\/div>\n\n\n<p><strong>MARGARITA OLIVA<\/strong>. Empresaria y presidenta del patronato de la Fundaci\u00f3 Rosa Maria Vivar (Alzheimer Reus y Camp de Tarragona). Licenciada en F\u00edsica, Astronom\u00eda y Astrof\u00edsica por la Universitat de Barcelona. Ha desarrollado su carrera profesional mayoritariamente al grupo familiar de empresas de varios sectores como socia directora. Impulsora del proyecto social del Centre Terap\u00e8utic d\u2019Estimulaci\u00f3 Cognitiva per l\u2019Alzheimer i la Unitat de Mem\u00f2ria. Actualmente, su responsabilidad en la Fundaci\u00f3 Rosa Maria Vivar es buscar y ejecutar proyectos pioneros en el \u00e1rea del Alzheimer y la salud cognitiva, as\u00ed como la divulgaci\u00f3n de su prevenci\u00f3n. Impulsora de CatSud, Regi\u00f3&nbsp;del&nbsp;Coneixement, participante y colaborando dentro de la Ponencia T\u00e9cnica de la Diputaci\u00f3 de Tarragona y la Universitat Rovira i Virgili.<\/p>\n\n\n<div class=\"wp-block-image\">\n<figure class=\"alignleft size-full is-resized\"><img loading=\"lazy\" decoding=\"async\" src=\"https:\/\/www.iispv.cat\/wp-content\/uploads\/2022\/10\/ANTONIO-PONT.png\" alt=\"\" class=\"wp-image-66034\" width=\"137\" height=\"143\"\/><\/figure><\/div>\n\n\n<p><strong>ANTONIO PONT AMEN\u00d3S<\/strong>. Empresario. Presidente de Honor del grupo de empresas&nbsp;Borges. Diplomado en Direcci\u00f3n de empresas por IESE Business School. Profesor-intendente Mercantil por la Escola d\u2019Alts Estudis Mercantils de Barcelona. Entre otras muchas iniciativas, ha sido director general de ExproReus, fundador y presidente de&nbsp;Gresol Empresarial de la Catalunya Nova&nbsp;y presidente del primero y segundo congreso internacional sobre la&nbsp; dieta mediterr\u00e1nea. Medalla de Oro al M\u00e9rito en el Trabajo. Tambi\u00e9n es miembro de la&nbsp;Real Academia de Ciencias Econ\u00f3micas y Financieras. Presidente fundador y de Honor del INC &#8211; International Nut&amp;Conucil, fundada en Par\u00eds en 1983. El 2006 recibi\u00f3 la Creu de Sant Jordi. Residente desde el a\u00f1o 1957 a&nbsp;Reus. Hijo adoptivo de la ciudad de Reus, 2020.<\/p>\n\n\n<div class=\"wp-block-image\">\n<figure class=\"alignleft size-full is-resized\"><img loading=\"lazy\" decoding=\"async\" src=\"https:\/\/www.iispv.cat\/wp-content\/uploads\/2022\/10\/EUGENI-SEDANO.jpg\" alt=\"\" class=\"wp-image-66037\" width=\"135\" height=\"135\" srcset=\"https:\/\/www.iispv.cat\/wp-content\/uploads\/2022\/10\/EUGENI-SEDANO.jpg 276w, https:\/\/www.iispv.cat\/wp-content\/uploads\/2022\/10\/EUGENI-SEDANO-150x150.jpg 150w\" sizes=\"auto, (max-width: 135px) 100vw, 135px\" \/><\/figure><\/div>\n\n\n<p><strong>EUGENI SEDANO I MONASTERIO<\/strong>. Entre los numerosos cargos que ha ocupado, ha sido director de Farmacia y director general de Recursos Sanitaris del Departament de Sanitat de la Generalitat, y ha trabajado en la industria farmac\u00e9utica en la empresa Esteve Pharmaceuticals como director de Relaciones institucionales. Tambi\u00e9n ha sido Vocal Nacional de Farmac\u00e9uticos de Industria del Consejo General de Colegios de Farmac\u00e9uticos y es Acad\u00e9mico Numerario de la R. Acad\u00e8mia de Farm\u00e0cia de Catalu\u00f1a. Se destacan las m\u00e1s de 40 publicaciones cient\u00edficas, as\u00ed como las m\u00e1s de 350 conferencias impartidas. Director de Relaciones Institucionales en Catalu\u00f1a a TALENTO-EPHOS, presidente del Consejo de Administraci\u00f3n EDP SANT JOAN REUS \u2013 BAIX CAMP y presidente del Consejo asesor de la FUNDACI\u00d3 EDAT&amp;VIDA. Licenciado y Doctor en Farmacia (Universitat de Barcelona). Programa de Direcci\u00f3n General\u2013PDG (IESE). M\u00e1ster ejecutivo en Direcci\u00f3n de Organizaciones Sanitarias (ESADE).<\/p>\n\n\n<div class=\"wp-block-image\">\n<figure class=\"alignleft size-full is-resized\"><img loading=\"lazy\" decoding=\"async\" src=\"https:\/\/www.iispv.cat\/wp-content\/uploads\/2022\/10\/PIA.jpg\" alt=\"\" class=\"wp-image-66040\" width=\"124\" height=\"140\"\/><\/figure><\/div>\n\n\n<p><strong>PIA TEIXID\u00d3 PONT<\/strong>. Directora T\u00e9cnica de \u00d3pticas Teixid\u00f3. Diplomada en \u00d3ptica y Optometr\u00eda, por la Escuela Universitaria de \u00d3ptica de la Universitat Polit\u00e8cnica de Catalunya (UPC) y por la Escuela de \u00d3ptica y Optometr\u00eda de la Facultad de Ciencias de la Universidad de Granada (UG). M\u00e1ster y Bachelor en Optometr\u00eda por el Pennsylvania College of Optometry. Actualmente, est\u00e1 enfocada en la optometr\u00eda y terapia visual, el control de la miop\u00eda, terapia en problemas visuales y rehabilitaci\u00f3n de las habilidades visuales en pacientes con da\u00f1o cerebral adquirido (traumatismos, ictus). Miembro, entre otros, del Colegio Nacional de \u00d3pticos-Optometristas; Directora T\u00e9cnica de \u00d3pticas Teixid\u00f3. Diplomada en \u00d3ptica y Optometr\u00eda, por la Escuela Universitaria de \u00d3ptica de la Universitat Polit\u00e8cnica de Catalunya (UPC) y por la Escuela de \u00d3pticayOptometr\u00eda de la Facultad de Ciencias de la Universidad de Granada (UG). M\u00e1ster y Bachelor en Optometr\u00eda por el Pennsylvania CollegeofOptometry. Actualmente, est\u00e1 enfocada en la optometr\u00eda y terapia visual, el control de la miop\u00eda, terapia en problemas visuales y rehabilitaci\u00f3n de las habilidades visuales en pacientes con da\u00f1o cerebral adquirido (traumatismos, ictus). Miembro, entre otros del Colegio Nacional de \u00d3pticos-*Optometristas; Asociaci\u00f3n Catalana de Optometr\u00eda y Terapia Visual; Sociedad Internacional de Optometr\u00eday del Desarrollo; Asociaci\u00f3n AbreSusOjos (organizaci\u00f3n sin \u00e1nimo de lucro para la mejora de la calidad visual de las personas con discapacidad intelectual y colectivos desfavorecidos) y Ver para Aprender (organizaci\u00f3n sin \u00e1nimo de lucro, con campa\u00f1as dirigidas a los ni\u00f1os y ni\u00f1as entre 6 y 12 a\u00f1os por la prevenci\u00f3n del fracaso escolar debido a problemas visuales no detectados). Hay que destacar su divulgaci\u00f3n en charlas y actividades formativas relacionadas con la salud ocular dirigidas a optometristas, oftalm\u00f3logos, pediatras, profesionales de salud primaria, padres y docentes en m\u00faltiples centros escolares de la provincia de Tarragona; Sociedad Internacional de Optometr\u00eday del Desarrollo; Asociaci\u00f3n AbreSusOjos (organizaci\u00f3n sin \u00e1nimo de lucro para la mejora de la calidad visual de las personas con discapacidad intelectual y colectivos desfavorecidos) y Ver para Aprender (organizaci\u00f3n sin \u00e1nimo de lucro, con campa\u00f1as dirigidas a los ni\u00f1os y ni\u00f1as entre 6 y 12 a\u00f1os por la prevenci\u00f3n del fracaso escolar debido a problemas visuales no detectados). Hay que destacar su divulgaci\u00f3n en charlas y actividades formativas relacionadas con la salud ocular dirigidas a optometristas, oftalm\u00f3logos, pediatras, profesionales de salud primaria, padres y docentes en m\u00faltiples centros escolares de la provincia de Tarragona.<\/p>\n\n\n<div class=\"wp-block-image\">\n<figure class=\"alignleft size-large is-resized\"><img loading=\"lazy\" decoding=\"async\" src=\"https:\/\/www.iispv.cat\/wp-content\/uploads\/2022\/10\/JOAN-VENDRELL-2-911x1024.png\" alt=\"\" class=\"wp-image-66057\" width=\"130\" height=\"145\"\/><\/figure><\/div>\n\n\n<p><strong>JOAN VENDRELL ORTEGA<\/strong>. Director del IISPV. M\u00e9dico especialista en endocrinolog\u00eda y nutrici\u00f3n. Doctor en medicina por la Universitat de Barcelona. Es jefe cl\u00ednico del Servicio de Endocrinolog\u00eda y Nutrici\u00f3n del Hospital Universitari de Tarragona Joan XXIII desde el a\u00f1o 2000 y catedr\u00e1tico del Departamento de Medicina y Cirug\u00eda de la Facultad de Medicina de la URV desde el 2018. El grupo de investigaci\u00f3n que colidera, Diabetes and Metabolic Associated Diseases Research Group, es un grupo de investigaci\u00f3n multidisciplinario, centrado en el estudio de las causas que originan la obesidad y la diabetes tipo 2. El grupo forma parte de la red de excelencia a escala estatal CIBERDEM. Ha sido investigador principal de varios proyectos de investigaci\u00f3n e innovaci\u00f3n de \u00e1mbito nacional e internacional. Desde el 2017 asume la direcci\u00f3n del IISPV.<\/p>\n\n\n<div class=\"wp-block-image\">\n<figure class=\"alignleft size-full is-resized\"><img loading=\"lazy\" decoding=\"async\" src=\"https:\/\/www.iispv.cat\/wp-content\/uploads\/2022\/10\/ELISABET.jpg\" alt=\"\" class=\"wp-image-66049\" width=\"129\" height=\"158\"\/><\/figure><\/div>\n\n\n<p><strong>ELISABET VILELLA CUADRADA<\/strong>. Subdirectora del IISPV. Doctorada en biolog\u00eda. Directora del \u00e1rea de investigaci\u00f3n del Hospital Universitari Institut Pere Mata (HUIPM). Estudi\u00f3 biolog\u00eda en la Universitat Aut\u00f2noma de Barcelona (1982-1986) y defendi\u00f3 su doctorado en la misma universidad en 1990. Fue premiada por el gobierno espa\u00f1ol con una beca predoctoral y por la Fundaci\u00f3 Ferrer para la investigaci\u00f3n con una beca postdoctoral Severo Ochoa. Durante este periodo hizo una estancia en la Universidad de Washnington (Seattle, EE. UU.), al grupo del Dr. John Brunzell y en la Universidad Tufts (Boston, EE. UU.), con el Dr. Jos\u00e9 Ordovas. Posteriormente, feudo una estancia postdoctoral al grupo del Dr. Thomas Olivecrona, en la Universidad de Ume\u00e4 (Ume\u00e4, Suecia). Desde el 1995 es profesora adjunta en la Universitat Rovira i Virgili e investigadora en el Hospital Universitari Institut Pere Mata. Desde el a\u00f1o 2010 es jefa del grupo de investigaci\u00f3n dedicado a identificar factores de riesgo gen\u00e9ticos y ambientales para trastornos psiqui\u00e1tricos (GAP) y jefa del Departamento de Investigaci\u00f3n. Actualmente es subdirectora del IISPV. Editora de la revista Brains.<\/p>\n\n\n\n<p>La reuni\u00f3n de la constituci\u00f3n de este Consejo Social de lo IISPV se celebr\u00f3 en el Centre de Lectura de Reus.<\/p>\n","protected":false},"excerpt":{"rendered":"<p>El \u00f3rgano canaliza la participaci\u00f3n de la ciudadan\u00eda y de los agentes clave en nuestro territorio Esta semana se ha celebrado la reuni\u00f3n de la constituci\u00f3n del Consejo Social&nbsp;del Institut d&#8217;Investigaci\u00f3 Sanit\u00e0ria Pere Virgili (IISPV). Este \u00f3rgano se encarga de integrar la ciudadan\u00eda en los proyectos de nuestra organizaci\u00f3n. Para el IISPV es imprescindible contar [&hellip;]<\/p>\n","protected":false},"author":18,"featured_media":66153,"comment_status":"open","ping_status":"open","sticky":false,"template":"","format":"standard","meta":{"footnotes":""},"categories":[1027],"tags":[],"class_list":["post-66066","post","type-post","status-publish","format-standard","has-post-thumbnail","hentry","category-noticies-iispv-es"],"_links":{"self":[{"href":"https:\/\/www.iispv.cat\/es\/wp-json\/wp\/v2\/posts\/66066","targetHints":{"allow":["GET"]}}],"collection":[{"href":"https:\/\/www.iispv.cat\/es\/wp-json\/wp\/v2\/posts"}],"about":[{"href":"https:\/\/www.iispv.cat\/es\/wp-json\/wp\/v2\/types\/post"}],"author":[{"embeddable":true,"href":"https:\/\/www.iispv.cat\/es\/wp-json\/wp\/v2\/users\/18"}],"replies":[{"embeddable":true,"href":"https:\/\/www.iispv.cat\/es\/wp-json\/wp\/v2\/comments?post=66066"}],"version-history":[{"count":15,"href":"https:\/\/www.iispv.cat\/es\/wp-json\/wp\/v2\/posts\/66066\/revisions"}],"predecessor-version":[{"id":100945,"href":"https:\/\/www.iispv.cat\/es\/wp-json\/wp\/v2\/posts\/66066\/revisions\/100945"}],"wp:featuredmedia":[{"embeddable":true,"href":"https:\/\/www.iispv.cat\/es\/wp-json\/wp\/v2\/media\/66153"}],"wp:attachment":[{"href":"https:\/\/www.iispv.cat\/es\/wp-json\/wp\/v2\/media?parent=66066"}],"wp:term":[{"taxonomy":"category","embeddable":true,"href":"https:\/\/www.iispv.cat\/es\/wp-json\/wp\/v2\/categories?post=66066"},{"taxonomy":"post_tag","embeddable":true,"href":"https:\/\/www.iispv.cat\/es\/wp-json\/wp\/v2\/tags?post=66066"}],"curies":[{"name":"wp","href":"https:\/\/api.w.org\/{rel}","templated":true}]}}