{"id":64993,"date":"2022-09-12T07:48:41","date_gmt":"2022-09-12T06:48:41","guid":{"rendered":"https:\/\/www.iispv.cat\/?p=64993"},"modified":"2023-02-03T14:31:07","modified_gmt":"2023-02-03T13:31:07","slug":"un-estudio-de-investigadores-del-iispv-y-del-hospital-sant-joan-de-reus-sienta-las-bases-de-un-sistema-que-a-nivel-estatal-permitira-diagnosticar-a-tiempo-la-retinopatia-diabetica","status":"publish","type":"post","link":"https:\/\/www.iispv.cat\/es\/un-estudio-de-investigadores-del-iispv-y-del-hospital-sant-joan-de-reus-sienta-las-bases-de-un-sistema-que-a-nivel-estatal-permitira-diagnosticar-a-tiempo-la-retinopatia-diabetica\/","title":{"rendered":"Un estudio de investigadores del IISPV y del Hospital Sant Joan de Reus sienta las bases de un sistema que a nivel estatal permitir\u00e1 diagnosticar a tiempo la retinopat\u00eda diab\u00e9tica"},"content":{"rendered":"\n<p><em>Este trastorno, que padecen personas con diabetes de tipo 2, es la primera causa de baja visi\u00f3n en el mundo occidental y es una de las causas de ceguera en el tercer mundo<\/em><\/p>\n\n\n\n<p><em>El objectivo es implementar la teleoftalmolog\u00eda para que estos pacientes no tengan que desplazarse a los hospitales para hacerse la revisi\u00f3n del fondo del ojo y puedan hac\u00e9rsela en sus CAP<\/em><\/p>\n\n\n<div class=\"wp-block-image\">\n<figure class=\"aligncenter size-large is-resized\"><img loading=\"lazy\" decoding=\"async\" src=\"https:\/\/www.iispv.cat\/wp-content\/uploads\/2022\/09\/Fotos-del-fons-de-lull-per-a-la-deteccio-de-retinopatia-diabetica-1-1024x768.jpg\" alt=\"\" class=\"wp-image-64994\" width=\"438\" height=\"328\" srcset=\"https:\/\/www.iispv.cat\/wp-content\/uploads\/2022\/09\/Fotos-del-fons-de-lull-per-a-la-deteccio-de-retinopatia-diabetica-1-1024x768.jpg 1024w, https:\/\/www.iispv.cat\/wp-content\/uploads\/2022\/09\/Fotos-del-fons-de-lull-per-a-la-deteccio-de-retinopatia-diabetica-1-300x225.jpg 300w, https:\/\/www.iispv.cat\/wp-content\/uploads\/2022\/09\/Fotos-del-fons-de-lull-per-a-la-deteccio-de-retinopatia-diabetica-1-768x576.jpg 768w, https:\/\/www.iispv.cat\/wp-content\/uploads\/2022\/09\/Fotos-del-fons-de-lull-per-a-la-deteccio-de-retinopatia-diabetica-1-1536x1152.jpg 1536w, https:\/\/www.iispv.cat\/wp-content\/uploads\/2022\/09\/Fotos-del-fons-de-lull-per-a-la-deteccio-de-retinopatia-diabetica-1-2048x1536.jpg 2048w\" sizes=\"auto, (max-width: 438px) 100vw, 438px\" \/><figcaption>Revisi\u00f3n del fondo del ojo para la detecci\u00f3n de la retinopat\u00eda diab\u00e9tica.<\/figcaption><\/figure><\/div>\n\n\n<p>Un estudio sobre la prevalencia y la incidencia de la retinopat\u00eda diab\u00e9tica en Espa\u00f1a publicado por investigadores del Instituto de Investigaci\u00f3n Sanitaria Pere Virgili (IISPV) y del Hospital Sant Joan de Reus, entre otros, ha permitido conocer el alcance de este trastorno a la vez que refuerza la eficiencia de la detecci\u00f3n.<\/p>\n\n\n\n<p>La retinopat\u00eda diab\u00e9tica es una afecci\u00f3n ocular que pueden desarrollar los pacientes con diabetes de tipo 2 y que constituye la primera causa de baja visi\u00f3n en el mundo occidental entre la poblaci\u00f3n de entre 50 a 70 a\u00f1os. En el tercer mundo (donde las infecciones son m\u00e1s importantes) es una de las causas de ceguera. Un tratamiento a tiempo es clave para evitar su avance, y m\u00e1s teniendo en cuenta que \u201cse trata de una enfermedad silente y asintom\u00e1tica, con lo que, cuando el paciente acude al especialista muchas veces ya es demasiado tarde\u201d, explica Pere Romero, que en el IISPV se responsabiliza del Grupo de Investigaci\u00f3n en Oftalmolog\u00eda (tambi\u00e9n se hace cargo de este servicio en el Hospital Universitario Sant Joan de Reus y en la URV es profesor titular en esta disciplina).<\/p>\n\n\n\n<p>\u201cLos pacientes que sufren de baja visi\u00f3n tienen muchas dificultades para conducir de noche, por ejemplo; en algunos casos incluso les retiran el carn\u00e9, y hay ciertos trabajos que no pueden realizar\u201d, explica Pere Romero.<\/p>\n\n\n\n<p><strong>El cribado del fondo del ojo, desde los propios CAP<\/strong><\/p>\n\n\n\n<p>El responsable del Grupo de Investigaci\u00f3n en Oftalmolog\u00eda del IISPV, junto con expertos y expertas en este campo en toda Espa\u00f1a, han llevado a cabo un estudio epidemiol\u00f3gico de este trastorno recogiendo los datos publicados desde 2001 y hasta 2019 a nivel nacional. Este ha sido el punto de partida para conocer el alcance del trastorno entre la poblaci\u00f3n del pa\u00eds, lo que permitir\u00e1 aplicar medidas de intervenci\u00f3n m\u00e1s eficientes dirigidas a las personas con diabetes.<\/p>\n\n\n\n<p>Un dato interesante de este estudio es que ha evidenciado que los \u00edndices de la afectaci\u00f3n de este trastorno en Espa\u00f1a han disminuido notablemente en los \u00faltimos a\u00f1os: hasta 2008, este porcentaje era del 28%, mientras que un a\u00f1o despu\u00e9s, en 2009 , la curva comenz\u00f3 a bajar hasta situarse en el 15%. \u201cDebemos tener en cuenta que esta bajada se debe sobre todo a que en los \u00faltimos a\u00f1os la diabetes se diagnostica m\u00e1s, lo que se ha traducido en un incremento del n\u00famero de casos, y no en una mejora efectiva del control de la retinopat\u00eda diab\u00e9tica \u201d, explica Pere Romero.<\/p>\n\n\n\n<p>Es muy importante realizar controles a los enfermos diab\u00e9ticos para detectar esta afectaci\u00f3n ocular en sus fases iniciales, sobre todo prestando especial atenci\u00f3n a los \u00edndices de glicemia y a la tensi\u00f3n arterial ya que estos aspectos son clave para revertir las lesiones oculares a tiempo.<\/p>\n\n\n\n<p>Este estudio, publicado recientemente, ha permitido sentar las bases de un proyecto que se est\u00e1 gestando y que marcar\u00e1 un antes y un despu\u00e9s en el abordaje de este trastorno en el sistema sanitario espa\u00f1ol. En este sentido, el estudio impulsar\u00e1 la teleoftalmolog\u00eda en todas las comunidades aut\u00f3nomas de Espa\u00f1a. Si bien este sistema ya est\u00e1 instaurado en muchas de ellas, su alcance todav\u00eda no es uniforme, por lo que actualmente no llega a todos y todas las pacientes diab\u00e9ticas. El impulso contar\u00e1 con la colaboraci\u00f3n imprescindible de los m\u00e9dicos y m\u00e9dicas de los centros de atenci\u00f3n primaria, que actualmente ya realizan la lectura de las fotograf\u00edas de fondo de ojo y detectan a los pacientes que padecen retinopat\u00eda diab\u00e9tica.<\/p>\n","protected":false},"excerpt":{"rendered":"<p>Este trastorno, que padecen personas con diabetes de tipo 2, es la primera causa de baja visi\u00f3n en el mundo occidental y es una de las causas de ceguera en el tercer mundo El objectivo es implementar la teleoftalmolog\u00eda para que estos pacientes no tengan que desplazarse a los hospitales para hacerse la revisi\u00f3n del [&hellip;]<\/p>\n","protected":false},"author":18,"featured_media":64989,"comment_status":"open","ping_status":"open","sticky":false,"template":"","format":"standard","meta":{"footnotes":""},"categories":[1405,1830],"tags":[],"class_list":["post-64993","post","type-post","status-publish","format-standard","has-post-thumbnail","hentry","category-innovacio-es","category-notas-de-prensa"],"_links":{"self":[{"href":"https:\/\/www.iispv.cat\/es\/wp-json\/wp\/v2\/posts\/64993","targetHints":{"allow":["GET"]}}],"collection":[{"href":"https:\/\/www.iispv.cat\/es\/wp-json\/wp\/v2\/posts"}],"about":[{"href":"https:\/\/www.iispv.cat\/es\/wp-json\/wp\/v2\/types\/post"}],"author":[{"embeddable":true,"href":"https:\/\/www.iispv.cat\/es\/wp-json\/wp\/v2\/users\/18"}],"replies":[{"embeddable":true,"href":"https:\/\/www.iispv.cat\/es\/wp-json\/wp\/v2\/comments?post=64993"}],"version-history":[{"count":4,"href":"https:\/\/www.iispv.cat\/es\/wp-json\/wp\/v2\/posts\/64993\/revisions"}],"predecessor-version":[{"id":69716,"href":"https:\/\/www.iispv.cat\/es\/wp-json\/wp\/v2\/posts\/64993\/revisions\/69716"}],"wp:featuredmedia":[{"embeddable":true,"href":"https:\/\/www.iispv.cat\/es\/wp-json\/wp\/v2\/media\/64989"}],"wp:attachment":[{"href":"https:\/\/www.iispv.cat\/es\/wp-json\/wp\/v2\/media?parent=64993"}],"wp:term":[{"taxonomy":"category","embeddable":true,"href":"https:\/\/www.iispv.cat\/es\/wp-json\/wp\/v2\/categories?post=64993"},{"taxonomy":"post_tag","embeddable":true,"href":"https:\/\/www.iispv.cat\/es\/wp-json\/wp\/v2\/tags?post=64993"}],"curies":[{"name":"wp","href":"https:\/\/api.w.org\/{rel}","templated":true}]}}