{"id":63327,"date":"2022-07-22T13:45:14","date_gmt":"2022-07-22T12:45:14","guid":{"rendered":"https:\/\/www.iispv.cat\/?p=63327"},"modified":"2022-11-18T13:37:43","modified_gmt":"2022-11-18T12:37:43","slug":"13a-jornada-de-investigacion-del-institut-catala-de-la-salut","status":"publish","type":"post","link":"https:\/\/www.iispv.cat\/es\/13a-jornada-de-investigacion-del-institut-catala-de-la-salut\/","title":{"rendered":"13a Jornada de investigaci\u00f3n del Institut Catal\u00e0 de la Salut"},"content":{"rendered":"<div class=\"wp-block-image\">\n<figure class=\"aligncenter size-large is-resized\"><img loading=\"lazy\" decoding=\"async\" src=\"https:\/\/www.iispv.cat\/wp-content\/uploads\/2022\/07\/Foto-6.jpg\" alt=\"\" class=\"wp-image-63328\" width=\"357\" height=\"175\" srcset=\"https:\/\/www.iispv.cat\/wp-content\/uploads\/2022\/07\/Foto-6.jpg 1024w, https:\/\/www.iispv.cat\/wp-content\/uploads\/2022\/07\/Foto-6-300x148.jpg 300w, https:\/\/www.iispv.cat\/wp-content\/uploads\/2022\/07\/Foto-6-768x378.jpg 768w\" sizes=\"auto, (max-width: 357px) 100vw, 357px\" \/><\/figure><\/div>\n\n\n<p><strong><em>La jornada de esta edici\u00f3n lleva por t\u00edtulo Investigaci\u00f3n en salud mental: preguntas y respuestas para la pospandemia<\/em><\/strong><\/p>\n\n\n\n<p>El pr\u00f3ximo 21 de noviembre de 2022, el Hospital Universitario de Bellvitge (con motivo de sus 50 a\u00f1os) y el IDIBELL acoger\u00e1n la 13\u00aa Jornada de Investigaci\u00f3n del Instituto Catal\u00e1n de la Salud, que reunir\u00e1 a investigadoras e investigadores representativos de los institutos de investigaci\u00f3n vinculados a los centros sanitarios de la organizaci\u00f3n.<\/p>\n\n\n\n<p>Este a\u00f1o, el tema escogido es la salud mental, sobre la que la pandemia provocada por el SARS-CoV-2 ha impactado de forma importante. C\u00f3mo enfocar la investigaci\u00f3n en salud mental, desde qu\u00e9 perspectivas y qu\u00e9 retos, oportunidades y nuevas estrategias encaran los profesionales de la investigaci\u00f3n, a corto y largo plazo, son los temas de debate de esta Jornada. Durante el encuentro tambi\u00e9n se har\u00e1n p\u00fablicos los nombres de las ganadoras y ganadores de la convocatoria 2022 de los distintos Premios a la Trayectoria Investigadora, que quieren distinguir la contribuci\u00f3n significativa al desarrollo de la investigaci\u00f3n en ciencias de la salud, con el objetivo de fomentar y reconocer la investigaci\u00f3n biom\u00e9dica de alta calidad, de car\u00e1cter precl\u00ednico y cl\u00ednico, que se lleva a cabo en la instituci\u00f3n.<\/p>\n\n\n\n<p><a rel=\"noreferrer noopener\" href=\"http:\/\/ics.gencat.cat\/ca\/recerca\/13a-jornada-de-recerca-2022\/\" target=\"_blank\">Aqu\u00ed<\/a> pod\u00e9is inscribiros y consultar la informaci\u00f3n tanto de la jornada de investigaci\u00f3n como de los requisitos para presentar las candidaturas a los diferentes Premios de la Jornada de Investigaci\u00f3n:<\/p>\n\n\n\n<ul class=\"wp-block-list\"><li>Premio a la Trayectoria Investigadora en los Hospitales<\/li><li>Premio a la Trayectoria Investigadora en Atenci\u00f3n Primaria<\/li><li>Premio a la Trayectoria Investigadora Enfermera<\/li><li>Premio al Investigador\/a joven<\/li><li>Premio al mejor art\u00edculo<\/li><li>Premio al mejor p\u00f3ster<\/li><\/ul>\n\n\n\n<p>El plazo de presentaci\u00f3n de solicitudes ser\u00e1 el pr\u00f3ximo 30 de septiembre.<br>La jornada se inaugurar\u00e1 con la conferencia magistral <em>Impact of COVID in Mental Health<\/em> a cargo de Philip Gorwood, psiquiatra y jefe de servicio CMME (H\u00f4pital Sainte-Anne GHU Paris Psychiatrie et Neurosciences). El debate se centrar\u00e1 en tres grandes temas:<\/p>\n\n\n\n<ul class=\"wp-block-list\"><li>Confinamiento y salud mental. Lecciones aprendidas en los \u00faltimos 3 a\u00f1os.<\/li><li>Retos de futuro de la investigaci\u00f3n en salud mental: perspectiva b\u00e1sica.<\/li><li>Retos de futuro de la investigaci\u00f3n en salud mental: perspectiva aplicada.<\/li><\/ul>\n\n\n\n<div data-wp-interactive=\"core\/file\" class=\"wp-block-file\"><object data-wp-bind--hidden=\"!state.hasPdfPreview\" hidden class=\"wp-block-file__embed\" data=\"https:\/\/www.iispv.cat\/wp-content\/uploads\/2022\/07\/Programa-Jornada-Recerca-2022-v9.pdf\" type=\"application\/pdf\" style=\"width:100%;height:600px\" aria-label=\"Incrustado de Incrustaci\u00f3 del fitxer Consulta aqu\u00ed el programa de la 13a Jornada de investigaci\u00f3n del Institut Catal\u00e0 de la Salut..\"><\/object><a id=\"wp-block-file--media-5ac7f552-5375-4754-9495-033d5d5e590d\" href=\"https:\/\/www.iispv.cat\/wp-content\/uploads\/2022\/07\/Programa-Jornada-Recerca-2022-v9.pdf\">Consulta aqu\u00ed el programa de la 13a Jornada de investigaci\u00f3n del Institut Catal\u00e0 de la Salut<\/a><a href=\"https:\/\/www.iispv.cat\/wp-content\/uploads\/2022\/07\/Programa-Jornada-Recerca-2022-v9.pdf\" class=\"wp-block-file__button\" download aria-describedby=\"wp-block-file--media-5ac7f552-5375-4754-9495-033d5d5e590d\">Baixa<\/a><\/div>\n","protected":false},"excerpt":{"rendered":"<p>La jornada de esta edici\u00f3n lleva por t\u00edtulo Investigaci\u00f3n en salud mental: preguntas y respuestas para la pospandemia El pr\u00f3ximo 21 de noviembre de 2022, el Hospital Universitario de Bellvitge (con motivo de sus 50 a\u00f1os) y el IDIBELL acoger\u00e1n la 13\u00aa Jornada de Investigaci\u00f3n del Instituto Catal\u00e1n de la Salud, que reunir\u00e1 a investigadoras [&hellip;]<\/p>\n","protected":false},"author":18,"featured_media":63320,"comment_status":"open","ping_status":"open","sticky":false,"template":"","format":"standard","meta":{"footnotes":""},"categories":[1404,1405,1027],"tags":[],"class_list":["post-63327","post","type-post","status-publish","format-standard","has-post-thumbnail","hentry","category-docencia-i-formacio-es","category-innovacio-es","category-noticies-iispv-es"],"_links":{"self":[{"href":"https:\/\/www.iispv.cat\/es\/wp-json\/wp\/v2\/posts\/63327","targetHints":{"allow":["GET"]}}],"collection":[{"href":"https:\/\/www.iispv.cat\/es\/wp-json\/wp\/v2\/posts"}],"about":[{"href":"https:\/\/www.iispv.cat\/es\/wp-json\/wp\/v2\/types\/post"}],"author":[{"embeddable":true,"href":"https:\/\/www.iispv.cat\/es\/wp-json\/wp\/v2\/users\/18"}],"replies":[{"embeddable":true,"href":"https:\/\/www.iispv.cat\/es\/wp-json\/wp\/v2\/comments?post=63327"}],"version-history":[{"count":5,"href":"https:\/\/www.iispv.cat\/es\/wp-json\/wp\/v2\/posts\/63327\/revisions"}],"predecessor-version":[{"id":67518,"href":"https:\/\/www.iispv.cat\/es\/wp-json\/wp\/v2\/posts\/63327\/revisions\/67518"}],"wp:featuredmedia":[{"embeddable":true,"href":"https:\/\/www.iispv.cat\/es\/wp-json\/wp\/v2\/media\/63320"}],"wp:attachment":[{"href":"https:\/\/www.iispv.cat\/es\/wp-json\/wp\/v2\/media?parent=63327"}],"wp:term":[{"taxonomy":"category","embeddable":true,"href":"https:\/\/www.iispv.cat\/es\/wp-json\/wp\/v2\/categories?post=63327"},{"taxonomy":"post_tag","embeddable":true,"href":"https:\/\/www.iispv.cat\/es\/wp-json\/wp\/v2\/tags?post=63327"}],"curies":[{"name":"wp","href":"https:\/\/api.w.org\/{rel}","templated":true}]}}