{"id":62665,"date":"2022-06-28T13:29:53","date_gmt":"2022-06-28T12:29:53","guid":{"rendered":"https:\/\/www.iispv.cat\/?p=62665"},"modified":"2022-06-28T13:29:59","modified_gmt":"2022-06-28T12:29:59","slug":"la-medicina-personalizada-cada-paciente-es-diferente","status":"publish","type":"post","link":"https:\/\/www.iispv.cat\/es\/la-medicina-personalizada-cada-paciente-es-diferente\/","title":{"rendered":"La medicina personalizada: cada paciente es diferente"},"content":{"rendered":"\n<figure class=\"wp-block-gallery columns-2 is-cropped wp-block-gallery-1 is-layout-flex wp-block-gallery-is-layout-flex\"><ul class=\"blocks-gallery-grid\"><li class=\"blocks-gallery-item\"><figure><img loading=\"lazy\" decoding=\"async\" width=\"1024\" height=\"768\" src=\"https:\/\/www.iispv.cat\/wp-content\/uploads\/2022\/06\/Foto1-2-1024x768.jpeg\" alt=\"\" data-id=\"62666\" data-full-url=\"https:\/\/www.iispv.cat\/wp-content\/uploads\/2022\/06\/Foto1-2.jpeg\" data-link=\"https:\/\/www.iispv.cat\/?attachment_id=62666\" class=\"wp-image-62666\" srcset=\"https:\/\/www.iispv.cat\/wp-content\/uploads\/2022\/06\/Foto1-2-1024x768.jpeg 1024w, https:\/\/www.iispv.cat\/wp-content\/uploads\/2022\/06\/Foto1-2-300x225.jpeg 300w, https:\/\/www.iispv.cat\/wp-content\/uploads\/2022\/06\/Foto1-2-768x576.jpeg 768w, https:\/\/www.iispv.cat\/wp-content\/uploads\/2022\/06\/Foto1-2-1536x1152.jpeg 1536w, https:\/\/www.iispv.cat\/wp-content\/uploads\/2022\/06\/Foto1-2.jpeg 2048w\" sizes=\"auto, (max-width: 1024px) 100vw, 1024px\" \/><\/figure><\/li><li class=\"blocks-gallery-item\"><figure><img loading=\"lazy\" decoding=\"async\" width=\"1024\" height=\"753\" src=\"https:\/\/www.iispv.cat\/wp-content\/uploads\/2022\/06\/Foto2-1.jpeg\" alt=\"\" data-id=\"62669\" data-full-url=\"https:\/\/www.iispv.cat\/wp-content\/uploads\/2022\/06\/Foto2-1.jpeg\" data-link=\"https:\/\/www.iispv.cat\/?attachment_id=62669\" class=\"wp-image-62669\" srcset=\"https:\/\/www.iispv.cat\/wp-content\/uploads\/2022\/06\/Foto2-1.jpeg 1024w, https:\/\/www.iispv.cat\/wp-content\/uploads\/2022\/06\/Foto2-1-300x221.jpeg 300w, https:\/\/www.iispv.cat\/wp-content\/uploads\/2022\/06\/Foto2-1-768x565.jpeg 768w\" sizes=\"auto, (max-width: 1024px) 100vw, 1024px\" \/><\/figure><\/li><\/ul><\/figure>\n\n\n\n<p>La medicina personalizada revoluciona el enfoque de la atenci\u00f3n m\u00e9dica y la concepci\u00f3n que hasta el d\u00eda de hoy hemos tenido del paciente. En la IX Jornada Cient\u00edfica del IISPV \u00abMedicina de Precisi\u00f3n Personalizada\u00bb, celebrada en el Col\u00b7legi de Farmac\u00e8utics de Tarragona, hemos profundizado en este tema gracias a la conferencia impartida por el Dr. Dami\u00e1n Garc\u00eda-Olmo, jefe del Servicio de Cirug\u00eda del Hospital Jim\u00e9nez Hospital Universitario Fundaci\u00f3n D\u00edaz (Madrid). En su intervenci\u00f3n, el doctor ha subrayado el papel clave de los biomarcadores moleculares en biopsia l\u00edquida en el abordaje del c\u00e1ncer colorrectal desde un enfoque personalizado, \u201cteniendo en cuenta que cada paciente es diferente\u201d, en sus palabras.<\/p>\n\n\n\n<p>En el seminario, en el que participaron una treintena de personas tanto presencialmente como en l\u00ednea, intervinieron tambi\u00e9n expertos y expertas en diferentes \u00e1mbitos de la medicina: la Dra. Nuria Amig\u00f3, CEO y cofundadora de la empresa biotecnol\u00f3gica Biosfer Teslab; la Dra. Elisabet Vilella, vicedirectora del IISPV; el Dr. Josep M. del Bas, director de la Unidad Tecnol\u00f3gica de Nutrici\u00f3n y Salud en el centro tecnol\u00f3gico de Catalunya Eurecat; y el Dr. Josep Franch Nadal, m\u00e9dico de atenci\u00f3n primaria en Barcelona (EAP Raval Sud) desde 1991.<\/p>\n","protected":false},"excerpt":{"rendered":"<p>La medicina personalizada revoluciona el enfoque de la atenci\u00f3n m\u00e9dica y la concepci\u00f3n que hasta el d\u00eda de hoy hemos tenido del paciente. En la IX Jornada Cient\u00edfica del IISPV \u00abMedicina de Precisi\u00f3n Personalizada\u00bb, celebrada en el Col\u00b7legi de Farmac\u00e8utics de Tarragona, hemos profundizado en este tema gracias a la conferencia impartida por el Dr. [&hellip;]<\/p>\n","protected":false},"author":18,"featured_media":62669,"comment_status":"open","ping_status":"open","sticky":false,"template":"","format":"standard","meta":{"footnotes":""},"categories":[2],"tags":[],"class_list":["post-62665","post","type-post","status-publish","format-standard","has-post-thumbnail","hentry","category-sin-categorizar"],"_links":{"self":[{"href":"https:\/\/www.iispv.cat\/es\/wp-json\/wp\/v2\/posts\/62665","targetHints":{"allow":["GET"]}}],"collection":[{"href":"https:\/\/www.iispv.cat\/es\/wp-json\/wp\/v2\/posts"}],"about":[{"href":"https:\/\/www.iispv.cat\/es\/wp-json\/wp\/v2\/types\/post"}],"author":[{"embeddable":true,"href":"https:\/\/www.iispv.cat\/es\/wp-json\/wp\/v2\/users\/18"}],"replies":[{"embeddable":true,"href":"https:\/\/www.iispv.cat\/es\/wp-json\/wp\/v2\/comments?post=62665"}],"version-history":[{"count":1,"href":"https:\/\/www.iispv.cat\/es\/wp-json\/wp\/v2\/posts\/62665\/revisions"}],"predecessor-version":[{"id":62672,"href":"https:\/\/www.iispv.cat\/es\/wp-json\/wp\/v2\/posts\/62665\/revisions\/62672"}],"wp:featuredmedia":[{"embeddable":true,"href":"https:\/\/www.iispv.cat\/es\/wp-json\/wp\/v2\/media\/62669"}],"wp:attachment":[{"href":"https:\/\/www.iispv.cat\/es\/wp-json\/wp\/v2\/media?parent=62665"}],"wp:term":[{"taxonomy":"category","embeddable":true,"href":"https:\/\/www.iispv.cat\/es\/wp-json\/wp\/v2\/categories?post=62665"},{"taxonomy":"post_tag","embeddable":true,"href":"https:\/\/www.iispv.cat\/es\/wp-json\/wp\/v2\/tags?post=62665"}],"curies":[{"name":"wp","href":"https:\/\/api.w.org\/{rel}","templated":true}]}}