{"id":59011,"date":"2022-02-09T11:54:53","date_gmt":"2022-02-09T10:54:53","guid":{"rendered":"https:\/\/www.iispv.cat\/?p=59011"},"modified":"2022-02-09T13:32:16","modified_gmt":"2022-02-09T12:32:16","slug":"electrodos-para-neonatos","status":"publish","type":"post","link":"https:\/\/www.iispv.cat\/es\/electrodos-para-neonatos\/","title":{"rendered":"Electrodos para neonatos"},"content":{"rendered":"\n<p>Vicen\u00e7 Pascual, Albert Fabregat e Ismael \u00c1vila, fundadores de aCUP-E,&nbsp;esperan sacar al mercado en algo m\u00e1s de un a\u00f1o una soluci\u00f3n para la monitorizaci\u00f3n cerebral de reci\u00e9n nacidos.<\/p>\n\n\n\n<p><strong>Albert Fabregat<\/strong>&nbsp;(Tarragona, 41 a\u00f1os),&nbsp;<strong>Vicen\u00e7 Pascual<\/strong>&nbsp;(Vic, 44 a\u00f1os) e<strong>&nbsp;Ismael \u00c1vila&nbsp;<\/strong>(Mollet del Vall\u00e8s, 26 a\u00f1os) son los tres socios fundadores de&nbsp;<strong>aCUP-E,<\/strong>&nbsp;el proyecto empresarial que acaba de ganar la \u00faltima edici\u00f3n del&nbsp;<strong>Premi Empr\u00e8n de la Diputaci\u00f3 de Tarragona<\/strong>&nbsp;en la categor\u00eda \u2018Salut i esport\u2019.<\/p>\n\n\n\n<p>Fabregat lo describe as\u00ed: \u00abaCUP-E es una soluci\u00f3n espec\u00edfica para neonatos, que permite la monitorizaci\u00f3n cerebral mediante t\u00e9cnica aEEG (electroencefalograf\u00eda), con la finalidad de ver cu\u00e1l es su estado y, en caso de ser necesario, aplicar la terapia correspondiente\u00bb.<\/p>\n\n\n\n<p>La idea surgi\u00f3 en el a\u00f1o 2019 cuando Vicen\u00e7 Pascual,&nbsp;<strong>neurofisi\u00f3logo cl\u00ednico del Hospital Universitari Sant Joan de Reus<\/strong> e investigador del <strong>Institut d&#8217;Investigaci\u00f3 Sanit\u00e0ria Pere Virgili<\/strong> <strong>(IISPV)<\/strong>, detect\u00f3 que los&nbsp;<strong>electrodos<\/strong>&nbsp;que se utilizaban para los adultos eran inadecuados cuando se aplicaban a&nbsp;<strong>neonatos<\/strong>. Ni las dimensiones, ni las caracter\u00edsticas espec\u00edficas que deber\u00edan tener estos electrodos para adaptarse a la forma de la cabeza y el tipo de piel de un neonato se encontraban disponibles en el mercado.<\/p>\n\n\n\n<p>As\u00ed que, con las ideas muy claras, Vicen\u00e7 Pascual decidi\u00f3 acudir a la unidad de transferencia tecnol\u00f3gica de la&nbsp;<strong>Universitat Rovira i Virgili (URV)<\/strong>&nbsp;en busca de alguien que pudiese dar una soluci\u00f3n t\u00e9cnica a esta necesidad. Acudi\u00f3 a su llamada Albert Fabregat, investigador del departamento de&nbsp;<strong>Ingenier\u00eda Mec\u00e1nica<\/strong>&nbsp;de la URV.&nbsp;<\/p>\n\n\n\n<p>En 2020, tras un dise\u00f1o validado como prueba de concepto, protegieron su soluci\u00f3n con una patente europea y, m\u00e1s tarde, internacional. El electrodo dise\u00f1ado por aCUP-E permite, entre otras cosas, un manejo c\u00f3modo del beb\u00e9 durante el registro, una mejor calidad de la se\u00f1al para los registros prolongados y un dise\u00f1o el\u00e1stico con una gran adaptaci\u00f3n a la cabeza del neonato. Desde aCUP-E defienden que, al ser transl\u00facido, permite revisar en todo momento la piel del neonato, adem\u00e1s de disponer de un sistema de recarga del gel electroconductor, a trav\u00e9s de un conducto c\u00f3nico, que evita da\u00f1ar accidentalmente la fr\u00e1gil piel del reci\u00e9n nacido.<\/p>\n\n\n\n<p>Ning\u00fan electrodo &nbsp;actualmente en el mercado est\u00e1 pensado para su uso en neonatos<\/p>\n\n\n\n<p>Con estos primeros logros como argumentos, fueron admitidos en el<strong>&nbsp;programa The Collider<\/strong>, la incubadora empresarial de<strong>&nbsp;Mobile World Capital Barcelona<\/strong>, desde la que despu\u00e9s, previa financiaci\u00f3n a trav\u00e9s del programa<strong>&nbsp;R2B (Research to Business) de la URV&nbsp;<\/strong>para la fase de proyecto y&nbsp;<strong>prototipado<\/strong>, ingresaron en el programa<strong>&nbsp;CaixaImpulse Validate de la Fundaci\u00f3 \u2018la Caixa\u2019<\/strong>, donde permanecer\u00e1n un a\u00f1o y medio.<\/p>\n\n\n\n<p>En este camino, concretamente en el programa The Collider, fue donde conocieron al tercero de los socios en este proyecto: Ismael \u00c1vila, biotecn\u00f3logo en el&nbsp;<strong>Parc Taul\u00ed de Sabadell<\/strong>. Con una inversi\u00f3n acumulada de unos 120.000 euros (la mayor\u00eda todav\u00eda en fase de &nbsp;despliegue, fruto del programa CaixaImpulse Validate), aCUP-E se encuentra hoy en fase de fabricaci\u00f3n de prototipos, tras obtener en diciembre de 2021 la autorizaci\u00f3n de la<strong>&nbsp;Agencia Espa\u00f1ola de Medicamentos y Productos Sanitarios&nbsp;<\/strong>para empezar con los&nbsp;<strong>ensayos cl\u00ednicos<\/strong>, que arrancar\u00e1n en semanas en el Hospital Universitari Sant Joan de Reus.<\/p>\n\n\n\n<p>En medio a\u00f1o conf\u00edan constituirse como empresa, con su sede social previsiblemente en\u00a0<strong>Tarragona<\/strong>, para, en el plazo de un a\u00f1o (un horizonte que reconocen muy optimista), salir al mercado con un producto comercial, primero en\u00a0<strong>Europa<\/strong>\u00a0y, medio a\u00f1o despu\u00e9s, en\u00a0<strong>EEUU<\/strong>.\u00a0<\/p>\n\n\n\n<p>Font: <a href=\"https:\/\/www.diaridetarragona.com\/economia\/Electrodos-para-neonatos-20220207-0001.html\" target=\"_blank\" rel=\"noreferrer noopener\">https:\/\/www.diaridetarragona.com\/economia\/Electrodos-para-neonatos-20220207-0001.html<\/a><\/p>\n","protected":false},"excerpt":{"rendered":"<p>Vicen\u00e7 Pascual, Albert Fabregat e Ismael \u00c1vila, fundadores de aCUP-E,&nbsp;esperan sacar al mercado en algo m\u00e1s de un a\u00f1o una soluci\u00f3n para la monitorizaci\u00f3n cerebral de reci\u00e9n nacidos. Albert Fabregat&nbsp;(Tarragona, 41 a\u00f1os),&nbsp;Vicen\u00e7 Pascual&nbsp;(Vic, 44 a\u00f1os) e&nbsp;Ismael \u00c1vila&nbsp;(Mollet del Vall\u00e8s, 26 a\u00f1os) son los tres socios fundadores de&nbsp;aCUP-E,&nbsp;el proyecto empresarial que acaba de ganar la \u00faltima [&hellip;]<\/p>\n","protected":false},"author":3,"featured_media":59020,"comment_status":"open","ping_status":"open","sticky":false,"template":"","format":"standard","meta":{"footnotes":""},"categories":[1027,2],"tags":[],"class_list":["post-59011","post","type-post","status-publish","format-standard","has-post-thumbnail","hentry","category-noticies-iispv-es","category-sin-categorizar"],"_links":{"self":[{"href":"https:\/\/www.iispv.cat\/es\/wp-json\/wp\/v2\/posts\/59011","targetHints":{"allow":["GET"]}}],"collection":[{"href":"https:\/\/www.iispv.cat\/es\/wp-json\/wp\/v2\/posts"}],"about":[{"href":"https:\/\/www.iispv.cat\/es\/wp-json\/wp\/v2\/types\/post"}],"author":[{"embeddable":true,"href":"https:\/\/www.iispv.cat\/es\/wp-json\/wp\/v2\/users\/3"}],"replies":[{"embeddable":true,"href":"https:\/\/www.iispv.cat\/es\/wp-json\/wp\/v2\/comments?post=59011"}],"version-history":[{"count":7,"href":"https:\/\/www.iispv.cat\/es\/wp-json\/wp\/v2\/posts\/59011\/revisions"}],"predecessor-version":[{"id":59124,"href":"https:\/\/www.iispv.cat\/es\/wp-json\/wp\/v2\/posts\/59011\/revisions\/59124"}],"wp:featuredmedia":[{"embeddable":true,"href":"https:\/\/www.iispv.cat\/es\/wp-json\/wp\/v2\/media\/59020"}],"wp:attachment":[{"href":"https:\/\/www.iispv.cat\/es\/wp-json\/wp\/v2\/media?parent=59011"}],"wp:term":[{"taxonomy":"category","embeddable":true,"href":"https:\/\/www.iispv.cat\/es\/wp-json\/wp\/v2\/categories?post=59011"},{"taxonomy":"post_tag","embeddable":true,"href":"https:\/\/www.iispv.cat\/es\/wp-json\/wp\/v2\/tags?post=59011"}],"curies":[{"name":"wp","href":"https:\/\/api.w.org\/{rel}","templated":true}]}}