{"id":58866,"date":"2022-02-08T15:24:46","date_gmt":"2022-02-08T14:24:46","guid":{"rendered":"https:\/\/www.iispv.cat\/?p=58866"},"modified":"2022-02-08T15:24:48","modified_gmt":"2022-02-08T14:24:48","slug":"reunio-dels-centres-cerca-de-la-provincia-de-tarragona-amb-la-diputacio","status":"publish","type":"post","link":"https:\/\/www.iispv.cat\/es\/reunio-dels-centres-cerca-de-la-provincia-de-tarragona-amb-la-diputacio\/","title":{"rendered":"Reuni\u00f3 dels centres CERCA de la provincia de Tarragona amb la Diputaci\u00f3."},"content":{"rendered":"\n<p>S&#8217;ha celebrat la primera reuni\u00f3 de tots els centres CERCA (Centres de Recerca de Catalunya) de la prov\u00edncia de Tarragona amb la Diputaci\u00f3 de Tarragona per tal d&#8217;establir col\u00b7laboracions i fer valdre els centres de recerca del territori.<\/p>\n\n\n\n<div style=\"height:20px\" aria-hidden=\"true\" class=\"wp-block-spacer\"><\/div>\n\n\n\n<div class=\"wp-block-image\"><figure class=\"aligncenter size-large is-resized\"><img loading=\"lazy\" decoding=\"async\" src=\"https:\/\/www.iispv.cat\/wp-content\/uploads\/2022\/02\/Reunio-Cerca-Tgn-a-Dipta-2022-02-08.jpeg\" alt=\"\" class=\"wp-image-58903\" width=\"574\" height=\"431\" srcset=\"https:\/\/www.iispv.cat\/wp-content\/uploads\/2022\/02\/Reunio-Cerca-Tgn-a-Dipta-2022-02-08.jpeg 1024w, https:\/\/www.iispv.cat\/wp-content\/uploads\/2022\/02\/Reunio-Cerca-Tgn-a-Dipta-2022-02-08-300x225.jpeg 300w, https:\/\/www.iispv.cat\/wp-content\/uploads\/2022\/02\/Reunio-Cerca-Tgn-a-Dipta-2022-02-08-768x576.jpeg 768w\" sizes=\"auto, (max-width: 574px) 100vw, 574px\" \/><figcaption>Els assitents a la reuni\u00f3<\/figcaption><\/figure><\/div>\n\n\n\n<p>Per primera vegada els directors dels centres CERCA de Tarragona es coordinen per donar valor i enfortir la translaci\u00f3 de la recerca a la societat a les nostres comarques.<\/p>\n\n\n\n<p>A la reuni\u00f3 hi han assistit la Presidenta de la Diputaci\u00f3 de Tarragona, Il\u00b7luma Noem\u00ed LLaurad\u00f3 Sans, el Diputat delegat de Projectes Europeus i Regi\u00f3 del Coneixement, Il\u00b7lum Pere Granados Carrillo i els directors dels centres CERCA de la prov\u00edncia, Prof. Emilio Palomares de l&#8217;Institut Catal\u00e0 d&#8217;Investigaci\u00f3 Qu\u00edmica (ICIQ), Prof. Robert Sala-Ramos de l&#8217;Institut Catal\u00e0 de Paleoecologia Humana i Evoluci\u00f3 Social (IPHES), el Prof. Josep Maria Palet de l&#8217;Institut Catal\u00e0 d&#8217;Arqueologia Cl\u00e0ssica (ICAC) i el Dr. Joan Josep Vendrell director de l&#8217;Institut d&#8217;Investigaci\u00f3 Sanit\u00e0ria Pere Virgili (IISPV).<\/p>\n\n\n\n<p>Estr\u00e8nyer lla\u00e7os entre les administracions p\u00fabliques i els centres de recerca del nostre territori \u00e9s un pas endavant que acostar\u00e0 la recerca a la ciutadania i ens far\u00e0 cr\u00e9ixer a tots. Donar a con\u00e8ixer la tasca dels excel\u00b7lents professionals que formen part dels centres de recerca i fer arribar les seves investigacions als ciutadans \u00e9s una de les prioritats de tots els instituts d&#8217;investigaci\u00f3.<\/p>\n","protected":false},"excerpt":{"rendered":"<p>S&#8217;ha celebrat la primera reuni\u00f3 de tots els centres CERCA (Centres de Recerca de Catalunya) de la prov\u00edncia de Tarragona amb la Diputaci\u00f3 de Tarragona per tal d&#8217;establir col\u00b7laboracions i fer valdre els centres de recerca del territori.<\/p>\n","protected":false},"author":22,"featured_media":58903,"comment_status":"open","ping_status":"open","sticky":false,"template":"","format":"standard","meta":{"footnotes":""},"categories":[2],"tags":[],"class_list":["post-58866","post","type-post","status-publish","format-standard","has-post-thumbnail","hentry","category-sin-categorizar"],"_links":{"self":[{"href":"https:\/\/www.iispv.cat\/es\/wp-json\/wp\/v2\/posts\/58866","targetHints":{"allow":["GET"]}}],"collection":[{"href":"https:\/\/www.iispv.cat\/es\/wp-json\/wp\/v2\/posts"}],"about":[{"href":"https:\/\/www.iispv.cat\/es\/wp-json\/wp\/v2\/types\/post"}],"author":[{"embeddable":true,"href":"https:\/\/www.iispv.cat\/es\/wp-json\/wp\/v2\/users\/22"}],"replies":[{"embeddable":true,"href":"https:\/\/www.iispv.cat\/es\/wp-json\/wp\/v2\/comments?post=58866"}],"version-history":[{"count":3,"href":"https:\/\/www.iispv.cat\/es\/wp-json\/wp\/v2\/posts\/58866\/revisions"}],"predecessor-version":[{"id":58914,"href":"https:\/\/www.iispv.cat\/es\/wp-json\/wp\/v2\/posts\/58866\/revisions\/58914"}],"wp:featuredmedia":[{"embeddable":true,"href":"https:\/\/www.iispv.cat\/es\/wp-json\/wp\/v2\/media\/58903"}],"wp:attachment":[{"href":"https:\/\/www.iispv.cat\/es\/wp-json\/wp\/v2\/media?parent=58866"}],"wp:term":[{"taxonomy":"category","embeddable":true,"href":"https:\/\/www.iispv.cat\/es\/wp-json\/wp\/v2\/categories?post=58866"},{"taxonomy":"post_tag","embeddable":true,"href":"https:\/\/www.iispv.cat\/es\/wp-json\/wp\/v2\/tags?post=58866"}],"curies":[{"name":"wp","href":"https:\/\/api.w.org\/{rel}","templated":true}]}}