{"id":110930,"date":"2026-01-20T14:05:48","date_gmt":"2026-01-20T13:05:48","guid":{"rendered":"https:\/\/www.iispv.cat\/el-dr-joan-borras-distinguido-con-el-premio-al-conocimiento-2026-del-ayuntamiento-de-reus\/"},"modified":"2026-01-20T14:05:48","modified_gmt":"2026-01-20T13:05:48","slug":"el-dr-joan-borras-distinguido-con-el-premio-al-conocimiento-2026-del-ayuntamiento-de-reus","status":"publish","type":"post","link":"https:\/\/www.iispv.cat\/es\/el-dr-joan-borras-distinguido-con-el-premio-al-conocimiento-2026-del-ayuntamiento-de-reus\/","title":{"rendered":"El Dr. Joan Borr\u00e0s, distinguido con el Premio al Conocimiento 2026 del Ayuntamiento de Reus"},"content":{"rendered":"El Instituto de Investigaci\u00f3n Sanitaria Pere Virgili (IISPV) celebra el reconocimiento otorgado al Dr. Joan Borr\u00e0s Balada, subdirector del Instituto de Oncolog\u00eda de la Catalu\u00f1a Sur e investigador vinculado a nuestro instituto, que ha recibido recientemente el Premio al Conocimiento 2026 del Ayuntamiento de Reus. El galard\u00f3n destaca una trayectoria clave en el desarrollo de la oncolog\u00eda en el territorio, la creaci\u00f3n del primer Registro de C\u00e1ncer de Catalu\u00f1a y una contribuci\u00f3n cient\u00edfica y asistencial que ha impulsado el progreso de la investigaci\u00f3n y la atenci\u00f3n oncol\u00f3gica en las comarcas de Tarragona y las Terres de l\u2019Ebre.\r\n\r\n<div class=\"wp-block-image\">\r\n<figure class=\"alignright size-large is-resized\"><img loading=\"lazy\" decoding=\"async\" width=\"1024\" height=\"576\" class=\"wp-image-110925\" style=\"width: 380px; height: auto;\" src=\"https:\/\/www.iispv.cat\/wp-content\/uploads\/2026\/01\/Premi_Coneixement_Joan_Borras_1_1768899615_w1400webp-1024x576.webp\" alt=\"\" srcset=\"https:\/\/www.iispv.cat\/wp-content\/uploads\/2026\/01\/Premi_Coneixement_Joan_Borras_1_1768899615_w1400webp-1024x576.webp 1024w, https:\/\/www.iispv.cat\/wp-content\/uploads\/2026\/01\/Premi_Coneixement_Joan_Borras_1_1768899615_w1400webp-300x169.webp 300w, https:\/\/www.iispv.cat\/wp-content\/uploads\/2026\/01\/Premi_Coneixement_Joan_Borras_1_1768899615_w1400webp-768x432.webp 768w, https:\/\/www.iispv.cat\/wp-content\/uploads\/2026\/01\/Premi_Coneixement_Joan_Borras_1_1768899615_w1400webp.webp 1399w\" sizes=\"auto, (max-width: 1024px) 100vw, 1024px\" \/><figcaption class=\"wp-element-caption\">Durante la recpeci\u00f3 del galard\u00f3n, este lunes en el Centre de Lectura de Reus. Foto: Hospital de Reus<\/figcaption><\/figure><\/div>\r\n\r\nDesde el IISPV, felicitamos al Dr. Borr\u00e0s por una carrera dedicada a mejorar la salud de la poblaci\u00f3n y a reforzar la relaci\u00f3n entre investigaci\u00f3n, docencia y pr\u00e1ctica cl\u00ednica.","protected":false},"excerpt":{"rendered":"<p>El Instituto de Investigaci\u00f3n Sanitaria Pere Virgili (IISPV) celebra el reconocimiento otorgado al Dr. Joan Borr\u00e0s Balada, subdirector del Instituto de Oncolog\u00eda de la Catalu\u00f1a Sur e investigador vinculado a nuestro instituto, que ha recibido recientemente el Premio al Conocimiento 2026 del Ayuntamiento de Reus. El galard\u00f3n destaca una trayectoria clave en el desarrollo de [&hellip;]<\/p>\n","protected":false},"author":36,"featured_media":110927,"comment_status":"closed","ping_status":"closed","sticky":false,"template":"","format":"standard","meta":{"footnotes":""},"categories":[1884,1404,1406,1408,1027,1407],"tags":[2847,2848,2846,2850,2849],"class_list":["post-110930","post","type-post","status-publish","format-standard","has-post-thumbnail","hentry","category-actualitat-es","category-docencia-i-formacio-es","category-institucional-es","category-investigacion","category-noticies-iispv-es","category-publicacions-es","tag-ayuntamiento-de-reus-es","tag-centre-de-lectura-de-reus-es","tag-dr-borras-es","tag-institut-doncologia-de-la-catalunya-sud-es","tag-premi-al-coneixement-es"],"_links":{"self":[{"href":"https:\/\/www.iispv.cat\/es\/wp-json\/wp\/v2\/posts\/110930","targetHints":{"allow":["GET"]}}],"collection":[{"href":"https:\/\/www.iispv.cat\/es\/wp-json\/wp\/v2\/posts"}],"about":[{"href":"https:\/\/www.iispv.cat\/es\/wp-json\/wp\/v2\/types\/post"}],"author":[{"embeddable":true,"href":"https:\/\/www.iispv.cat\/es\/wp-json\/wp\/v2\/users\/36"}],"replies":[{"embeddable":true,"href":"https:\/\/www.iispv.cat\/es\/wp-json\/wp\/v2\/comments?post=110930"}],"version-history":[{"count":0,"href":"https:\/\/www.iispv.cat\/es\/wp-json\/wp\/v2\/posts\/110930\/revisions"}],"wp:featuredmedia":[{"embeddable":true,"href":"https:\/\/www.iispv.cat\/es\/wp-json\/wp\/v2\/media\/110927"}],"wp:attachment":[{"href":"https:\/\/www.iispv.cat\/es\/wp-json\/wp\/v2\/media?parent=110930"}],"wp:term":[{"taxonomy":"category","embeddable":true,"href":"https:\/\/www.iispv.cat\/es\/wp-json\/wp\/v2\/categories?post=110930"},{"taxonomy":"post_tag","embeddable":true,"href":"https:\/\/www.iispv.cat\/es\/wp-json\/wp\/v2\/tags?post=110930"}],"curies":[{"name":"wp","href":"https:\/\/api.w.org\/{rel}","templated":true}]}}