{"id":108692,"date":"2025-09-16T07:35:39","date_gmt":"2025-09-16T06:35:39","guid":{"rendered":"https:\/\/www.iispv.cat\/mamapop-solidario-convertira-el-palacio-ferial-y-de-congresos-de-tarragona-en-un-guateque-el-1-de-noviembre\/"},"modified":"2025-09-16T07:50:04","modified_gmt":"2025-09-16T06:50:04","slug":"mamapop-solidario-convertira-el-palacio-ferial-y-de-congresos-de-tarragona-en-un-guateque-el-1-de-noviembre","status":"publish","type":"post","link":"https:\/\/www.iispv.cat\/es\/mamapop-solidario-convertira-el-palacio-ferial-y-de-congresos-de-tarragona-en-un-guateque-el-1-de-noviembre\/","title":{"rendered":"Mamapop solidario convertir\u00e1 el Palacio Ferial y de Congresos de Tarragona en un guateque el 1 de noviembre"},"content":{"rendered":"\n<p>El Palacio Ferial y de Congresos de Tarragona acoger\u00e1 por tercera vez el espect\u00e1culo solidario Mamapop, que destina todos los beneficios a la investigaci\u00f3n sobre el c\u00e1ncer de mama en el Instituto de Investigaci\u00f3n Sanitaria Pere Virgili (IISPV).<\/p>\n<div class=\"wp-block-image\">\n<figure class=\"alignright size-large is-resized\"><img loading=\"lazy\" decoding=\"async\" src=\"https:\/\/www.iispv.cat\/wp-content\/uploads\/2025\/09\/1_foto-de-grup-amb-cartell-MAMAPOP-1024x929.jpg\" alt=\"\" class=\"wp-image-108668\" width=\"478\" height=\"434\" srcset=\"https:\/\/www.iispv.cat\/wp-content\/uploads\/2025\/09\/1_foto-de-grup-amb-cartell-MAMAPOP-1024x929.jpg 1024w, https:\/\/www.iispv.cat\/wp-content\/uploads\/2025\/09\/1_foto-de-grup-amb-cartell-MAMAPOP-300x272.jpg 300w, https:\/\/www.iispv.cat\/wp-content\/uploads\/2025\/09\/1_foto-de-grup-amb-cartell-MAMAPOP-768x697.jpg 768w, https:\/\/www.iispv.cat\/wp-content\/uploads\/2025\/09\/1_foto-de-grup-amb-cartell-MAMAPOP-1536x1394.jpg 1536w, https:\/\/www.iispv.cat\/wp-content\/uploads\/2025\/09\/1_foto-de-grup-amb-cartell-MAMAPOP.jpg 1600w\" sizes=\"auto, (max-width: 478px) 100vw, 478px\" \/><figcaption>Miembros del IISPV, de Rotary Tarragona y el equipo de Mamapop, con el alcalde de Tarragona, Rub\u00e9n Vi\u00f1uales, y la presidenta de la Diputaci\u00f3 de Tarragona, Noem\u00ed Llaurad\u00f3, este lunes 15 de septiembre a la presentaci\u00f3n del Mamapop. <strong>Foto<\/strong>: IISPV<\/figcaption><\/figure><\/div>\n<p>Mamapop llegar\u00e1 por tercer a\u00f1o consecutivo a Tarragona, donde el s\u00e1bado 1 de noviembre estrenar\u00e1 su nuevo montaje. En 2025, Mamapop har\u00e1 un viaje musical por los a\u00f1os sesenta y setenta, versionando canciones m\u00edticas de artistas como Los Brincos, Los Bravos, Marisol, Miguel R\u00edos, Los Mustang, Los S\u00edrex, Nino Bravo, F\u00f3rmula V, Camilo Sesto, Jeannette, Albert Hammond y Julio Iglesias, entre otros.<\/p>\n\n<p>El espect\u00e1culo contar\u00e1 con una base instrumental pop-rock acompa\u00f1ada por violines, violas y violonchelos de la Orquesta Sinf\u00f3nica Juli\u00e0 Carbonell de las Tierras de Lleida. Las voces estar\u00e1n a cargo de Paula Costes, Nerea Garc\u00eda, Laura Roure, Anna Simon, X\u00e8nia P\u00e9rez, David Honrrubia, Toni Gilabert, Maria Fern\u00e1ndez, Pol Simon y Nom\u00eds Lenam, bajo la direcci\u00f3n musical de Josep Mar\u00eda Bossa, pianista, guitarrista, compositor y productor del sello Bossa Records. M\u00e1s de treinta profesionales estar\u00e1n sobre el escenario para ofrecer una producci\u00f3n \u00fanica e in\u00e9dita.<\/p>\n\n<p>Una vez m\u00e1s, todos los beneficios del concierto se destinar\u00e1n a la investigaci\u00f3n sobre el c\u00e1ncer de mama en el IISPV. El evento coincide con el vig\u00e9simo aniversario del instituto, que actualmente investiga la relaci\u00f3n entre la obesidad y el c\u00e1ncer de mama gracias a los fondos obtenidos en ediciones anteriores del Mamapop. El promotor y director art\u00edstico, Manel Simon, ha destacado que \u201ces un orgullo estrenar el nuevo montaje en Tarragona y hacerlo sabiendo que hay una profesional que puede dedicarse a la investigaci\u00f3n gracias al apoyo de la sociedad tarraconense\u201d.<\/p>\n\n<figure class=\"wp-block-gallery has-nested-images columns-default is-cropped wp-block-gallery-1 is-layout-flex wp-block-gallery-is-layout-flex\">\n<figure class=\"wp-block-image size-large\"><img loading=\"lazy\" decoding=\"async\" width=\"1600\" height=\"1233\" data-id=\"108683\" src=\"https:\/\/www.iispv.cat\/wp-content\/uploads\/2025\/09\/6_Subdirectora-dra-Vilella-durant-canutzado-mitjans-locals.jpg\" alt=\"\" class=\"wp-image-108683\" srcset=\"https:\/\/www.iispv.cat\/wp-content\/uploads\/2025\/09\/6_Subdirectora-dra-Vilella-durant-canutzado-mitjans-locals.jpg 1600w, https:\/\/www.iispv.cat\/wp-content\/uploads\/2025\/09\/6_Subdirectora-dra-Vilella-durant-canutzado-mitjans-locals-300x231.jpg 300w, https:\/\/www.iispv.cat\/wp-content\/uploads\/2025\/09\/6_Subdirectora-dra-Vilella-durant-canutzado-mitjans-locals-1024x789.jpg 1024w, https:\/\/www.iispv.cat\/wp-content\/uploads\/2025\/09\/6_Subdirectora-dra-Vilella-durant-canutzado-mitjans-locals-768x592.jpg 768w, https:\/\/www.iispv.cat\/wp-content\/uploads\/2025\/09\/6_Subdirectora-dra-Vilella-durant-canutzado-mitjans-locals-1536x1184.jpg 1536w\" sizes=\"auto, (max-width: 1600px) 100vw, 1600px\" \/><\/figure>\n\n\n\n<figure class=\"wp-block-image size-large\"><img loading=\"lazy\" decoding=\"async\" width=\"1548\" height=\"1600\" data-id=\"108680\" src=\"https:\/\/www.iispv.cat\/wp-content\/uploads\/2025\/09\/5_Director-del-MAMPOP-durant-latencio-a-mitjans-durant-la-presentacio-a-la-seu-tarragonina-de-lIISPV.jpg\" alt=\"\" class=\"wp-image-108680\" srcset=\"https:\/\/www.iispv.cat\/wp-content\/uploads\/2025\/09\/5_Director-del-MAMPOP-durant-latencio-a-mitjans-durant-la-presentacio-a-la-seu-tarragonina-de-lIISPV.jpg 1548w, https:\/\/www.iispv.cat\/wp-content\/uploads\/2025\/09\/5_Director-del-MAMPOP-durant-latencio-a-mitjans-durant-la-presentacio-a-la-seu-tarragonina-de-lIISPV-290x300.jpg 290w, https:\/\/www.iispv.cat\/wp-content\/uploads\/2025\/09\/5_Director-del-MAMPOP-durant-latencio-a-mitjans-durant-la-presentacio-a-la-seu-tarragonina-de-lIISPV-991x1024.jpg 991w, https:\/\/www.iispv.cat\/wp-content\/uploads\/2025\/09\/5_Director-del-MAMPOP-durant-latencio-a-mitjans-durant-la-presentacio-a-la-seu-tarragonina-de-lIISPV-768x794.jpg 768w, https:\/\/www.iispv.cat\/wp-content\/uploads\/2025\/09\/5_Director-del-MAMPOP-durant-latencio-a-mitjans-durant-la-presentacio-a-la-seu-tarragonina-de-lIISPV-1486x1536.jpg 1486w\" sizes=\"auto, (max-width: 1548px) 100vw, 1548px\" \/><\/figure>\n\n\n\n<figure class=\"wp-block-image size-large\"><img loading=\"lazy\" decoding=\"async\" width=\"1600\" height=\"1567\" data-id=\"108677\" src=\"https:\/\/www.iispv.cat\/wp-content\/uploads\/2025\/09\/4_Presidenta-Diputacio-Tarragona-Llaurado-en-declaracions-als-mitjans-durant-la-rdp.jpg\" alt=\"\" class=\"wp-image-108677\" srcset=\"https:\/\/www.iispv.cat\/wp-content\/uploads\/2025\/09\/4_Presidenta-Diputacio-Tarragona-Llaurado-en-declaracions-als-mitjans-durant-la-rdp.jpg 1600w, https:\/\/www.iispv.cat\/wp-content\/uploads\/2025\/09\/4_Presidenta-Diputacio-Tarragona-Llaurado-en-declaracions-als-mitjans-durant-la-rdp-300x294.jpg 300w, https:\/\/www.iispv.cat\/wp-content\/uploads\/2025\/09\/4_Presidenta-Diputacio-Tarragona-Llaurado-en-declaracions-als-mitjans-durant-la-rdp-1024x1003.jpg 1024w, https:\/\/www.iispv.cat\/wp-content\/uploads\/2025\/09\/4_Presidenta-Diputacio-Tarragona-Llaurado-en-declaracions-als-mitjans-durant-la-rdp-768x752.jpg 768w, https:\/\/www.iispv.cat\/wp-content\/uploads\/2025\/09\/4_Presidenta-Diputacio-Tarragona-Llaurado-en-declaracions-als-mitjans-durant-la-rdp-1536x1504.jpg 1536w\" sizes=\"auto, (max-width: 1600px) 100vw, 1600px\" \/><\/figure>\n<\/figure>\n\n<p>La doctora Elisabet Vilella, subdirectora del IISPV, ha explicado que \u201clas investigaciones ya est\u00e1n dando resultados que se han presentado en varios congresos. De forma preliminar, podemos decir que los experimentos est\u00e1n validando la hip\u00f3tesis que buscaba conexiones entre la obesidad y el c\u00e1ncer de mama. La evoluci\u00f3n del proyecto depende de seguir obteniendo financiaci\u00f3n. Actualmente, estamos esperando la resoluci\u00f3n de una ayuda solicitada a la Asociaci\u00f3n Espa\u00f1ola Contra el C\u00e1ncer (AECC)\u201d.<\/p>\n\n<p>Por su parte, la presidenta de la Diputaci\u00f3n de Tarragona, Noem\u00ed Llaurad\u00f3, ha subrayado el compromiso de la instituci\u00f3n \u201ccon la cultura, la investigaci\u00f3n y la solidaridad\u201d. \u201cMamapop va m\u00e1s all\u00e1, es un espect\u00e1culo que moviliza conciencias\u201d, ha a\u00f1adido.<\/p>\n\n<p>El acto se present\u00f3 este lunes en la sede del IISPV. El alcalde de Tarragona, Rub\u00e9n Vi\u00f1uales, ha afirmado que \u201cMamapop naci\u00f3 para sensibilizar y movilizar a la ciudadan\u00eda contra el c\u00e1ncer de mama, y lo hace a trav\u00e9s del lenguaje universal de la m\u00fasica. Ese entusiasmo y energ\u00eda, el IISPV lo transforma en investigaci\u00f3n cient\u00edfica de vanguardia para mejorar la esperanza y calidad de vida de las personas afectadas\u201d.<\/p>\n\n<figure class=\"wp-block-gallery has-nested-images columns-default is-cropped wp-block-gallery-2 is-layout-flex wp-block-gallery-is-layout-flex\">\n<figure class=\"wp-block-image size-large\"><img loading=\"lazy\" decoding=\"async\" width=\"1427\" height=\"1600\" data-id=\"108674\" src=\"https:\/\/www.iispv.cat\/wp-content\/uploads\/2025\/09\/3_Alcalde-Tarragona-Vinuales-en-declaracio-a-mitjans-de-comunicacio.jpg\" alt=\"\" class=\"wp-image-108674\" srcset=\"https:\/\/www.iispv.cat\/wp-content\/uploads\/2025\/09\/3_Alcalde-Tarragona-Vinuales-en-declaracio-a-mitjans-de-comunicacio.jpg 1427w, https:\/\/www.iispv.cat\/wp-content\/uploads\/2025\/09\/3_Alcalde-Tarragona-Vinuales-en-declaracio-a-mitjans-de-comunicacio-268x300.jpg 268w, https:\/\/www.iispv.cat\/wp-content\/uploads\/2025\/09\/3_Alcalde-Tarragona-Vinuales-en-declaracio-a-mitjans-de-comunicacio-913x1024.jpg 913w, https:\/\/www.iispv.cat\/wp-content\/uploads\/2025\/09\/3_Alcalde-Tarragona-Vinuales-en-declaracio-a-mitjans-de-comunicacio-768x861.jpg 768w, https:\/\/www.iispv.cat\/wp-content\/uploads\/2025\/09\/3_Alcalde-Tarragona-Vinuales-en-declaracio-a-mitjans-de-comunicacio-1370x1536.jpg 1370w\" sizes=\"auto, (max-width: 1427px) 100vw, 1427px\" \/><\/figure>\n\n\n\n<figure class=\"wp-block-image size-large\"><img loading=\"lazy\" decoding=\"async\" width=\"1600\" height=\"1418\" data-id=\"108671\" src=\"https:\/\/www.iispv.cat\/wp-content\/uploads\/2025\/09\/2_investigadora-Noelia-grup-Diamet-de-lIISPV-atencio-a-mitjans.jpg\" alt=\"\" class=\"wp-image-108671\" srcset=\"https:\/\/www.iispv.cat\/wp-content\/uploads\/2025\/09\/2_investigadora-Noelia-grup-Diamet-de-lIISPV-atencio-a-mitjans.jpg 1600w, https:\/\/www.iispv.cat\/wp-content\/uploads\/2025\/09\/2_investigadora-Noelia-grup-Diamet-de-lIISPV-atencio-a-mitjans-300x266.jpg 300w, https:\/\/www.iispv.cat\/wp-content\/uploads\/2025\/09\/2_investigadora-Noelia-grup-Diamet-de-lIISPV-atencio-a-mitjans-1024x908.jpg 1024w, https:\/\/www.iispv.cat\/wp-content\/uploads\/2025\/09\/2_investigadora-Noelia-grup-Diamet-de-lIISPV-atencio-a-mitjans-768x681.jpg 768w, https:\/\/www.iispv.cat\/wp-content\/uploads\/2025\/09\/2_investigadora-Noelia-grup-Diamet-de-lIISPV-atencio-a-mitjans-1536x1361.jpg 1536w\" sizes=\"auto, (max-width: 1600px) 100vw, 1600px\" \/><\/figure>\n<\/figure>\n\n<p><\/p>\n\n<p>Mamapop Tarragona cuenta con el apoyo de Fundaci\u00f3n Repsol, Factor Energ\u00eda, el Puerto de Tarragona, el Ayuntamiento de Tarragona, el Palacio Ferial y de Congresos, el Club Rotary Tarragona, el Club B\u00e0squet Tarragona, el N\u00e0stic de Tarragona y la colaboraci\u00f3n de la Diputaci\u00f3n de Tarragona. El espect\u00e1culo se celebrar\u00e1 el s\u00e1bado 1 de noviembre de 2025 a las 20h. Ya est\u00e1n a la venta m\u00e1s de mil entradas en www.mamapop.cat y f\u00edsicamente en FarmaTarraco (C\/ de Pere Martell, 5).<\/p>\n","protected":false},"excerpt":{"rendered":"<p>El Palacio Ferial y de Congresos de Tarragona acoger\u00e1 por tercera vez el espect\u00e1culo solidario Mamapop, que destina todos los beneficios a la investigaci\u00f3n sobre el c\u00e1ncer de mama en el Instituto de Investigaci\u00f3n Sanitaria Pere Virgili (IISPV). Mamapop llegar\u00e1 por tercer a\u00f1o consecutivo a Tarragona, donde el s\u00e1bado 1 de noviembre estrenar\u00e1 su nuevo [&hellip;]<\/p>\n","protected":false},"author":36,"featured_media":108688,"comment_status":"closed","ping_status":"closed","sticky":false,"template":"","format":"standard","meta":{"footnotes":""},"categories":[1884,2166,1406,1408,1830,1027,1407,2004],"tags":[2649,2311,2646,2647,2648,2286],"class_list":["post-108692","post","type-post","status-publish","format-standard","has-post-thumbnail","hentry","category-actualitat-es","category-agenda-es","category-institucional-es","category-investigacion","category-notas-de-prensa","category-noticies-iispv-es","category-publicacions-es","category-temes-de-salut-es","tag-cancer-mama-es","tag-iispv-es","tag-mamapop-es","tag-rotary-tarragona-es","tag-solidario","tag-urv-es"],"_links":{"self":[{"href":"https:\/\/www.iispv.cat\/es\/wp-json\/wp\/v2\/posts\/108692","targetHints":{"allow":["GET"]}}],"collection":[{"href":"https:\/\/www.iispv.cat\/es\/wp-json\/wp\/v2\/posts"}],"about":[{"href":"https:\/\/www.iispv.cat\/es\/wp-json\/wp\/v2\/types\/post"}],"author":[{"embeddable":true,"href":"https:\/\/www.iispv.cat\/es\/wp-json\/wp\/v2\/users\/36"}],"replies":[{"embeddable":true,"href":"https:\/\/www.iispv.cat\/es\/wp-json\/wp\/v2\/comments?post=108692"}],"version-history":[{"count":1,"href":"https:\/\/www.iispv.cat\/es\/wp-json\/wp\/v2\/posts\/108692\/revisions"}],"predecessor-version":[{"id":108693,"href":"https:\/\/www.iispv.cat\/es\/wp-json\/wp\/v2\/posts\/108692\/revisions\/108693"}],"wp:featuredmedia":[{"embeddable":true,"href":"https:\/\/www.iispv.cat\/es\/wp-json\/wp\/v2\/media\/108688"}],"wp:attachment":[{"href":"https:\/\/www.iispv.cat\/es\/wp-json\/wp\/v2\/media?parent=108692"}],"wp:term":[{"taxonomy":"category","embeddable":true,"href":"https:\/\/www.iispv.cat\/es\/wp-json\/wp\/v2\/categories?post=108692"},{"taxonomy":"post_tag","embeddable":true,"href":"https:\/\/www.iispv.cat\/es\/wp-json\/wp\/v2\/tags?post=108692"}],"curies":[{"name":"wp","href":"https:\/\/api.w.org\/{rel}","templated":true}]}}