{"id":108470,"date":"2025-09-01T11:26:54","date_gmt":"2025-09-01T10:26:54","guid":{"rendered":"https:\/\/www.iispv.cat\/reus-acoge-las-microcharlas-de-la-nit-europea-de-la-recerca-con-temas-de-salud-energia-y-medio-ambiente\/"},"modified":"2025-09-09T15:52:35","modified_gmt":"2025-09-09T14:52:35","slug":"reus-acoge-las-microcharlas-de-la-nit-europea-de-la-recerca-con-temas-de-salud-energia-y-medio-ambiente","status":"publish","type":"post","link":"https:\/\/www.iispv.cat\/es\/reus-acoge-las-microcharlas-de-la-nit-europea-de-la-recerca-con-temas-de-salud-energia-y-medio-ambiente\/","title":{"rendered":"Reus acoge las microcharlas de la Nit Europea de la Recerca con temas de salud, energ\u00eda y medio ambiente"},"content":{"rendered":"\n<p>El IISPV organiza la actividad para celebrarse el s\u00e1bado 20 de septiembre a las 12 h en el Rac\u00f3 de La Palma de Reus, que ir\u00e1n a cargo de investigadores e investigadoras de centros de investigaci\u00f3n del territorio<\/p>\n\n\n<div class=\"wp-block-image\">\n<figure class=\"alignright size-full is-resized\"><img loading=\"lazy\" decoding=\"async\" src=\"https:\/\/www.iispv.cat\/wp-content\/uploads\/2025\/09\/Microxerrades-14.jpeg\" alt=\"\" class=\"wp-image-108465\" width=\"471\" height=\"353\" srcset=\"https:\/\/www.iispv.cat\/wp-content\/uploads\/2025\/09\/Microxerrades-14.jpeg 1024w, https:\/\/www.iispv.cat\/wp-content\/uploads\/2025\/09\/Microxerrades-14-300x225.jpeg 300w, https:\/\/www.iispv.cat\/wp-content\/uploads\/2025\/09\/Microxerrades-14-768x576.jpeg 768w\" sizes=\"auto, (max-width: 471px) 100vw, 471px\" \/><figcaption>Las microcharlas celebradas el pasado 2023<\/figcaption><\/figure><\/div>\n\n\n<p>El pr\u00f3ximo s\u00e1bado 20 de septiembre a las 12 h, el Rac\u00f3 de la Palma de Reus ser\u00e1 el escenario de las microcharlas cient\u00edficas, una actividad incluida en la Noche Europea de la Investigaci\u00f3n que tiene como objetivo acercar la ciencia a la ciudadan\u00eda de forma amena, cercana y divulgativa.<\/p>\n\n\n\n<p>El acto est\u00e1 organizado por el Instituto de Investigaci\u00f3n Sanitaria Pere Virgili (IISPV), en colaboraci\u00f3n con la Universidad Rovira i Virgili (URV) y otros centros de investigaci\u00f3n del territorio. Investigadores e investigadoras de diferentes \u00e1reas compartir\u00e1n, en intervenciones de 10 minutos, los avances m\u00e1s recientes en salud, sostenibilidad, energ\u00eda y bienestar.<\/p>\n\n\n\n<p>Entre los temas que se tratar\u00e1n destacan los efectos de los micropl\u00e1sticos en el intestino, el papel de la dieta mediterr\u00e1nea durante el embarazo, la seguridad del paciente en situaciones cr\u00edticas, el uso responsable de los antibi\u00f3ticos, los trastornos psiqui\u00e1tricos y las claves para una transici\u00f3n energ\u00e9tica justa y sostenible. La persona que conducir\u00e1 el acto ser\u00e1 el investigador y divulgador Mart\u00ed Llaurador.<\/p>\n\n\n\n<p>Los ponentes ser\u00e1n:<\/p>\n\n\n\n<p>Celia Uroz Mas \u2013 Efectos de los micropl\u00e1sticos en nuestro intestino<\/p>\n\n\n\n<p><em>Sergi Dan\u00e9s<\/em> \u2013 Del sol al combustible: energ\u00eda limpia para una sociedad sostenible<\/p>\n\n\n\n<p><em>Sara Bernardo Castro<\/em> \u2013 Dieta mediterr\u00e1nea durante el embarazo: moldeando el desarrollo cerebral y psicol\u00f3gico de tus hijos<\/p>\n\n\n\n<p><em>Ruth Tortosa Alted<\/em> \u2013 La transferencia de cuidados en enfermedad cr\u00edtica: un reto de seguridad del paciente<\/p>\n\n\n\n<p><em>Marta Llorens Fons<\/em> \u2013 \u00a1Antibi\u00f3ticos: man\u00e9jalos con cuidado!<\/p>\n\n\n\n<p><em>Sergi Saladi\u00e9 Gil<\/em> \u2013 Bases para una transici\u00f3n energ\u00e9tica justa y sostenible<\/p>\n\n\n\n<p><em>Elisabet Vilella Cuadrada<\/em> \u2013 Trastornos psiqui\u00e1tricos: factores de riesgo y factores protectores<\/p>\n\n\n\n<p>La actividad est\u00e1 dirigida al p\u00fablico general, con un formato cercano y accesible, y forma parte del conjunto de acciones que el IISPV impulsa para fomentar la cultura cient\u00edfica y conectar la investigaci\u00f3n con la sociedad.<\/p>\n","protected":false},"excerpt":{"rendered":"<p>El IISPV organiza la actividad para celebrarse el s\u00e1bado 20 de septiembre a las 12 h en el Rac\u00f3 de La Palma de Reus, que ir\u00e1n a cargo de investigadores e investigadoras de centros de investigaci\u00f3n del territorio El pr\u00f3ximo s\u00e1bado 20 de septiembre a las 12 h, el Rac\u00f3 de la Palma de Reus [&hellip;]<\/p>\n","protected":false},"author":36,"featured_media":108465,"comment_status":"closed","ping_status":"closed","sticky":false,"template":"","format":"standard","meta":{"footnotes":""},"categories":[1884,2166,1403,1404,1405,1406,1408,1830,1027,1407,2,2004],"tags":[2311,2286],"class_list":["post-108470","post","type-post","status-publish","format-standard","has-post-thumbnail","hentry","category-actualitat-es","category-agenda-es","category-asistencia-es","category-docencia-i-formacio-es","category-innovacio-es","category-institucional-es","category-investigacion","category-notas-de-prensa","category-noticies-iispv-es","category-publicacions-es","category-sin-categorizar","category-temes-de-salut-es","tag-iispv-es","tag-urv-es"],"_links":{"self":[{"href":"https:\/\/www.iispv.cat\/es\/wp-json\/wp\/v2\/posts\/108470","targetHints":{"allow":["GET"]}}],"collection":[{"href":"https:\/\/www.iispv.cat\/es\/wp-json\/wp\/v2\/posts"}],"about":[{"href":"https:\/\/www.iispv.cat\/es\/wp-json\/wp\/v2\/types\/post"}],"author":[{"embeddable":true,"href":"https:\/\/www.iispv.cat\/es\/wp-json\/wp\/v2\/users\/36"}],"replies":[{"embeddable":true,"href":"https:\/\/www.iispv.cat\/es\/wp-json\/wp\/v2\/comments?post=108470"}],"version-history":[{"count":2,"href":"https:\/\/www.iispv.cat\/es\/wp-json\/wp\/v2\/posts\/108470\/revisions"}],"predecessor-version":[{"id":108603,"href":"https:\/\/www.iispv.cat\/es\/wp-json\/wp\/v2\/posts\/108470\/revisions\/108603"}],"wp:featuredmedia":[{"embeddable":true,"href":"https:\/\/www.iispv.cat\/es\/wp-json\/wp\/v2\/media\/108465"}],"wp:attachment":[{"href":"https:\/\/www.iispv.cat\/es\/wp-json\/wp\/v2\/media?parent=108470"}],"wp:term":[{"taxonomy":"category","embeddable":true,"href":"https:\/\/www.iispv.cat\/es\/wp-json\/wp\/v2\/categories?post=108470"},{"taxonomy":"post_tag","embeddable":true,"href":"https:\/\/www.iispv.cat\/es\/wp-json\/wp\/v2\/tags?post=108470"}],"curies":[{"name":"wp","href":"https:\/\/api.w.org\/{rel}","templated":true}]}}