{"id":108040,"date":"2025-10-22T08:09:56","date_gmt":"2025-10-22T07:09:56","guid":{"rendered":"https:\/\/www.iispv.cat\/?p=108040"},"modified":"2025-10-28T13:25:20","modified_gmt":"2025-10-28T12:25:20","slug":"se-buscan-familias-con-bebes-para-participar-en-un-estudio-sobre-la-microbiota-intestinal","status":"publish","type":"post","link":"https:\/\/www.iispv.cat\/es\/se-buscan-familias-con-bebes-para-participar-en-un-estudio-sobre-la-microbiota-intestinal\/","title":{"rendered":"Desarrollar\u00e1n un alimento funcional para mejorar la salud intestinal e inmunol\u00f3gica de los beb\u00e9s"},"content":{"rendered":"\n<p><em>El grupo de investigaci\u00f3n PEDINUR de la URV y el IISPV busca familias con beb\u00e9s de 4 a 5 meses y de 18 meses que quieran participar en el estudio<\/em><\/p>\n\n\n<div class=\"wp-block-image\">\n<figure class=\"alignright size-large is-resized\"><img loading=\"lazy\" decoding=\"async\" src=\"https:\/\/www.iispv.cat\/wp-content\/uploads\/2025\/08\/Imagen1-682x1024.jpg\" alt=\"\" class=\"wp-image-108036\" width=\"304\" height=\"457\" srcset=\"https:\/\/www.iispv.cat\/wp-content\/uploads\/2025\/08\/Imagen1-682x1024.jpg 682w, https:\/\/www.iispv.cat\/wp-content\/uploads\/2025\/08\/Imagen1-200x300.jpg 200w, https:\/\/www.iispv.cat\/wp-content\/uploads\/2025\/08\/Imagen1-768x1153.jpg 768w, https:\/\/www.iispv.cat\/wp-content\/uploads\/2025\/08\/Imagen1-1023x1536.jpg 1023w, https:\/\/www.iispv.cat\/wp-content\/uploads\/2025\/08\/Imagen1-1364x2048.jpg 1364w, https:\/\/www.iispv.cat\/wp-content\/uploads\/2025\/08\/Imagen1-scaled.jpg 1705w\" sizes=\"auto, (max-width: 304px) 100vw, 304px\" \/><\/figure><\/div>\n\n\n<p>Desarrollar un alimento funcional que contribuya a una mejor salud intestinal e inmunol\u00f3gica de los beb\u00e9s es el objetivo de GUTBABI. Este proyecto, en el que trabaja el grupo de investigaci\u00f3n en Pediatr\u00eda, Nutrici\u00f3n y Desarrollo Humano (PEDINUR) de la Universidad Rovira i Virgili (URV) con el Instituto de Investigaci\u00f3n Sanitaria Pere Virgili (IISPV), quiere entender c\u00f3mo evoluciona la microbiota intestinal durante los primeros meses de vida. Para ello, el equipo investigador busca familias con beb\u00e9s de 4 a 5 meses y de 18 meses interesadas en participar en esta investigaci\u00f3n, que \u00fanicamente tendr\u00e1n que recoger una muestra de heces del beb\u00e9 y responder a algunos cuestionarios telef\u00f3nicos. Las personas interesadas&nbsp;<a href=\"https:\/\/diaridigital.urv.cat\/es\/desarrollaran-un-alimento-funcional-para-mejorar-la-salud-intestinal-e-inmunologica-de-los-bebes\/recerca.pediatria@iispv.cat\">deben enviar un correo electr\u00f3nico<\/a>.<\/p>\n\n\n\n<p>El objetivo del estudio es llegar a desarrollar un alimento complementario funcional que favorezca el establecimiento de una microbiota intestinal saludable y refuerce el sistema inmunitario de los ni\u00f1os y ni\u00f1as desde las primeras etapas de la vida.<\/p>\n\n\n\n<p>Esta investigaci\u00f3n es un trabajo colaborativo entre entidades p\u00fablicas y privadas como URV-IISPV, Fruselva (impulsor y coordinador del proyecto), Leitat, i-GRAPE y ALGEMY, con la financiaci\u00f3n del Ministerio de Ciencia, Innovaci\u00f3n y Universidades y de los fondos Europeos FEDER.<\/p>\n\n\n<div class=\"wp-block-image\">\n<figure class=\"aligncenter size-full is-resized\"><img loading=\"lazy\" decoding=\"async\" src=\"https:\/\/www.iispv.cat\/wp-content\/uploads\/2025\/10\/thumbnail_image008.jpg\" alt=\"\" class=\"wp-image-109493\" width=\"466\" height=\"90\" srcset=\"https:\/\/www.iispv.cat\/wp-content\/uploads\/2025\/10\/thumbnail_image008.jpg 800w, https:\/\/www.iispv.cat\/wp-content\/uploads\/2025\/10\/thumbnail_image008-300x58.jpg 300w, https:\/\/www.iispv.cat\/wp-content\/uploads\/2025\/10\/thumbnail_image008-768x149.jpg 768w\" sizes=\"auto, (max-width: 466px) 100vw, 466px\" \/><figcaption>Este proyecto CPP2023-010598 est\u00e1 financiado por MCIN\/AEI\/10.13039\/501100011033\/ FEDER, UE<\/figcaption><\/figure><\/div>","protected":false},"excerpt":{"rendered":"<p>El grupo de investigaci\u00f3n PEDINUR de la URV y el IISPV busca familias con beb\u00e9s de 4 a 5 meses y de 18 meses que quieran participar en el estudio Desarrollar un alimento funcional que contribuya a una mejor salud intestinal e inmunol\u00f3gica de los beb\u00e9s es el objetivo de GUTBABI. Este proyecto, en el [&hellip;]<\/p>\n","protected":false},"author":36,"featured_media":108038,"comment_status":"closed","ping_status":"closed","sticky":false,"template":"","format":"standard","meta":{"footnotes":""},"categories":[1884,2166,1403,1406,1408,1027,1407,2004],"tags":[2587,2585,2586,2589,2588,2590,2286],"class_list":["post-108040","post","type-post","status-publish","format-standard","has-post-thumbnail","hentry","category-actualitat-es","category-agenda-es","category-asistencia-es","category-institucional-es","category-investigacion","category-noticies-iispv-es","category-publicacions-es","category-temes-de-salut-es","tag-algemy-es","tag-fruselva-es","tag-leitat-es","tag-pedinur-es","tag-proyecto-gutbabi","tag-reclutamiento","tag-urv-es"],"_links":{"self":[{"href":"https:\/\/www.iispv.cat\/es\/wp-json\/wp\/v2\/posts\/108040","targetHints":{"allow":["GET"]}}],"collection":[{"href":"https:\/\/www.iispv.cat\/es\/wp-json\/wp\/v2\/posts"}],"about":[{"href":"https:\/\/www.iispv.cat\/es\/wp-json\/wp\/v2\/types\/post"}],"author":[{"embeddable":true,"href":"https:\/\/www.iispv.cat\/es\/wp-json\/wp\/v2\/users\/36"}],"replies":[{"embeddable":true,"href":"https:\/\/www.iispv.cat\/es\/wp-json\/wp\/v2\/comments?post=108040"}],"version-history":[{"count":6,"href":"https:\/\/www.iispv.cat\/es\/wp-json\/wp\/v2\/posts\/108040\/revisions"}],"predecessor-version":[{"id":109496,"href":"https:\/\/www.iispv.cat\/es\/wp-json\/wp\/v2\/posts\/108040\/revisions\/109496"}],"wp:featuredmedia":[{"embeddable":true,"href":"https:\/\/www.iispv.cat\/es\/wp-json\/wp\/v2\/media\/108038"}],"wp:attachment":[{"href":"https:\/\/www.iispv.cat\/es\/wp-json\/wp\/v2\/media?parent=108040"}],"wp:term":[{"taxonomy":"category","embeddable":true,"href":"https:\/\/www.iispv.cat\/es\/wp-json\/wp\/v2\/categories?post=108040"},{"taxonomy":"post_tag","embeddable":true,"href":"https:\/\/www.iispv.cat\/es\/wp-json\/wp\/v2\/tags?post=108040"}],"curies":[{"name":"wp","href":"https:\/\/api.w.org\/{rel}","templated":true}]}}