{"id":107378,"date":"2025-07-02T11:48:15","date_gmt":"2025-07-02T10:48:15","guid":{"rendered":"https:\/\/www.iispv.cat\/el-ayuntamiento-de-reus-y-el-iispv-firman-un-protocolo-para-establecer-mecanismos-de-colaboracion-en-el-ambito-de-la-salud\/"},"modified":"2025-07-02T11:48:17","modified_gmt":"2025-07-02T10:48:17","slug":"el-ayuntamiento-de-reus-y-el-iispv-firman-un-protocolo-para-establecer-mecanismos-de-colaboracion-en-el-ambito-de-la-salud","status":"publish","type":"post","link":"https:\/\/www.iispv.cat\/es\/el-ayuntamiento-de-reus-y-el-iispv-firman-un-protocolo-para-establecer-mecanismos-de-colaboracion-en-el-ambito-de-la-salud\/","title":{"rendered":"El Ayuntamiento de Reus y el IISPV firman un protocolo para establecer mecanismos de colaboraci\u00f3n en el \u00e1mbito de la salud"},"content":{"rendered":"\n<p>El acuerdo prev\u00e9 la cooperaci\u00f3n de las dos instituciones en cuanto a la celebraci\u00f3n de actos y eventos que promuevan h\u00e1bitos saludables entre la ciudadan\u00eda <\/p>\n\n<figure class=\"wp-block-image size-large\"><img loading=\"lazy\" decoding=\"async\" width=\"1024\" height=\"769\" src=\"https:\/\/www.iispv.cat\/wp-content\/uploads\/2025\/07\/signatura-conveni-ajuntament-reus-i-iispv-1024x769.jpg\" alt=\"\" class=\"wp-image-107373\" srcset=\"https:\/\/www.iispv.cat\/wp-content\/uploads\/2025\/07\/signatura-conveni-ajuntament-reus-i-iispv-1024x769.jpg 1024w, https:\/\/www.iispv.cat\/wp-content\/uploads\/2025\/07\/signatura-conveni-ajuntament-reus-i-iispv-300x225.jpg 300w, https:\/\/www.iispv.cat\/wp-content\/uploads\/2025\/07\/signatura-conveni-ajuntament-reus-i-iispv-768x576.jpg 768w, https:\/\/www.iispv.cat\/wp-content\/uploads\/2025\/07\/signatura-conveni-ajuntament-reus-i-iispv-1536x1153.jpg 1536w, https:\/\/www.iispv.cat\/wp-content\/uploads\/2025\/07\/signatura-conveni-ajuntament-reus-i-iispv.jpg 2048w\" sizes=\"auto, (max-width: 1024px) 100vw, 1024px\" \/><figcaption>Director del IISPV, Joan Vendrell, alcaldesa de Reus, Sandra Guaita, y el segundo teniente de alcaldesa, Josep Baiges, en el Ayuntamiento de Reus.<\/figcaption><\/figure>\n\n<p>La alcaldesa de Reus, Sandra Guaita, y el director del Institut d\u2019Investigaci\u00f3 Sanit\u00e0ria Pere Virgili (IISPV), Joan Vendrell, han firmado un protocolo marco de colaboraci\u00f3n para fomentar mecanismos conjuntos en el \u00e1mbito de la sanidad, la salud p\u00fablica y la promoci\u00f3n de la salud, destacando la detecci\u00f3n precoz de enfermedades y la respuesta r\u00e1pida y eficiente ante emergencias sanitarias. El acuerdo, el primero que se firma entre ambas instituciones, contempla tambi\u00e9n la colaboraci\u00f3n en el impulso de acciones y proyectos que se desarrollen en estos \u00e1mbitos desde los diferentes departamentos del Ayuntamiento de Reus y del IISPV. Asimismo, prev\u00e9 la cooperaci\u00f3n de las dos instituciones en cuanto a la celebraci\u00f3n de actos y eventos que tengan el objetivo de promover h\u00e1bitos saludables entre la ciudadan\u00eda. <\/p>\n\n<p>En cuanto a la transferencia del conocimiento, el protocolo firmado contempla la difusi\u00f3n de la producci\u00f3n cient\u00edfica realizada por el personal investigador del Institut mediante ensayos cl\u00ednicos, patentes, acuerdos o la creaci\u00f3n de empresas emergentes. El convenio prev\u00e9 fomentar tambi\u00e9n, la realizaci\u00f3n de talleres y seminarios especializados en gesti\u00f3n del talento y fomento de la ocupaci\u00f3n en el \u00e1mbito de la salud y orientados al desarrollo de nuevas habilidades y conocimientos adaptados a las necesidades emergentes del mercado laboral. Otro de los puntos tiene que ver con la investigaci\u00f3n orientada a resolver problemas concretos de la poblaci\u00f3n y la industria y con el establecimiento de alianzas estrat\u00e9gicas para liderar proyectos transformadores sectoriales y territoriales, mediante iniciativas de ciencia ciudadana. <\/p>\n\n<p>El protocolo marco firmado regula la colaboraci\u00f3n entre ambas instituciones de aqu\u00ed a cuatro a\u00f1os, con posibilidad de pr\u00f3rroga de a\u00f1o en a\u00f1o con un m\u00e1ximo de cuatro, as\u00ed como su modificaci\u00f3n o la extinci\u00f3n. Fruto de la firma del acuerdo, tambi\u00e9n se crea una comisi\u00f3n de seguimiento con el objetivo de facilitar la redacci\u00f3n de acciones y verificar su ejecuci\u00f3n y cumplimiento. <\/p>\n\n<p>La firma del protocolo marco de colaboraci\u00f3n entre el Ayuntamiento de Reus y el Institut d\u2019Investigaci\u00f3 Sanit\u00e0ria Pere Virgili, confirma el compromiso del consistorio reusense con la innovaci\u00f3n, la ciencia y la tecnolog\u00eda, compromiso por el que, el pasado mes de mayo, la ciudad fue distinguida con el galard\u00f3n de Ciudad de la Ciencia otorgado por el Ministerio de Ciencia, Innovaci\u00f3n y Universidades. En este sentido, la alcaldesa destaca: \u00abLa promoci\u00f3n de la ciencia, la investigaci\u00f3n y la innovaci\u00f3n tiene que situarse en el centro de la acci\u00f3n p\u00fablica como motor de desarrollo territorial. As\u00ed nos hemos comprometido con el Pla d\u2019Acci\u00f3 Municipal 2023-2027. Desde la administraci\u00f3n hay que impulsar la generaci\u00f3n y gesti\u00f3n del conocimiento, la capacitaci\u00f3n profesional y la atracci\u00f3n de talento, vincul\u00e1ndolos de manera estrat\u00e9gica en el territorio. Este compromiso solo ser\u00e1 efectivo si cuenta con la colaboraci\u00f3n activa del tejido empresarial, instituciones cient\u00edficas y acad\u00e9micas y las administraciones\u201d. <\/p>\n\n<p>La firma de este protocolo marco de colaboraci\u00f3n coincide tambi\u00e9n con la celebraci\u00f3n, durante este 2025, del 20\u00ba cumplea\u00f1os del IISPV. Para el director de dicho instituto de investigaci\u00f3n biom\u00e9dica con presencia en el conjunto de la provincia de Tarragona, \u201ces muy importante saber que las instituciones del territorio nos apoyan. Tejer complicidades con el territorio facilita que podamos transformar el conocimiento cient\u00edfico en soluciones reales para los pacientes y la sociedad, y este es el objetivo principal de nuestro instituto y del conjunto de personas que hacen investigaci\u00f3n a trav\u00e9s de la IISPV\u201d.<\/p>\n","protected":false},"excerpt":{"rendered":"<p>El acuerdo prev\u00e9 la cooperaci\u00f3n de las dos instituciones en cuanto a la celebraci\u00f3n de actos y eventos que promuevan h\u00e1bitos saludables entre la ciudadan\u00eda La alcaldesa de Reus, Sandra Guaita, y el director del Institut d\u2019Investigaci\u00f3 Sanit\u00e0ria Pere Virgili (IISPV), Joan Vendrell, han firmado un protocolo marco de colaboraci\u00f3n para fomentar mecanismos conjuntos en [&hellip;]<\/p>\n","protected":false},"author":36,"featured_media":107375,"comment_status":"closed","ping_status":"closed","sticky":false,"template":"","format":"standard","meta":{"footnotes":""},"categories":[1884,2166,1403,1404,1405,1406,1408,1830,1027,1407,2,2004],"tags":[],"class_list":["post-107378","post","type-post","status-publish","format-standard","has-post-thumbnail","hentry","category-actualitat-es","category-agenda-es","category-asistencia-es","category-docencia-i-formacio-es","category-innovacio-es","category-institucional-es","category-investigacion","category-notas-de-prensa","category-noticies-iispv-es","category-publicacions-es","category-sin-categorizar","category-temes-de-salut-es"],"_links":{"self":[{"href":"https:\/\/www.iispv.cat\/es\/wp-json\/wp\/v2\/posts\/107378","targetHints":{"allow":["GET"]}}],"collection":[{"href":"https:\/\/www.iispv.cat\/es\/wp-json\/wp\/v2\/posts"}],"about":[{"href":"https:\/\/www.iispv.cat\/es\/wp-json\/wp\/v2\/types\/post"}],"author":[{"embeddable":true,"href":"https:\/\/www.iispv.cat\/es\/wp-json\/wp\/v2\/users\/36"}],"replies":[{"embeddable":true,"href":"https:\/\/www.iispv.cat\/es\/wp-json\/wp\/v2\/comments?post=107378"}],"version-history":[{"count":1,"href":"https:\/\/www.iispv.cat\/es\/wp-json\/wp\/v2\/posts\/107378\/revisions"}],"predecessor-version":[{"id":107379,"href":"https:\/\/www.iispv.cat\/es\/wp-json\/wp\/v2\/posts\/107378\/revisions\/107379"}],"wp:featuredmedia":[{"embeddable":true,"href":"https:\/\/www.iispv.cat\/es\/wp-json\/wp\/v2\/media\/107375"}],"wp:attachment":[{"href":"https:\/\/www.iispv.cat\/es\/wp-json\/wp\/v2\/media?parent=107378"}],"wp:term":[{"taxonomy":"category","embeddable":true,"href":"https:\/\/www.iispv.cat\/es\/wp-json\/wp\/v2\/categories?post=107378"},{"taxonomy":"post_tag","embeddable":true,"href":"https:\/\/www.iispv.cat\/es\/wp-json\/wp\/v2\/tags?post=107378"}],"curies":[{"name":"wp","href":"https:\/\/api.w.org\/{rel}","templated":true}]}}