{"id":106923,"date":"2025-06-05T08:31:41","date_gmt":"2025-06-05T07:31:41","guid":{"rendered":"https:\/\/www.iispv.cat\/el-lnstitut-dinvestigacio-sanitaria-pere-virgili-beneficiario-de-los-premios-gaudi-gresol-este-2025\/"},"modified":"2025-06-05T09:11:04","modified_gmt":"2025-06-05T08:11:04","slug":"el-lnstitut-dinvestigacio-sanitaria-pere-virgili-beneficiario-de-los-premios-gaudi-gresol-este-2025","status":"publish","type":"post","link":"https:\/\/www.iispv.cat\/es\/el-lnstitut-dinvestigacio-sanitaria-pere-virgili-beneficiario-de-los-premios-gaudi-gresol-este-2025\/","title":{"rendered":"El lnstitut d&#8217;Investigaci\u00f3 Sanit\u00e0ria Pere Virgili, beneficiario de los Premios Gaud\u00ed Gresol este 2025"},"content":{"rendered":"\n<p>El certamen, que premia la notoriedad y la excelencia, celebrar\u00e1 su acto de entrega de galardones el 12 de junio en el auditorio Gaud\u00ed del complex firaReus<\/p>\n\n\n<div class=\"wp-block-image\">\n<figure class=\"alignright size-full is-resized\"><img loading=\"lazy\" decoding=\"async\" src=\"https:\/\/www.iispv.cat\/wp-content\/uploads\/2025\/06\/generated_image.jpg\" alt=\"\" class=\"wp-image-106915\" width=\"383\" height=\"542\" srcset=\"https:\/\/www.iispv.cat\/wp-content\/uploads\/2025\/06\/generated_image.jpg 504w, https:\/\/www.iispv.cat\/wp-content\/uploads\/2025\/06\/generated_image-212x300.jpg 212w\" sizes=\"auto, (max-width: 383px) 100vw, 383px\" \/><figcaption>Cartel promocional de este a\u00f1o<\/figcaption><\/figure><\/div>\n\n\n<p>El lnstitut d&#8217;Investigaci\u00f3 Sanit\u00e0ria Pere Virgili&nbsp;ser\u00e1 la entidad beneficiaria de los <a class=\"external\" href=\"https:\/\/gresol.org\/es\/fundacion\/\" target=\"_blank\" rel=\"noopener noreferrer nofollow\"><strong>Premios Gaud\u00ed Gresol a la Notoriedad y la Excelencia<\/strong><\/a> este 2025, <strong>coincidiendo con los 20 a\u00f1os de trayectoria en el \u00e1mbito de la investigaci\u00f3n biom\u00e9dica<\/strong> . El certamen, que este a\u00f1o celebra su 18\u00aa edici\u00f3n, entregar\u00e1 los galardones el pr\u00f3ximo 12 de junio (19 horas) en el auditorio Gaud\u00ed del complejo firaReus.<\/p>\n\n\n\n<p>El acto de presentaci\u00f3n de los premios, llevado a cabo este mi\u00e9rcoles 4 de junio en el Ayuntamiento de Reus, ha contado con la participaci\u00f3n del presidente de la Fundaci\u00f3 Gresol, Emili Correig, la alcaldesa de Reus, Sandra Guaita, el concejal de Empresa, Formaci\u00f3 i Ocupaci\u00f3, \u00d2scar Subirats y el director general de la Fundaci\u00f3 Gresol, Robert Mora.<\/p>\n\n\n\n<p>Los premios destacan trayectoria profesional y personal, m\u00e9ritos, val\u00eda y dedicaci\u00f3n de entidades y personalidades de renombre, tanto de Catalu\u00f1a como de todo el Estado. Los distinguidos en su 18\u00aa edici\u00f3n son en la categor\u00eda de Liderazgo Empresarial, PortAventura World; en Tecnolog\u00eda, Andreu Ve\u00e0; en Arquitectura Ramon Espel; en Medio Ambiente, Grupo Meli\u00e1; en Innovaci\u00f3n, Andreu Rodr\u00edguez; en Gastronom\u00eda, Fran L\u00f3pez; en Acci\u00f3n Social, LaLiga Genuine; en Televisi\u00f3n, Olalla Moreno; en Bellas Artes, Lorenzo Caprile; y, en Deporte, Jordi Cervera.<\/p>\n\n\n\n<p>Entre los premiados en pasadas ediciones, figuran personalidades como Pau Gasol, Valent\u00edn Fuster, Luis del Olmo, Fernando Adri\u00e0, Juan A. Samaranch, Isidro Fain\u00e9, Carlos Sent\u00eds, Eduardo Punset, Antonio Brufau, Merc\u00e8 Sampietro, Juan Roca, Carmen Ruscalleda, Anna Ferrer, Maribel Ver. M\u00e1rquez, Jordi Cruz, Gemma Mengual, Juan Pera, Manuel Fuentes, Jos\u00e9 Mar\u00eda Mainat, Mar\u00eda De la Paz Janer, Mar\u00eda Blasco, Jordi Bast\u00e9, Marina Rossell, Tricicle, Susana Griso o Juan Carlos Unzu\u00e9 entre otros.<\/p>\n\n\n\n<p><\/p>\n","protected":false},"excerpt":{"rendered":"<p>El certamen, que premia la notoriedad y la excelencia, celebrar\u00e1 su acto de entrega de galardones el 12 de junio en el auditorio Gaud\u00ed del complex firaReus El lnstitut d&#8217;Investigaci\u00f3 Sanit\u00e0ria Pere Virgili&nbsp;ser\u00e1 la entidad beneficiaria de los Premios Gaud\u00ed Gresol a la Notoriedad y la Excelencia este 2025, coincidiendo con los 20 a\u00f1os de [&hellip;]<\/p>\n","protected":false},"author":36,"featured_media":106921,"comment_status":"open","ping_status":"open","sticky":false,"template":"","format":"standard","meta":{"footnotes":""},"categories":[1884,2166,1403,1404,1405,1406,1408,1830,1027,1407,2004],"tags":[2408,2406,2404,2403,2407,2405],"class_list":["post-106923","post","type-post","status-publish","format-standard","has-post-thumbnail","hentry","category-actualitat-es","category-agenda-es","category-asistencia-es","category-docencia-i-formacio-es","category-innovacio-es","category-institucional-es","category-investigacion","category-notas-de-prensa","category-noticies-iispv-es","category-publicacions-es","category-temes-de-salut-es","tag-firareus-es","tag-fundacio-gaudi-gresol-es","tag-investigacion-biomedica","tag-premis-gaudi-gresol-es","tag-reus-es","tag-sociedad"],"_links":{"self":[{"href":"https:\/\/www.iispv.cat\/es\/wp-json\/wp\/v2\/posts\/106923","targetHints":{"allow":["GET"]}}],"collection":[{"href":"https:\/\/www.iispv.cat\/es\/wp-json\/wp\/v2\/posts"}],"about":[{"href":"https:\/\/www.iispv.cat\/es\/wp-json\/wp\/v2\/types\/post"}],"author":[{"embeddable":true,"href":"https:\/\/www.iispv.cat\/es\/wp-json\/wp\/v2\/users\/36"}],"replies":[{"embeddable":true,"href":"https:\/\/www.iispv.cat\/es\/wp-json\/wp\/v2\/comments?post=106923"}],"version-history":[{"count":2,"href":"https:\/\/www.iispv.cat\/es\/wp-json\/wp\/v2\/posts\/106923\/revisions"}],"predecessor-version":[{"id":106927,"href":"https:\/\/www.iispv.cat\/es\/wp-json\/wp\/v2\/posts\/106923\/revisions\/106927"}],"wp:featuredmedia":[{"embeddable":true,"href":"https:\/\/www.iispv.cat\/es\/wp-json\/wp\/v2\/media\/106921"}],"wp:attachment":[{"href":"https:\/\/www.iispv.cat\/es\/wp-json\/wp\/v2\/media?parent=106923"}],"wp:term":[{"taxonomy":"category","embeddable":true,"href":"https:\/\/www.iispv.cat\/es\/wp-json\/wp\/v2\/categories?post=106923"},{"taxonomy":"post_tag","embeddable":true,"href":"https:\/\/www.iispv.cat\/es\/wp-json\/wp\/v2\/tags?post=106923"}],"curies":[{"name":"wp","href":"https:\/\/api.w.org\/{rel}","templated":true}]}}