{"id":106724,"date":"2025-05-27T10:46:27","date_gmt":"2025-05-27T09:46:27","guid":{"rendered":"https:\/\/www.iispv.cat\/formacion-practica-sobre-curriculums-narrativos-para-profesionales-sanitarios\/"},"modified":"2025-05-27T10:56:33","modified_gmt":"2025-05-27T09:56:33","slug":"formacion-practica-sobre-curriculums-narrativos-para-profesionales-sanitarios","status":"publish","type":"post","link":"https:\/\/www.iispv.cat\/es\/formacion-practica-sobre-curriculums-narrativos-para-profesionales-sanitarios\/","title":{"rendered":"Formaci\u00f3n pr\u00e1ctica sobre curr\u00edculums narrativos para profesionales sanitarios"},"content":{"rendered":"\n<p>El ICS y el AQuAS organizan una sesi\u00f3n, para el pr\u00f3ximo 2 de junio, para preparar las candidaturas a los premios de trayectoria investigadora con herramientas innovadoras de presentaci\u00f3n personal<\/p>\n\n<figure class=\"wp-block-image size-large\"><img loading=\"lazy\" decoding=\"async\" width=\"1024\" height=\"576\" src=\"https:\/\/www.iispv.cat\/wp-content\/uploads\/2025\/05\/imatge-formacio-cv-narratius-1024x576.jpg\" alt=\"\" class=\"wp-image-106719\" srcset=\"https:\/\/www.iispv.cat\/wp-content\/uploads\/2025\/05\/imatge-formacio-cv-narratius-1024x576.jpg 1024w, https:\/\/www.iispv.cat\/wp-content\/uploads\/2025\/05\/imatge-formacio-cv-narratius-300x169.jpg 300w, https:\/\/www.iispv.cat\/wp-content\/uploads\/2025\/05\/imatge-formacio-cv-narratius-768x432.jpg 768w, https:\/\/www.iispv.cat\/wp-content\/uploads\/2025\/05\/imatge-formacio-cv-narratius-1536x864.jpg 1536w, https:\/\/www.iispv.cat\/wp-content\/uploads\/2025\/05\/imatge-formacio-cv-narratius.jpg 1600w\" sizes=\"auto, (max-width: 1024px) 100vw, 1024px\" \/><figcaption>Cartel promocional de la sesi\u00f3n formativa<\/figcaption><\/figure>\n\n<p>El Institut Catal\u00e0 de la Salut (ICS) y la Ag\u00e8ncia de Qualitat i Avaluaci\u00f3 Sanit\u00e0ries de Catalunya (AQuAS) organizan, para llevar a cabo el pr\u00f3ximo lunes 2 de junio de las 15 a las 17 horas, una sesi\u00f3n formativa versada en curr\u00edculums narrativos, en la que los asistentes se familiarizar\u00e1n con qu\u00e9 es un CV narrativo y las diferencias principales que hay con el tradicional, pudiendo analizar experiencias de uso del CV narrativo en diferentes procesos de evaluaci\u00f3n y desarrollar las competencias necesarias para escribir el CV de forma narrativa.<\/p>\n\n<p>La formaci\u00f3n est\u00e1 dirigida principalmente a aquellas personas que quieran presentar candidatura a los <a href=\"https:\/\/ics.gencat.cat\/ca\/recerca\/recerca\/premis-de-recerca-de-lics\/premis-de-recerca-de-lics-a-la-trajectoria-investigadora\/\"><strong>Premis a la Traject\u00f2ria Investigadora<\/strong><\/a>, que premian a qui\u00e9n haya contribuido al desarrollo de la investigaci\u00f3n del ICS. Las inscripciones ya est\u00e1n abiertas, con <a href=\"https:\/\/docs.google.com\/forms\/d\/14KWGa2E3BpYYyLYRJfoiHTJVPbPmiREdACE65zziOog\/prefill\">formulario<\/a> incluido para rellenar, y las plazas son limitadas.<\/p>\n\n<p>El equipo de Investigaci\u00f3n de AQuAS ha preparado una <a href=\"https:\/\/aquas.gencat.cat\/web\/.content\/minisite\/aquas\/publicacions\/2025\/com-escriure-narrativa-impacte-aquas2025.pdf\">infograf\u00eda<\/a> sobre como escribir una narrativa de impacto en salud, con la informaci\u00f3n b\u00e1sica para preparar la candidatura de los Premios a la Trayectoria Investigadora.<\/p>\n","protected":false},"excerpt":{"rendered":"<p>El ICS y el AQuAS organizan una sesi\u00f3n, para el pr\u00f3ximo 2 de junio, para preparar las candidaturas a los premios de trayectoria investigadora con herramientas innovadoras de presentaci\u00f3n personal El Institut Catal\u00e0 de la Salut (ICS) y la Ag\u00e8ncia de Qualitat i Avaluaci\u00f3 Sanit\u00e0ries de Catalunya (AQuAS) organizan, para llevar a cabo el pr\u00f3ximo [&hellip;]<\/p>\n","protected":false},"author":36,"featured_media":106721,"comment_status":"open","ping_status":"open","sticky":false,"template":"","format":"standard","meta":{"footnotes":""},"categories":[1884,2166,1403,1404,1405,1406,1408,1027,1407,2004],"tags":[2381,2382,2379,2265,2380,2383],"class_list":["post-106724","post","type-post","status-publish","format-standard","has-post-thumbnail","hentry","category-actualitat-es","category-agenda-es","category-asistencia-es","category-docencia-i-formacio-es","category-innovacio-es","category-institucional-es","category-investigacion","category-noticies-iispv-es","category-publicacions-es","category-temes-de-salut-es","tag-agencia-de-qualitat-i-avaluacio-sanitaries-de-catalunya-es","tag-aquas-es","tag-curriculums-narrativos","tag-formacion","tag-ics-es","tag-premis-a-la-trajectoria-investigadora-de-lics-es"],"_links":{"self":[{"href":"https:\/\/www.iispv.cat\/es\/wp-json\/wp\/v2\/posts\/106724","targetHints":{"allow":["GET"]}}],"collection":[{"href":"https:\/\/www.iispv.cat\/es\/wp-json\/wp\/v2\/posts"}],"about":[{"href":"https:\/\/www.iispv.cat\/es\/wp-json\/wp\/v2\/types\/post"}],"author":[{"embeddable":true,"href":"https:\/\/www.iispv.cat\/es\/wp-json\/wp\/v2\/users\/36"}],"replies":[{"embeddable":true,"href":"https:\/\/www.iispv.cat\/es\/wp-json\/wp\/v2\/comments?post=106724"}],"version-history":[{"count":3,"href":"https:\/\/www.iispv.cat\/es\/wp-json\/wp\/v2\/posts\/106724\/revisions"}],"predecessor-version":[{"id":106727,"href":"https:\/\/www.iispv.cat\/es\/wp-json\/wp\/v2\/posts\/106724\/revisions\/106727"}],"wp:featuredmedia":[{"embeddable":true,"href":"https:\/\/www.iispv.cat\/es\/wp-json\/wp\/v2\/media\/106721"}],"wp:attachment":[{"href":"https:\/\/www.iispv.cat\/es\/wp-json\/wp\/v2\/media?parent=106724"}],"wp:term":[{"taxonomy":"category","embeddable":true,"href":"https:\/\/www.iispv.cat\/es\/wp-json\/wp\/v2\/categories?post=106724"},{"taxonomy":"post_tag","embeddable":true,"href":"https:\/\/www.iispv.cat\/es\/wp-json\/wp\/v2\/tags?post=106724"}],"curies":[{"name":"wp","href":"https:\/\/api.w.org\/{rel}","templated":true}]}}