{"id":106666,"date":"2025-05-23T12:11:32","date_gmt":"2025-05-23T11:11:32","guid":{"rendered":"https:\/\/www.iispv.cat\/charla-sobre-trastornos-de-la-alimentacion-y-conductas-adictivas\/"},"modified":"2025-05-28T07:26:52","modified_gmt":"2025-05-28T06:26:52","slug":"charla-sobre-trastornos-de-la-alimentacion-y-conductas-adictivas","status":"publish","type":"post","link":"https:\/\/www.iispv.cat\/es\/charla-sobre-trastornos-de-la-alimentacion-y-conductas-adictivas\/","title":{"rendered":"Charla sobre trastornos de la alimentaci\u00f3n y conductas adictivas"},"content":{"rendered":"\n<p>La intervenci\u00f3n ser\u00e1 el pr\u00f3ximo 4 de junio a las 19.30 horas en el Pavell\u00f3 dels Distingits del Hospital Universitari Institut Pere Mata y tambi\u00e9n se podr\u00e1 seguir en l\u00ednea<\/p>\n\n<p>La<strong> Filial<\/strong> <strong>de Reus de la Acad\u00e8mia de Ci\u00e8ncies M\u00e8diques de Catalunya i Balears <\/strong>organiza, para el pr\u00f3ximo mi\u00e9rcoles 4 de junio a las 19.30 horas, en el <strong>Pavell\u00f3 dels Distingits del Hospital Universitari Institut Pere Mata<\/strong>,\u00a0una charla titulada <em>Trastornos de la alimentaci\u00f3n y conductas adictivas<\/em>, que ir\u00e1 a cargo del Dr. Fernando Fern\u00e1ndez Aranda, jefe de secci\u00f3n y director de la Unidad de Trastornos Alimentarios y Servicio de Psicolog\u00eda del Hospital Universitari de Bellvitge IDIBELL, tambi\u00e9n catedr\u00e1tico de la Universitat de Barcelona, dentro de ICREA Acad\u00e8mia y subdirector de CIBERobn.<\/p>\n\n<p>La intervenci\u00f3n se podr\u00e1 seguir tambi\u00e9n en l\u00ednea (enlace tambi\u00e9n disponible en el c\u00f3digo QR del cartel informativo). La actividad recibe el apoyo del HU Institut Pere Mata, la Universitat Rovira i Virgili, el Institut d&#8217;Investigaci\u00f3n Sanit\u00e0ria Pere Virgili y el Hospital Universitari Sant Joaan de Reus i Baix Camp.<\/p>\n\n<p><\/p>\n<div class=\"wp-block-image\">\n<figure class=\"aligncenter size-large is-resized\"><img loading=\"lazy\" decoding=\"async\" src=\"https:\/\/www.iispv.cat\/wp-content\/uploads\/2025\/05\/Cartell-Filial-Reus-xerrada-JUNY-2025-1-819x1024.png\" alt=\"\" class=\"wp-image-106651\" width=\"599\" height=\"749\" srcset=\"https:\/\/www.iispv.cat\/wp-content\/uploads\/2025\/05\/Cartell-Filial-Reus-xerrada-JUNY-2025-1-819x1024.png 819w, https:\/\/www.iispv.cat\/wp-content\/uploads\/2025\/05\/Cartell-Filial-Reus-xerrada-JUNY-2025-1-240x300.png 240w, https:\/\/www.iispv.cat\/wp-content\/uploads\/2025\/05\/Cartell-Filial-Reus-xerrada-JUNY-2025-1-768x960.png 768w, https:\/\/www.iispv.cat\/wp-content\/uploads\/2025\/05\/Cartell-Filial-Reus-xerrada-JUNY-2025-1.png 1080w\" sizes=\"auto, (max-width: 599px) 100vw, 599px\" \/><figcaption>Cartel informativo de la charla del 4 de junio.<\/figcaption><\/figure><\/div>\n<p><\/p>\n","protected":false},"excerpt":{"rendered":"<p>La intervenci\u00f3n ser\u00e1 el pr\u00f3ximo 4 de junio a las 19.30 horas en el Pavell\u00f3 dels Distingits del Hospital Universitari Institut Pere Mata y tambi\u00e9n se podr\u00e1 seguir en l\u00ednea La Filial de Reus de la Acad\u00e8mia de Ci\u00e8ncies M\u00e8diques de Catalunya i Balears organiza, para el pr\u00f3ximo mi\u00e9rcoles 4 de junio a las 19.30 [&hellip;]<\/p>\n","protected":false},"author":36,"featured_media":106657,"comment_status":"open","ping_status":"open","sticky":false,"template":"","format":"standard","meta":{"footnotes":""},"categories":[1884,2166,1403,1404,1405,1406,1408,1027,1407,2004],"tags":[2334,2328,2332,2329,2331,2330,2333],"class_list":["post-106666","post","type-post","status-publish","format-standard","has-post-thumbnail","hentry","category-actualitat-es","category-agenda-es","category-asistencia-es","category-docencia-i-formacio-es","category-innovacio-es","category-institucional-es","category-investigacion","category-noticies-iispv-es","category-publicacions-es","category-temes-de-salut-es","tag-alimentacion","tag-conductas-adictivas","tag-fernando-fernandez-aranda-es","tag-filial-de-reus-de-la-academia-de-ciencies-mediques-de-catalunya-i-balears","tag-hospital-universitari-institut-pere-mata-es","tag-pavello-dels-distingits-es","tag-universitat-de-barcelona-es"],"_links":{"self":[{"href":"https:\/\/www.iispv.cat\/es\/wp-json\/wp\/v2\/posts\/106666","targetHints":{"allow":["GET"]}}],"collection":[{"href":"https:\/\/www.iispv.cat\/es\/wp-json\/wp\/v2\/posts"}],"about":[{"href":"https:\/\/www.iispv.cat\/es\/wp-json\/wp\/v2\/types\/post"}],"author":[{"embeddable":true,"href":"https:\/\/www.iispv.cat\/es\/wp-json\/wp\/v2\/users\/36"}],"replies":[{"embeddable":true,"href":"https:\/\/www.iispv.cat\/es\/wp-json\/wp\/v2\/comments?post=106666"}],"version-history":[{"count":1,"href":"https:\/\/www.iispv.cat\/es\/wp-json\/wp\/v2\/posts\/106666\/revisions"}],"predecessor-version":[{"id":106667,"href":"https:\/\/www.iispv.cat\/es\/wp-json\/wp\/v2\/posts\/106666\/revisions\/106667"}],"wp:featuredmedia":[{"embeddable":true,"href":"https:\/\/www.iispv.cat\/es\/wp-json\/wp\/v2\/media\/106657"}],"wp:attachment":[{"href":"https:\/\/www.iispv.cat\/es\/wp-json\/wp\/v2\/media?parent=106666"}],"wp:term":[{"taxonomy":"category","embeddable":true,"href":"https:\/\/www.iispv.cat\/es\/wp-json\/wp\/v2\/categories?post=106666"},{"taxonomy":"post_tag","embeddable":true,"href":"https:\/\/www.iispv.cat\/es\/wp-json\/wp\/v2\/tags?post=106666"}],"curies":[{"name":"wp","href":"https:\/\/api.w.org\/{rel}","templated":true}]}}