{"id":102003,"date":"2025-01-13T12:46:10","date_gmt":"2025-01-13T11:46:10","guid":{"rendered":"https:\/\/www.iispv.cat\/liispv-participa-en-un-estudi-europeu-que-identificara-habits-de-vida-saludables-amb-un-impacte-sobre-la-salut-fisica-i-emocional-dels-adolescents-per-incorporar-los-en-una-app-pensada-per-o\/"},"modified":"2025-01-13T12:54:19","modified_gmt":"2025-01-13T11:54:19","slug":"liispv-participa-en-un-estudi-europeu-que-identificara-habits-de-vida-saludables-amb-un-impacte-sobre-la-salut-fisica-i-emocional-dels-adolescents-per-incorporar-los-en-una-app-pensada-per-o","status":"publish","type":"post","link":"https:\/\/www.iispv.cat\/es\/liispv-participa-en-un-estudi-europeu-que-identificara-habits-de-vida-saludables-amb-un-impacte-sobre-la-salut-fisica-i-emocional-dels-adolescents-per-incorporar-los-en-una-app-pensada-per-o\/","title":{"rendered":"El IISPV participa en un estudio europeo que identificar\u00e1 h\u00e1bitos de vida saludables con un impacto sobre la salud f\u00edsica y emocional de los adolescentes, para incorporarlos en una app pensada para ofrecer recomendaciones a este colectivo y mejorar su bienestar global"},"content":{"rendered":"<div class=\"wp-block-image\">\n<figure class=\"aligncenter size-large is-resized\"><img loading=\"lazy\" decoding=\"async\" src=\"https:\/\/www.iispv.cat\/wp-content\/uploads\/2025\/01\/Adolescents-1024x532.jpg\" alt=\"\" class=\"wp-image-101998\" width=\"491\" height=\"255\" srcset=\"https:\/\/www.iispv.cat\/wp-content\/uploads\/2025\/01\/Adolescents-1024x532.jpg 1024w, https:\/\/www.iispv.cat\/wp-content\/uploads\/2025\/01\/Adolescents-300x156.jpg 300w, https:\/\/www.iispv.cat\/wp-content\/uploads\/2025\/01\/Adolescents-768x399.jpg 768w, https:\/\/www.iispv.cat\/wp-content\/uploads\/2025\/01\/Adolescents.jpg 1206w\" sizes=\"auto, (max-width: 491px) 100vw, 491px\" \/><\/figure><\/div>\n\n\n<p>Una investigaci\u00f3n de \u00e1mbito europeo en la que participa el Instituto de Investigaci\u00f3n Sanitaria Pere Virgili (IISPV) estudia cu\u00e1les son los factores que influyen en la salud emocional y f\u00edsica de los y las adolescentes, para que ellos mismos puedan adoptarlos en el su d\u00eda a d\u00eda o fortalecerlos, en caso de que ya los tengan incorporados, y para que puedan mejorar su bienestar global. En concreto participan investigadores e investigadoras del Grupo de Investigaci\u00f3n NeuroEpia (Neurociencia Cl\u00ednica y Epidemiol\u00f3gica), que, a trav\u00e9s primero de un estudio observacional (seguimiento de una poblaci\u00f3n de adolescentes y de sus h\u00e1bitos) y de una intervenci\u00f3n posterior con \u00e9stos y estas j\u00f3venes, corroborar\u00e1 qu\u00e9 aspectos tienen una mayor influencia en su salud.<\/p>\n\n\n\n<p>En la \u00faltima fase del estudio, estos aspectos de vida saludables ser\u00e1n incorporados en una aplicaci\u00f3n m\u00f3vil pensada para que los y las adolescentes puedan instal\u00e1rsela en su dispositivo y puedan recibir consejos y recomendaciones sobre c\u00f3mo mejorar su salud emocional y f\u00edsica.<\/p>\n\n\n\n<p>El proyecto, que lleva por nombre YEAH! (Youth hEAlth from a Holistic perspective), es liderado en el IISPV, por el investigador principal Jordi Julvez, responsable del grupo de Investigaci\u00f3n NeuroEpia.<\/p>\n\n\n\n<p>Est\u00e1 coordinado por la Universite Grenoble Alpes y tendr\u00e1 una duraci\u00f3n de 5 a\u00f1os. Est\u00e1 financiado por la Uni\u00f3n Europea.<\/p>\n","protected":false},"excerpt":{"rendered":"<p>Una investigaci\u00f3n de \u00e1mbito europeo en la que participa el Instituto de Investigaci\u00f3n Sanitaria Pere Virgili (IISPV) estudia cu\u00e1les son los factores que influyen en la salud emocional y f\u00edsica de los y las adolescentes, para que ellos mismos puedan adoptarlos en el su d\u00eda a d\u00eda o fortalecerlos, en caso de que ya los [&hellip;]<\/p>\n","protected":false},"author":18,"featured_media":102000,"comment_status":"open","ping_status":"open","sticky":false,"template":"","format":"standard","meta":{"footnotes":""},"categories":[1884,2166,1403,1404,1405,1406,1408,1830,1027,1407,2004],"tags":[],"class_list":["post-102003","post","type-post","status-publish","format-standard","has-post-thumbnail","hentry","category-actualitat-es","category-agenda-es","category-asistencia-es","category-docencia-i-formacio-es","category-innovacio-es","category-institucional-es","category-investigacion","category-notas-de-prensa","category-noticies-iispv-es","category-publicacions-es","category-temes-de-salut-es"],"_links":{"self":[{"href":"https:\/\/www.iispv.cat\/es\/wp-json\/wp\/v2\/posts\/102003","targetHints":{"allow":["GET"]}}],"collection":[{"href":"https:\/\/www.iispv.cat\/es\/wp-json\/wp\/v2\/posts"}],"about":[{"href":"https:\/\/www.iispv.cat\/es\/wp-json\/wp\/v2\/types\/post"}],"author":[{"embeddable":true,"href":"https:\/\/www.iispv.cat\/es\/wp-json\/wp\/v2\/users\/18"}],"replies":[{"embeddable":true,"href":"https:\/\/www.iispv.cat\/es\/wp-json\/wp\/v2\/comments?post=102003"}],"version-history":[{"count":1,"href":"https:\/\/www.iispv.cat\/es\/wp-json\/wp\/v2\/posts\/102003\/revisions"}],"predecessor-version":[{"id":102005,"href":"https:\/\/www.iispv.cat\/es\/wp-json\/wp\/v2\/posts\/102003\/revisions\/102005"}],"wp:featuredmedia":[{"embeddable":true,"href":"https:\/\/www.iispv.cat\/es\/wp-json\/wp\/v2\/media\/102000"}],"wp:attachment":[{"href":"https:\/\/www.iispv.cat\/es\/wp-json\/wp\/v2\/media?parent=102003"}],"wp:term":[{"taxonomy":"category","embeddable":true,"href":"https:\/\/www.iispv.cat\/es\/wp-json\/wp\/v2\/categories?post=102003"},{"taxonomy":"post_tag","embeddable":true,"href":"https:\/\/www.iispv.cat\/es\/wp-json\/wp\/v2\/tags?post=102003"}],"curies":[{"name":"wp","href":"https:\/\/api.w.org\/{rel}","templated":true}]}}