{"id":99998,"date":"2024-11-26T10:03:56","date_gmt":"2024-11-26T09:03:56","guid":{"rendered":"https:\/\/www.iispv.cat\/la-23a-festa-de-loli-amb-el-tradicional-esmorzar-popular-de-la-pobla-de-mafumet-recapten-fons-per-contribuir-a-la-investigacio-contra-el-cancer-de-mama-per-liispv-en-el-marc-del-festival\/"},"modified":"2024-11-27T16:41:11","modified_gmt":"2024-11-27T15:41:11","slug":"la-23a-festa-de-loli-amb-el-tradicional-esmorzar-popular-de-la-pobla-de-mafumet-recapten-fons-per-contribuir-a-la-investigacio-contra-el-cancer-de-mama-per-liispv-en-el-marc-del-festival","status":"publish","type":"post","link":"https:\/\/www.iispv.cat\/en\/la-23a-festa-de-loli-amb-el-tradicional-esmorzar-popular-de-la-pobla-de-mafumet-recapten-fons-per-contribuir-a-la-investigacio-contra-el-cancer-de-mama-per-liispv-en-el-marc-del-festival\/","title":{"rendered":"The 23rd Oil Festival, with the traditional La Pobla de Mafumet popular breakfast, raises funds to contribute to breast cancer research, destined for the IISPV, as part of the Mamapop Festival."},"content":{"rendered":"\n<ul class=\"wp-block-list\"><li>More than 400 people from La Pobla have participated<\/li><\/ul>\n\n<figure class=\"wp-block-image size-large\"><img loading=\"lazy\" decoding=\"async\" width=\"1024\" height=\"768\" src=\"https:\/\/www.iispv.cat\/wp-content\/uploads\/2024\/11\/WhatsApp-Image-2024-11-25-at-09.38.32-1024x768.jpeg\" alt=\"\" class=\"wp-image-99719\" srcset=\"https:\/\/www.iispv.cat\/wp-content\/uploads\/2024\/11\/WhatsApp-Image-2024-11-25-at-09.38.32-1024x768.jpeg 1024w, https:\/\/www.iispv.cat\/wp-content\/uploads\/2024\/11\/WhatsApp-Image-2024-11-25-at-09.38.32-300x225.jpeg 300w, https:\/\/www.iispv.cat\/wp-content\/uploads\/2024\/11\/WhatsApp-Image-2024-11-25-at-09.38.32-768x576.jpeg 768w, https:\/\/www.iispv.cat\/wp-content\/uploads\/2024\/11\/WhatsApp-Image-2024-11-25-at-09.38.32-1536x1152.jpeg 1536w, https:\/\/www.iispv.cat\/wp-content\/uploads\/2024\/11\/WhatsApp-Image-2024-11-25-at-09.38.32.jpeg 1600w\" sizes=\"auto, (max-width: 1024px) 100vw, 1024px\" \/><figcaption>From left to right, Mart\u00ed Miravete from the Brigade Area, Conservation of Public Spaces and Agriculture, Joan Maria Sard\u00e0, Mayor of La Pobla de Mafumet, Joan Vendrell, Director of the IISPV, and Francesc L\u00f3pez, Manager of the IISPV.<\/figcaption><\/figure>\n\n<p>This Sunday, the inhabitants of La Pobla de Mafumet took part in the Fiesta del Oli Nou, one of the most deeply-rooted traditions in the municipality. As every year, the attendees were able to savour the new oil pressing through a popular breakfast that included herring, sausage, sausage, sausage, bacon and bread as components of a meal washed down with the protagonist of the day, new oil, from the Siurana PDO. More than 400 people took part in the event.<\/p>\n\n<p>With the purchase of the breakfast ticket, for only 3 euros, the attendees participated in the breakfast, and also, as usual, the activity had a solidarity background, since the full proceeds from this popular initiative will benefit the Pere Virgili Health Research Institute (IISPV) and the Mamapop Festival, in favour of research against breast cancer.<\/p>\n\n<p><strong>About IISPV<\/strong><\/p>\n\n<p>The IISPV is the centre that manages research in health and biomedicine in the province of Tarragona.&#13;\nwhich brings together the university hospitals Joan XXIII in Tarragona, Sant Joan in Reus and Institut Pere Mata in Reus, and the Hospital Virgen de la Cinta in Tortosa, as well as the Rovira de la Cinta University in Tortosa.&#13;\nof Reus and the Hospital Virgen de la Cinta of Tortosa, as well as the Rovira i Virgili University. Since its&#13;\nSince its creation in 2005, the Institute has been working to ensure that biomedical research is translated into quality clinical practice for the benefit of patients and to improve the health of the population. The IISPV has more than 600 professionals and 35 research groups divided into four strategic areas: Metabolic Diseases and Nutrition; Infection, Immunity and Environment; Oncology; and Neurosciences and Mental Health.<\/p>\n\n<p><strong>About Mamapop<\/strong><\/p>\n\n<p>The Mamapop solidarity concert was born in Lleida in 2014 with the aim of raising funds for scientific research in the field of breast cancer.&#13;\nscientific research in the field of breast cancer. In Camp de Tarragona, Mamapop collaborates with the IISPV&#13;\nwith the IISPV in the common goal of fighting against this disease.<\/p>\n\n<p><p><strong>Some images of the day<\/strong><\/p><\/p>\n\n<figure class=\"wp-block-gallery has-nested-images columns-default is-cropped wp-block-gallery-1 is-layout-flex wp-block-gallery-is-layout-flex\">\n<figure class=\"wp-block-image size-large\"><img loading=\"lazy\" decoding=\"async\" width=\"960\" height=\"640\" data-id=\"99737\" src=\"https:\/\/www.iispv.cat\/wp-content\/uploads\/2024\/11\/468325761_986421273524759_3790557677679214153_n.jpg\" alt=\"\" class=\"wp-image-99737\" srcset=\"https:\/\/www.iispv.cat\/wp-content\/uploads\/2024\/11\/468325761_986421273524759_3790557677679214153_n.jpg 960w, https:\/\/www.iispv.cat\/wp-content\/uploads\/2024\/11\/468325761_986421273524759_3790557677679214153_n-300x200.jpg 300w, https:\/\/www.iispv.cat\/wp-content\/uploads\/2024\/11\/468325761_986421273524759_3790557677679214153_n-768x512.jpg 768w\" sizes=\"auto, (max-width: 960px) 100vw, 960px\" \/><figcaption>Image provided by La Pobla Town Hall.<\/figcaption><\/figure>\n\n\n\n<figure class=\"wp-block-image size-large\"><img loading=\"lazy\" decoding=\"async\" width=\"960\" height=\"640\" data-id=\"99734\" src=\"https:\/\/www.iispv.cat\/wp-content\/uploads\/2024\/11\/467762226_986421333524753_8374991935715597159_n.jpg\" alt=\"\" class=\"wp-image-99734\" srcset=\"https:\/\/www.iispv.cat\/wp-content\/uploads\/2024\/11\/467762226_986421333524753_8374991935715597159_n.jpg 960w, https:\/\/www.iispv.cat\/wp-content\/uploads\/2024\/11\/467762226_986421333524753_8374991935715597159_n-300x200.jpg 300w, https:\/\/www.iispv.cat\/wp-content\/uploads\/2024\/11\/467762226_986421333524753_8374991935715597159_n-768x512.jpg 768w\" sizes=\"auto, (max-width: 960px) 100vw, 960px\" \/><figcaption>Image provided by La Pobla Town Hall.<\/figcaption><\/figure>\n\n\n\n<figure class=\"wp-block-image size-large\"><img loading=\"lazy\" decoding=\"async\" width=\"960\" height=\"640\" data-id=\"99731\" src=\"https:\/\/www.iispv.cat\/wp-content\/uploads\/2024\/11\/468214569_986421360191417_1475049675736026787_n.jpg\" alt=\"\" class=\"wp-image-99731\" srcset=\"https:\/\/www.iispv.cat\/wp-content\/uploads\/2024\/11\/468214569_986421360191417_1475049675736026787_n.jpg 960w, https:\/\/www.iispv.cat\/wp-content\/uploads\/2024\/11\/468214569_986421360191417_1475049675736026787_n-300x200.jpg 300w, https:\/\/www.iispv.cat\/wp-content\/uploads\/2024\/11\/468214569_986421360191417_1475049675736026787_n-768x512.jpg 768w\" sizes=\"auto, (max-width: 960px) 100vw, 960px\" \/><figcaption>Image provided by La Pobla Town Hall.<\/figcaption><\/figure>\n\n\n\n<figure class=\"wp-block-image size-large\"><img loading=\"lazy\" decoding=\"async\" width=\"960\" height=\"640\" data-id=\"99728\" src=\"https:\/\/www.iispv.cat\/wp-content\/uploads\/2024\/11\/467909595_986421153524771_539297121720509580_n.jpg\" alt=\"\" class=\"wp-image-99728\" srcset=\"https:\/\/www.iispv.cat\/wp-content\/uploads\/2024\/11\/467909595_986421153524771_539297121720509580_n.jpg 960w, https:\/\/www.iispv.cat\/wp-content\/uploads\/2024\/11\/467909595_986421153524771_539297121720509580_n-300x200.jpg 300w, https:\/\/www.iispv.cat\/wp-content\/uploads\/2024\/11\/467909595_986421153524771_539297121720509580_n-768x512.jpg 768w\" sizes=\"auto, (max-width: 960px) 100vw, 960px\" \/><figcaption>Image provided by La Pobla Town Hall.<\/figcaption><\/figure>\n<\/figure>\n\n<p><p><br\/><\/p><\/p>\n","protected":false},"excerpt":{"rendered":"<p>More than 400 people from La Pobla have participated This Sunday, the inhabitants of La Pobla de Mafumet took part in the Fiesta del Oli Nou, one of the most deeply-rooted traditions in the municipality. As every year, the attendees were able to savour the new oil pressing through a popular breakfast that included herring, [&hellip;]<\/p>\n","protected":false},"author":18,"featured_media":99721,"comment_status":"open","ping_status":"open","sticky":false,"template":"","format":"standard","meta":{"footnotes":""},"categories":[1883,2072,2073,1477,2074,1026,1831,1478,1479,2092],"tags":[],"class_list":["post-99998","post","type-post","status-publish","format-standard","has-post-thumbnail","hentry","category-actualitat-en","category-assistencia-en","category-docencia-i-formacio-en","category-innovacio-en","category-institucional-en","category-noticies-iispv-en","category-press-releases","category-publicacions-en","category-recerca-en","category-temes-de-salut-en"],"_links":{"self":[{"href":"https:\/\/www.iispv.cat\/en\/wp-json\/wp\/v2\/posts\/99998","targetHints":{"allow":["GET"]}}],"collection":[{"href":"https:\/\/www.iispv.cat\/en\/wp-json\/wp\/v2\/posts"}],"about":[{"href":"https:\/\/www.iispv.cat\/en\/wp-json\/wp\/v2\/types\/post"}],"author":[{"embeddable":true,"href":"https:\/\/www.iispv.cat\/en\/wp-json\/wp\/v2\/users\/18"}],"replies":[{"embeddable":true,"href":"https:\/\/www.iispv.cat\/en\/wp-json\/wp\/v2\/comments?post=99998"}],"version-history":[{"count":4,"href":"https:\/\/www.iispv.cat\/en\/wp-json\/wp\/v2\/posts\/99998\/revisions"}],"predecessor-version":[{"id":100002,"href":"https:\/\/www.iispv.cat\/en\/wp-json\/wp\/v2\/posts\/99998\/revisions\/100002"}],"wp:featuredmedia":[{"embeddable":true,"href":"https:\/\/www.iispv.cat\/en\/wp-json\/wp\/v2\/media\/99721"}],"wp:attachment":[{"href":"https:\/\/www.iispv.cat\/en\/wp-json\/wp\/v2\/media?parent=99998"}],"wp:term":[{"taxonomy":"category","embeddable":true,"href":"https:\/\/www.iispv.cat\/en\/wp-json\/wp\/v2\/categories?post=99998"},{"taxonomy":"post_tag","embeddable":true,"href":"https:\/\/www.iispv.cat\/en\/wp-json\/wp\/v2\/tags?post=99998"}],"curies":[{"name":"wp","href":"https:\/\/api.w.org\/{rel}","templated":true}]}}