{"id":70787,"date":"2023-02-27T11:10:46","date_gmt":"2023-02-27T10:10:46","guid":{"rendered":"https:\/\/www.iispv.cat\/?p=70787"},"modified":"2023-02-27T11:11:10","modified_gmt":"2023-02-27T10:11:10","slug":"how-the-mediterranean-diet-is-associated-with-reduced-cognitive-decline-and-lower-risk-of-alzheimers-disease","status":"publish","type":"post","link":"https:\/\/www.iispv.cat\/en\/how-the-mediterranean-diet-is-associated-with-reduced-cognitive-decline-and-lower-risk-of-alzheimers-disease\/","title":{"rendered":"How the Mediterranean diet is associated with reduced cognitive decline and lower risk of Alzheimer\u2019s disease?"},"content":{"rendered":"\n<p>A new study funded by the Alzheimer&#8217;s Association&#8217;s International Research Grant Program will attempt to answer this question<\/p>\n\n\n<div class=\"wp-block-image\">\n<figure class=\"aligncenter size-full is-resized\"><img loading=\"lazy\" decoding=\"async\" src=\"https:\/\/www.iispv.cat\/wp-content\/uploads\/2023\/02\/Christopher-Papandreou.jpg\" alt=\"Christopher Papandreou (PhD), investigador principal del proyecto\" class=\"wp-image-70781\" width=\"306\" height=\"377\" srcset=\"https:\/\/www.iispv.cat\/wp-content\/uploads\/2023\/02\/Christopher-Papandreou.jpg 685w, https:\/\/www.iispv.cat\/wp-content\/uploads\/2023\/02\/Christopher-Papandreou-243x300.jpg 243w\" sizes=\"auto, (max-width: 306px) 100vw, 306px\" \/><figcaption>Christopher Papandreou (PhD), principal investigator of the project.<\/figcaption><\/figure><\/div>\n\n\n<p>\u201cHow the Mediterranean diet is associated with reduced cognitive decline and lower risk of Alzheimer\u2019s disease?\u201d This is the research question that a new international project funded by the Alzheimer&#8217;s Association International Research Grant Program AARG-NTF-23-1027318 will try to answer.<\/p>\n\n\n\n<p>\u201cSubstantial evidence supports that the Mediterranean diet (MD) is related to slower rates of cognitive decline and lower risk of Alzheimer\u2019s disease (AD). However, the mechanisms explaining the aforementioned associations are still unknown.\u201d, states Christopher Papandreou (PhD), the Principal Investigator of the project and member of the Nutrition and Metabolic Health Research Group (NuMeH) group of the Institut d\u2019Investigaci\u00f3 Sanit\u00e0ria Pere Virgili (IISPV).<\/p>\n\n\n\n<p>This research hypothesis is that metabolite profiles reflecting adherence to the MD and capturing the metabolic response to this dietary pattern are consistent with a generally beneficial profile for cognition. The aim of this project is to identify groups of blood small molecules (metabolites) related to MD and examine their associations with cognitive change and AD.<\/p>\n\n\n\n<p>This study, in collaboration with the Cognitive Disorders Clinic of Aeginition Hospital of the National and Kapodistrian University Athens (Greece), and the Department of Hygiene and Epidemiology at the University of Ioannina (Greece), represents a great opportunity to contribute to increase the knowledge on the MD-related metabolic processes that influence cognitive function, neurodegeneration and AD development.<\/p>\n\n\n\n<p>With this study, the researchers from the NuMeH group (led by Prof. M\u00f2nica Bull\u00f3) and Grup de Neuroci\u00e8ncia Cl\u00ednica i Epidemiol\u00f2gica (Neuro\u00c8pia) (led by Dr. Jordi Julvez) will provide all their experience acquired over years of research in nutrition, metabolism and epidemiology\/advanced statistics, to advance the understanding of the mechanisms underlying the benefits of the Mediterranean diet on cognition through metabolomics and strengthen the existing observational evidence, providing further support for public health recommendations on the dietary prevention of cognitive decline and Alzheimer\u2019s disease.<\/p>\n\n\n\n<p>With this study, the researchers from the NuMeH group (led by Prof. M\u00f2nica Bull\u00f3) and Grup de Neuroci\u00e8ncia Cl\u00ednica i Epidemiol\u00f2gica (Neuro\u00c8pia) (led by Dr. Jordi Julvez) will provide all their experience acquired over years of research in nutrition, metabolism and epidemiology\/advanced statistics, to advance the understanding of the mechanisms underlying the benefits of the Mediterranean diet on cognition through metabolomics and strengthen the existing observational evidence, providing further support for public health recommendations on the dietary prevention of cognitive decline and Alzheimer\u2019s disease.<\/p>\n\n\n\n<p>With this study, the researchers from the NuMeH group (led by Prof. M\u00f2nica Bull\u00f3) and Grup de Neuroci\u00e8ncia Cl\u00ednica i Epidemiol\u00f2gica (Neuro\u00c8pia) (led by Dr. Jordi Julvez) will provide all their experience acquired over years of research in nutrition, metabolism and epidemiology\/advanced statistics, to advance the understanding of the mechanisms underlying the benefits of the Mediterranean diet on cognition through metabolomics and strengthen the existing observational evidence, providing further support for public health recommendations on the dietary prevention of cognitive decline and Alzheimer\u2019s disease.<\/p>\n","protected":false},"excerpt":{"rendered":"<p>A new study funded by the Alzheimer&#8217;s Association&#8217;s International Research Grant Program will attempt to answer this question \u201cHow the Mediterranean diet is associated with reduced cognitive decline and lower risk of Alzheimer\u2019s disease?\u201d This is the research question that a new international project funded by the Alzheimer&#8217;s Association International Research Grant Program AARG-NTF-23-1027318 will [&hellip;]<\/p>\n","protected":false},"author":18,"featured_media":70781,"comment_status":"open","ping_status":"open","sticky":false,"template":"","format":"standard","meta":{"footnotes":""},"categories":[976],"tags":[],"class_list":["post-70787","post","type-post","status-publish","format-standard","has-post-thumbnail","hentry","category-uncategorized"],"_links":{"self":[{"href":"https:\/\/www.iispv.cat\/en\/wp-json\/wp\/v2\/posts\/70787","targetHints":{"allow":["GET"]}}],"collection":[{"href":"https:\/\/www.iispv.cat\/en\/wp-json\/wp\/v2\/posts"}],"about":[{"href":"https:\/\/www.iispv.cat\/en\/wp-json\/wp\/v2\/types\/post"}],"author":[{"embeddable":true,"href":"https:\/\/www.iispv.cat\/en\/wp-json\/wp\/v2\/users\/18"}],"replies":[{"embeddable":true,"href":"https:\/\/www.iispv.cat\/en\/wp-json\/wp\/v2\/comments?post=70787"}],"version-history":[{"count":1,"href":"https:\/\/www.iispv.cat\/en\/wp-json\/wp\/v2\/posts\/70787\/revisions"}],"predecessor-version":[{"id":70788,"href":"https:\/\/www.iispv.cat\/en\/wp-json\/wp\/v2\/posts\/70787\/revisions\/70788"}],"wp:featuredmedia":[{"embeddable":true,"href":"https:\/\/www.iispv.cat\/en\/wp-json\/wp\/v2\/media\/70781"}],"wp:attachment":[{"href":"https:\/\/www.iispv.cat\/en\/wp-json\/wp\/v2\/media?parent=70787"}],"wp:term":[{"taxonomy":"category","embeddable":true,"href":"https:\/\/www.iispv.cat\/en\/wp-json\/wp\/v2\/categories?post=70787"},{"taxonomy":"post_tag","embeddable":true,"href":"https:\/\/www.iispv.cat\/en\/wp-json\/wp\/v2\/tags?post=70787"}],"curies":[{"name":"wp","href":"https:\/\/api.w.org\/{rel}","templated":true}]}}