{"id":108694,"date":"2025-09-16T07:47:03","date_gmt":"2025-09-16T06:47:03","guid":{"rendered":"https:\/\/www.iispv.cat\/mamapop-charity-concert-will-turn-tarragonas-congress-palace-into-a-retro-party-on-november-1st\/"},"modified":"2025-09-16T07:50:04","modified_gmt":"2025-09-16T06:50:04","slug":"mamapop-charity-concert-will-turn-tarragonas-congress-palace-into-a-retro-party-on-november-1st","status":"publish","type":"post","link":"https:\/\/www.iispv.cat\/en\/mamapop-charity-concert-will-turn-tarragonas-congress-palace-into-a-retro-party-on-november-1st\/","title":{"rendered":"Mamapop charity concert will turn Tarragona\u2019s Congress Palace into a retro party on November 1st"},"content":{"rendered":"\n<p>For the third time, the Congress and Exhibition Palace of Tarragona will host Mamapop, a charity show that donates all its profits to breast cancer research at the Pere Virgili Health Research Institute (IISPV)<\/p>\n<div class=\"wp-block-image\">\n<figure class=\"alignright size-large is-resized\"><img loading=\"lazy\" decoding=\"async\" src=\"https:\/\/www.iispv.cat\/wp-content\/uploads\/2025\/09\/1_foto-de-grup-amb-cartell-MAMAPOP-1024x929.jpg\" alt=\"\" class=\"wp-image-108668\" width=\"478\" height=\"434\" srcset=\"https:\/\/www.iispv.cat\/wp-content\/uploads\/2025\/09\/1_foto-de-grup-amb-cartell-MAMAPOP-1024x929.jpg 1024w, https:\/\/www.iispv.cat\/wp-content\/uploads\/2025\/09\/1_foto-de-grup-amb-cartell-MAMAPOP-300x272.jpg 300w, https:\/\/www.iispv.cat\/wp-content\/uploads\/2025\/09\/1_foto-de-grup-amb-cartell-MAMAPOP-768x697.jpg 768w, https:\/\/www.iispv.cat\/wp-content\/uploads\/2025\/09\/1_foto-de-grup-amb-cartell-MAMAPOP-1536x1394.jpg 1536w, https:\/\/www.iispv.cat\/wp-content\/uploads\/2025\/09\/1_foto-de-grup-amb-cartell-MAMAPOP.jpg 1600w\" sizes=\"auto, (max-width: 478px) 100vw, 478px\" \/><figcaption>Members of the IISPV, Rotary Tarragona and the Mamapop team, with the Mayor of Tarragona, Rub\u00e9n Vi\u00f1uales, and the president of the Diputaci\u00f3 de Tarragona, Noem\u00ed Llaurad\u00f3, this Monday, September 15, at the presentation of Mamapop. <strong>Photo<\/strong>: IISPV<\/figcaption><\/figure><\/div>\n<p>Mamapop will return to Tarragona for the third year in a row, with a new show on Saturday, November 1st. In 2025, Mamapop will take the audience on a musical journey through the 1960s and 1970s, performing famous songs from artists like Los Brincos, Los Bravos, Marisol, Miguel R\u00edos, Los Mustang, Los S\u00edrex, Nino Bravo, F\u00f3rmula V, Camilo Sesto, Jeannette, Albert Hammond and Julio Iglesias, among others.<\/p>\n\n<p>The show features a pop-rock instrumental base combined with violins, violas and cellos from the Juli\u00e0 Carbonell Symphony Orchestra of Lleida. Singers include Paula Costes, Nerea Garc\u00eda, Laura Roure, Anna Simon, X\u00e8nia P\u00e9rez, David Honrrubia, Toni Gilabert, Maria Fern\u00e1ndez, Pol Simon and Nom\u00eds Lenam. The musical director is Josep Mar\u00eda Bossa, pianist, guitarist, composer and producer at Bossa Records. More than thirty professionals will be on stage to offer a unique and original production.<\/p>\n\n<p>Once again, all proceeds from the concert will go to breast cancer research at IISPV. The event also celebrates the institute\u2019s 20th anniversary and supports an ongoing study about the link between obesity and breast cancer, funded by previous Mamapop concerts. Manel Simon, promoter and artistic director of Mamapop, said: \u201cIt\u2019s an honour to premiere the new show in Tarragona, knowing that a researcher can work on breast cancer thanks to the support of the local community.\u201d<\/p>\n\n<figure class=\"wp-block-gallery has-nested-images columns-default is-cropped wp-block-gallery-1 is-layout-flex wp-block-gallery-is-layout-flex\">\n<figure class=\"wp-block-image size-large\"><img loading=\"lazy\" decoding=\"async\" width=\"1600\" height=\"1233\" data-id=\"108683\" src=\"https:\/\/www.iispv.cat\/wp-content\/uploads\/2025\/09\/6_Subdirectora-dra-Vilella-durant-canutzado-mitjans-locals.jpg\" alt=\"\" class=\"wp-image-108683\" srcset=\"https:\/\/www.iispv.cat\/wp-content\/uploads\/2025\/09\/6_Subdirectora-dra-Vilella-durant-canutzado-mitjans-locals.jpg 1600w, https:\/\/www.iispv.cat\/wp-content\/uploads\/2025\/09\/6_Subdirectora-dra-Vilella-durant-canutzado-mitjans-locals-300x231.jpg 300w, https:\/\/www.iispv.cat\/wp-content\/uploads\/2025\/09\/6_Subdirectora-dra-Vilella-durant-canutzado-mitjans-locals-1024x789.jpg 1024w, https:\/\/www.iispv.cat\/wp-content\/uploads\/2025\/09\/6_Subdirectora-dra-Vilella-durant-canutzado-mitjans-locals-768x592.jpg 768w, https:\/\/www.iispv.cat\/wp-content\/uploads\/2025\/09\/6_Subdirectora-dra-Vilella-durant-canutzado-mitjans-locals-1536x1184.jpg 1536w\" sizes=\"auto, (max-width: 1600px) 100vw, 1600px\" \/><\/figure>\n\n\n\n<figure class=\"wp-block-image size-large\"><img loading=\"lazy\" decoding=\"async\" width=\"1548\" height=\"1600\" data-id=\"108680\" src=\"https:\/\/www.iispv.cat\/wp-content\/uploads\/2025\/09\/5_Director-del-MAMPOP-durant-latencio-a-mitjans-durant-la-presentacio-a-la-seu-tarragonina-de-lIISPV.jpg\" alt=\"\" class=\"wp-image-108680\" srcset=\"https:\/\/www.iispv.cat\/wp-content\/uploads\/2025\/09\/5_Director-del-MAMPOP-durant-latencio-a-mitjans-durant-la-presentacio-a-la-seu-tarragonina-de-lIISPV.jpg 1548w, https:\/\/www.iispv.cat\/wp-content\/uploads\/2025\/09\/5_Director-del-MAMPOP-durant-latencio-a-mitjans-durant-la-presentacio-a-la-seu-tarragonina-de-lIISPV-290x300.jpg 290w, https:\/\/www.iispv.cat\/wp-content\/uploads\/2025\/09\/5_Director-del-MAMPOP-durant-latencio-a-mitjans-durant-la-presentacio-a-la-seu-tarragonina-de-lIISPV-991x1024.jpg 991w, https:\/\/www.iispv.cat\/wp-content\/uploads\/2025\/09\/5_Director-del-MAMPOP-durant-latencio-a-mitjans-durant-la-presentacio-a-la-seu-tarragonina-de-lIISPV-768x794.jpg 768w, https:\/\/www.iispv.cat\/wp-content\/uploads\/2025\/09\/5_Director-del-MAMPOP-durant-latencio-a-mitjans-durant-la-presentacio-a-la-seu-tarragonina-de-lIISPV-1486x1536.jpg 1486w\" sizes=\"auto, (max-width: 1548px) 100vw, 1548px\" \/><\/figure>\n\n\n\n<figure class=\"wp-block-image size-large\"><img loading=\"lazy\" decoding=\"async\" width=\"1600\" height=\"1567\" data-id=\"108677\" src=\"https:\/\/www.iispv.cat\/wp-content\/uploads\/2025\/09\/4_Presidenta-Diputacio-Tarragona-Llaurado-en-declaracions-als-mitjans-durant-la-rdp.jpg\" alt=\"\" class=\"wp-image-108677\" srcset=\"https:\/\/www.iispv.cat\/wp-content\/uploads\/2025\/09\/4_Presidenta-Diputacio-Tarragona-Llaurado-en-declaracions-als-mitjans-durant-la-rdp.jpg 1600w, https:\/\/www.iispv.cat\/wp-content\/uploads\/2025\/09\/4_Presidenta-Diputacio-Tarragona-Llaurado-en-declaracions-als-mitjans-durant-la-rdp-300x294.jpg 300w, https:\/\/www.iispv.cat\/wp-content\/uploads\/2025\/09\/4_Presidenta-Diputacio-Tarragona-Llaurado-en-declaracions-als-mitjans-durant-la-rdp-1024x1003.jpg 1024w, https:\/\/www.iispv.cat\/wp-content\/uploads\/2025\/09\/4_Presidenta-Diputacio-Tarragona-Llaurado-en-declaracions-als-mitjans-durant-la-rdp-768x752.jpg 768w, https:\/\/www.iispv.cat\/wp-content\/uploads\/2025\/09\/4_Presidenta-Diputacio-Tarragona-Llaurado-en-declaracions-als-mitjans-durant-la-rdp-1536x1504.jpg 1536w\" sizes=\"auto, (max-width: 1600px) 100vw, 1600px\" \/><\/figure>\n<\/figure>\n\n<p>Dr. Elisabet Vilella, deputy director of IISPV, explained: \u201cOur research is already showing results, which have been presented at several conferences. Early findings confirm the hypothesis that there is a connection between obesity and breast cancer. The project\u2019s progress depends on future funding. Right now, we are waiting for a decision on a grant from the Spanish Association Against Cancer (AECC).\u201d<\/p>\n\n<p>Noem\u00ed Llaurad\u00f3, president of the Tarragona Provincial Council, highlighted the institution\u2019s commitment \u201cto culture, research and solidarity.\u201d She added: \u201cMamapop is more than a concert\u2014it raises awareness.\u201d<\/p>\n\n<p>The event was presented on Monday at IISPV headquarters. Tarragona\u2019s mayor, Rub\u00e9n Vi\u00f1uales, said: \u201cMamapop was created to raise awareness and mobilise people against breast cancer, using the universal language of music. The energy and enthusiasm it creates is transformed by IISPV into cutting-edge scientific research that improves the lives of those affected.\u201d<\/p>\n\n<figure class=\"wp-block-gallery has-nested-images columns-default is-cropped wp-block-gallery-2 is-layout-flex wp-block-gallery-is-layout-flex\">\n<figure class=\"wp-block-image size-large\"><img loading=\"lazy\" decoding=\"async\" width=\"1427\" height=\"1600\" data-id=\"108674\" src=\"https:\/\/www.iispv.cat\/wp-content\/uploads\/2025\/09\/3_Alcalde-Tarragona-Vinuales-en-declaracio-a-mitjans-de-comunicacio.jpg\" alt=\"\" class=\"wp-image-108674\" srcset=\"https:\/\/www.iispv.cat\/wp-content\/uploads\/2025\/09\/3_Alcalde-Tarragona-Vinuales-en-declaracio-a-mitjans-de-comunicacio.jpg 1427w, https:\/\/www.iispv.cat\/wp-content\/uploads\/2025\/09\/3_Alcalde-Tarragona-Vinuales-en-declaracio-a-mitjans-de-comunicacio-268x300.jpg 268w, https:\/\/www.iispv.cat\/wp-content\/uploads\/2025\/09\/3_Alcalde-Tarragona-Vinuales-en-declaracio-a-mitjans-de-comunicacio-913x1024.jpg 913w, https:\/\/www.iispv.cat\/wp-content\/uploads\/2025\/09\/3_Alcalde-Tarragona-Vinuales-en-declaracio-a-mitjans-de-comunicacio-768x861.jpg 768w, https:\/\/www.iispv.cat\/wp-content\/uploads\/2025\/09\/3_Alcalde-Tarragona-Vinuales-en-declaracio-a-mitjans-de-comunicacio-1370x1536.jpg 1370w\" sizes=\"auto, (max-width: 1427px) 100vw, 1427px\" \/><\/figure>\n\n\n\n<figure class=\"wp-block-image size-large\"><img loading=\"lazy\" decoding=\"async\" width=\"1600\" height=\"1418\" data-id=\"108671\" src=\"https:\/\/www.iispv.cat\/wp-content\/uploads\/2025\/09\/2_investigadora-Noelia-grup-Diamet-de-lIISPV-atencio-a-mitjans.jpg\" alt=\"\" class=\"wp-image-108671\" srcset=\"https:\/\/www.iispv.cat\/wp-content\/uploads\/2025\/09\/2_investigadora-Noelia-grup-Diamet-de-lIISPV-atencio-a-mitjans.jpg 1600w, https:\/\/www.iispv.cat\/wp-content\/uploads\/2025\/09\/2_investigadora-Noelia-grup-Diamet-de-lIISPV-atencio-a-mitjans-300x266.jpg 300w, https:\/\/www.iispv.cat\/wp-content\/uploads\/2025\/09\/2_investigadora-Noelia-grup-Diamet-de-lIISPV-atencio-a-mitjans-1024x908.jpg 1024w, https:\/\/www.iispv.cat\/wp-content\/uploads\/2025\/09\/2_investigadora-Noelia-grup-Diamet-de-lIISPV-atencio-a-mitjans-768x681.jpg 768w, https:\/\/www.iispv.cat\/wp-content\/uploads\/2025\/09\/2_investigadora-Noelia-grup-Diamet-de-lIISPV-atencio-a-mitjans-1536x1361.jpg 1536w\" sizes=\"auto, (max-width: 1600px) 100vw, 1600px\" \/><\/figure>\n<\/figure>\n\n<p><\/p>\n\n<p>Mamapop Tarragona is supported by Fundaci\u00f3n Repsol, Factor Energia, the Port of Tarragona, the City Council, the Congress Palace, Rotary Club Tarragona, Tarragona Basketball Club, N\u00e0stic de Tarragona, and the Provincial Council. The concert will take place on Saturday, November 1st, 2025 at 8pm. Over a thousand tickets are now on sale at www.mamapop.cat and in person at FarmaTarraco (C\/ de Pere Martell, 5).<\/p>\n","protected":false},"excerpt":{"rendered":"<p>For the third time, the Congress and Exhibition Palace of Tarragona will host Mamapop, a charity show that donates all its profits to breast cancer research at the Pere Virgili Health Research Institute (IISPV) Mamapop will return to Tarragona for the third year in a row, with a new show on Saturday, November 1st. In [&hellip;]<\/p>\n","protected":false},"author":36,"featured_media":108687,"comment_status":"closed","ping_status":"closed","sticky":false,"template":"","format":"standard","meta":{"footnotes":""},"categories":[1883,2165,2074,1026,1831,1478,1479,2092],"tags":[2653,2318,2650,2651,2652,2293],"class_list":["post-108694","post","type-post","status-publish","format-standard","has-post-thumbnail","hentry","category-actualitat-en","category-agenda-en","category-institucional-en","category-noticies-iispv-en","category-press-releases","category-publicacions-en","category-recerca-en","category-temes-de-salut-en","tag-breast-cancer-en","tag-iispv-en","tag-mamapop-en","tag-rotary-tarragona-en","tag-solidarity","tag-urv-en"],"_links":{"self":[{"href":"https:\/\/www.iispv.cat\/en\/wp-json\/wp\/v2\/posts\/108694","targetHints":{"allow":["GET"]}}],"collection":[{"href":"https:\/\/www.iispv.cat\/en\/wp-json\/wp\/v2\/posts"}],"about":[{"href":"https:\/\/www.iispv.cat\/en\/wp-json\/wp\/v2\/types\/post"}],"author":[{"embeddable":true,"href":"https:\/\/www.iispv.cat\/en\/wp-json\/wp\/v2\/users\/36"}],"replies":[{"embeddable":true,"href":"https:\/\/www.iispv.cat\/en\/wp-json\/wp\/v2\/comments?post=108694"}],"version-history":[{"count":1,"href":"https:\/\/www.iispv.cat\/en\/wp-json\/wp\/v2\/posts\/108694\/revisions"}],"predecessor-version":[{"id":108695,"href":"https:\/\/www.iispv.cat\/en\/wp-json\/wp\/v2\/posts\/108694\/revisions\/108695"}],"wp:featuredmedia":[{"embeddable":true,"href":"https:\/\/www.iispv.cat\/en\/wp-json\/wp\/v2\/media\/108687"}],"wp:attachment":[{"href":"https:\/\/www.iispv.cat\/en\/wp-json\/wp\/v2\/media?parent=108694"}],"wp:term":[{"taxonomy":"category","embeddable":true,"href":"https:\/\/www.iispv.cat\/en\/wp-json\/wp\/v2\/categories?post=108694"},{"taxonomy":"post_tag","embeddable":true,"href":"https:\/\/www.iispv.cat\/en\/wp-json\/wp\/v2\/tags?post=108694"}],"curies":[{"name":"wp","href":"https:\/\/api.w.org\/{rel}","templated":true}]}}