{"id":108473,"date":"2025-09-01T11:34:04","date_gmt":"2025-09-01T10:34:04","guid":{"rendered":"https:\/\/www.iispv.cat\/reus-hosts-the-microtalks-of-the-european-researchers-night-with-topics-on-health-energy-and-the-environment\/"},"modified":"2025-09-01T11:34:06","modified_gmt":"2025-09-01T10:34:06","slug":"reus-hosts-the-microtalks-of-the-european-researchers-night-with-topics-on-health-energy-and-the-environment","status":"publish","type":"post","link":"https:\/\/www.iispv.cat\/en\/reus-hosts-the-microtalks-of-the-european-researchers-night-with-topics-on-health-energy-and-the-environment\/","title":{"rendered":"Reus hosts the microtalks of the European Researchers\u2019 Night with topics on health, energy and the environment"},"content":{"rendered":"\n<p>The IISPV is organising the activity for Saturday 20 September at 12 p.m. at the Rac\u00f3 de la Palma in Reus, and it will be led by researchers from local research centres <\/p>\n<div class=\"wp-block-image\">\n<figure class=\"alignright size-full is-resized\"><img loading=\"lazy\" decoding=\"async\" src=\"https:\/\/www.iispv.cat\/wp-content\/uploads\/2025\/09\/Microxerrades-14.jpeg\" alt=\"\" class=\"wp-image-108465\" width=\"471\" height=\"353\" srcset=\"https:\/\/www.iispv.cat\/wp-content\/uploads\/2025\/09\/Microxerrades-14.jpeg 1024w, https:\/\/www.iispv.cat\/wp-content\/uploads\/2025\/09\/Microxerrades-14-300x225.jpeg 300w, https:\/\/www.iispv.cat\/wp-content\/uploads\/2025\/09\/Microxerrades-14-768x576.jpeg 768w\" sizes=\"auto, (max-width: 471px) 100vw, 471px\" \/><figcaption>The microtalks from the past 2023<\/figcaption><\/figure><\/div>\n<p>On Saturday 20 September at 12 p.m., the Rac\u00f3 de la Palma in Reus will host the science microtalks, an activity included in the European Researchers\u2019 Night. The goal is to bring scientific research closer to the public in a friendly, accessible and engaging way.<\/p>\n\n<p>The event is organised by the Institut d\u2019Investigaci\u00f3 Sanit\u00e0ria Pere Virgili (IISPV), in collaboration with the Universitat Rovira i Virgili (URV) and other research centres in the region. Researchers from different fields will share, in 10-minute talks, the latest advances in health, sustainability, energy and well-being.<\/p>\n\n<p>Topics will include the effects of microplastics on the intestine, the role of the Mediterranean diet during pregnancy, patient safety in critical situations, responsible use of antibiotics, psychiatric disorders, and key ideas for a fair and sustainable energy transition.<\/p>\n\n<p>The speakers will be: <\/p>\n\n<p>\u00a0<em>Celia Uroz Mas<\/em> \u2013 Efectes dels micropl\u00e0stics en el nostre intest\u00ed<\/p>\n\n<p><em>Sergi Dan\u00e9s<\/em> \u2013 Del sol al combustible: energia neta per a una societat sostenible<\/p>\n\n<p><em>Sara Bernardo Castro<\/em> \u2013 Dieta mediterr\u00e0nia durant l\u2019embar\u00e0s: modelant el desenvolupament cerebral i psicol\u00f2gic dels fills<\/p>\n\n<p><em>Ruth Tortosa Alted<\/em> \u2013 La transfer\u00e8ncia de cures en malaltia cr\u00edtica: un repte de seguretat del paciente<\/p>\n\n<p>\u00a0<em>Marta Llorens Fons<\/em> \u2013 Antibi\u00f2tics: manipula\u2019ls amb cura!<\/p>\n\n<p><em>Sergi Saladi\u00e9 Gil<\/em> \u2013 Bases per a una transici\u00f3 energ\u00e8tica justa i sostenible<\/p>\n\n<p><em>Elisabet Vilella Cuadrada<\/em> \u2013 Trastorns psiqui\u00e0trics: factors de risc i factors protectors<\/p>\n\n<p>L\u2019activitat s\u2019adre\u00e7a a un p\u00fablic general, amb un format dist\u00e8s i accessible, i forma part del conjunt d\u2019actes que el IISPV impulsa per fomentar la cultura cient\u00edfica i connectar la recerca amb la societat.<\/p>\n","protected":false},"excerpt":{"rendered":"<p>The IISPV is organising the activity for Saturday 20 September at 12 p.m. at the Rac\u00f3 de la Palma in Reus, and it will be led by researchers from local research centres On Saturday 20 September at 12 p.m., the Rac\u00f3 de la Palma in Reus will host the science microtalks, an activity included in [&hellip;]<\/p>\n","protected":false},"author":36,"featured_media":108467,"comment_status":"closed","ping_status":"closed","sticky":false,"template":"","format":"standard","meta":{"footnotes":""},"categories":[1883,2165,2072,2073,1477,2074,1026,1831,1478,1479,2092,976],"tags":[2612,2318,2610,2609,2611,2293],"class_list":["post-108473","post","type-post","status-publish","format-standard","has-post-thumbnail","hentry","category-actualitat-en","category-agenda-en","category-assistencia-en","category-docencia-i-formacio-en","category-innovacio-en","category-institucional-en","category-noticies-iispv-en","category-press-releases","category-publicacions-en","category-recerca-en","category-temes-de-salut-en","category-uncategorized","tag-disclosure","tag-iispv-en","tag-microtalks","tag-nit-europea-de-la-recerca-en","tag-scientific-research","tag-urv-en"],"_links":{"self":[{"href":"https:\/\/www.iispv.cat\/en\/wp-json\/wp\/v2\/posts\/108473","targetHints":{"allow":["GET"]}}],"collection":[{"href":"https:\/\/www.iispv.cat\/en\/wp-json\/wp\/v2\/posts"}],"about":[{"href":"https:\/\/www.iispv.cat\/en\/wp-json\/wp\/v2\/types\/post"}],"author":[{"embeddable":true,"href":"https:\/\/www.iispv.cat\/en\/wp-json\/wp\/v2\/users\/36"}],"replies":[{"embeddable":true,"href":"https:\/\/www.iispv.cat\/en\/wp-json\/wp\/v2\/comments?post=108473"}],"version-history":[{"count":1,"href":"https:\/\/www.iispv.cat\/en\/wp-json\/wp\/v2\/posts\/108473\/revisions"}],"predecessor-version":[{"id":108474,"href":"https:\/\/www.iispv.cat\/en\/wp-json\/wp\/v2\/posts\/108473\/revisions\/108474"}],"wp:featuredmedia":[{"embeddable":true,"href":"https:\/\/www.iispv.cat\/en\/wp-json\/wp\/v2\/media\/108467"}],"wp:attachment":[{"href":"https:\/\/www.iispv.cat\/en\/wp-json\/wp\/v2\/media?parent=108473"}],"wp:term":[{"taxonomy":"category","embeddable":true,"href":"https:\/\/www.iispv.cat\/en\/wp-json\/wp\/v2\/categories?post=108473"},{"taxonomy":"post_tag","embeddable":true,"href":"https:\/\/www.iispv.cat\/en\/wp-json\/wp\/v2\/tags?post=108473"}],"curies":[{"name":"wp","href":"https:\/\/api.w.org\/{rel}","templated":true}]}}