{"id":106925,"date":"2025-06-05T08:41:58","date_gmt":"2025-06-05T07:41:58","guid":{"rendered":"https:\/\/www.iispv.cat\/the-lnstitut-dinvestigacio-sanitaria-pere-virgili-beneficiary-of-the-gaudi-gresol-awards-this-2025\/"},"modified":"2025-06-05T10:45:25","modified_gmt":"2025-06-05T09:45:25","slug":"the-lnstitut-dinvestigacio-sanitaria-pere-virgili-beneficiary-of-the-gaudi-gresol-awards-this-2025","status":"publish","type":"post","link":"https:\/\/www.iispv.cat\/en\/the-lnstitut-dinvestigacio-sanitaria-pere-virgili-beneficiary-of-the-gaudi-gresol-awards-this-2025\/","title":{"rendered":"The lnstitut d&#8217;Investigaci\u00f3 Sanit\u00e0ria Pere Virgili, beneficiary of the Gaud\u00ed Gresol Awards this 2025"},"content":{"rendered":"\n<p> The event, which rewards notoriety and excellence, will hold its awards ceremony on June 12 at the Gaud\u00ed Auditorium of Tecnoparc firaReus<\/p>\n<div class=\"wp-block-image\">\n<figure class=\"alignright size-full is-resized\"><img loading=\"lazy\" decoding=\"async\" src=\"https:\/\/www.iispv.cat\/wp-content\/uploads\/2025\/06\/generated_image.jpg\" alt=\"\" class=\"wp-image-106915\" width=\"383\" height=\"542\" srcset=\"https:\/\/www.iispv.cat\/wp-content\/uploads\/2025\/06\/generated_image.jpg 504w, https:\/\/www.iispv.cat\/wp-content\/uploads\/2025\/06\/generated_image-212x300.jpg 212w\" sizes=\"auto, (max-width: 383px) 100vw, 383px\" \/><figcaption>Promotional poster for this year<\/figcaption><\/figure><\/div>\n<p>The lnstitut d&#8217;Investigaci\u00f3 Sanit\u00e0ria Pere Virgili (IISPV) will be the beneficiary of the <strong><a href=\"https:\/\/gresol.org\/\">Premis Gaud\u00ed Gresol a la Notorietat i l\u2019Excel\u00b7l\u00e8ncia<\/a><\/strong> this year 2025, coinciding with 20 years of work in the field of biomedical research. The competition, which celebrates its 18th edition this year, will award the prizes on June 12 (7 p.m.) at the Gaud\u00ed auditorium of the firaReus complex.<\/p>\n\n<p>The awards presentation ceremony, held on Wednesday, June 4 at the Ajuntament de Reus, was attended by the president of the Gresol Foundation, Emili Correig, the mayor of Reus, Sandra Guaita, the councilman of Empresa, Formaci\u00f3 i Ocupaci\u00f3, \u00d2scar Subirats and the general director of the Gresol Foundation, Robert Moragues.<\/p>\n\n<p>The awards highlight the professional and personal careers, merits, worth and dedication of renowned entities and personalities, both in Catalonia and throughout Spain. The winners in this 18th edition are: in the category of Business Leadership, PortAventura World; in Technology, Andreu Ve\u00e0; in Architecture, Ramon Espel; in Environment, Grupo Meli\u00e1; in Innovation, Andreu Rodr\u00edguez; in Gastronomy, Fran L\u00f3pez; in Social Action, LaLiga Genuine; in Television, Olalla Moreno; in Fine Arts, Lorenzo Caprile; and, in Sports, Jordi Cervera.<\/p>\n\n<p>Among the winners in past editions, there are personalities such as Pau Gasol, Valent\u00ed Fuster, Luis del Olmo, Ferran Adri\u00e0, Juan A. Samaranch, Isidre Fain\u00e9, Carles Sent\u00eds, Eduard Punset, Antoni Brufau, Merc\u00e8 Sampietro, Joan Roca, Carme Ruscalleda, Anna Ferrer, Maribel Verd\u00fa, Elena Arzak, Josep M. Pou, Marc M\u00e1rquez, Jordi Cruz, Gemma Mengual, Joan Pera, Manel Fuentes, Josep M. Mainat, M. De la Pau Janer, Mar\u00eda Blasco, Jordi Bast\u00e9, Marina Rossell, Tricicle, Susanna Griso or Juan Carlos Unzu\u00e9 among others.<\/p>\n\n<p><\/p>\n","protected":false},"excerpt":{"rendered":"<p>The event, which rewards notoriety and excellence, will hold its awards ceremony on June 12 at the Gaud\u00ed Auditorium of Tecnoparc firaReus The lnstitut d&#8217;Investigaci\u00f3 Sanit\u00e0ria Pere Virgili (IISPV) will be the beneficiary of the Premis Gaud\u00ed Gresol a la Notorietat i l\u2019Excel\u00b7l\u00e8ncia this year 2025, coinciding with 20 years of work in the field [&hellip;]<\/p>\n","protected":false},"author":36,"featured_media":106920,"comment_status":"open","ping_status":"open","sticky":false,"template":"","format":"standard","meta":{"footnotes":""},"categories":[1883,2165,2072,2073,1477,2074,1026,1831,1478,1479,2092],"tags":[2410,2414,2412,2409,2413,2411],"class_list":["post-106925","post","type-post","status-publish","format-standard","has-post-thumbnail","hentry","category-actualitat-en","category-agenda-en","category-assistencia-en","category-docencia-i-formacio-en","category-innovacio-en","category-institucional-en","category-noticies-iispv-en","category-press-releases","category-publicacions-en","category-recerca-en","category-temes-de-salut-en","tag-biomedical-research","tag-firareus-en","tag-fundacio-gaudi-gresol-en","tag-premis-gaudi-gresol-en","tag-reus-en","tag-society"],"_links":{"self":[{"href":"https:\/\/www.iispv.cat\/en\/wp-json\/wp\/v2\/posts\/106925","targetHints":{"allow":["GET"]}}],"collection":[{"href":"https:\/\/www.iispv.cat\/en\/wp-json\/wp\/v2\/posts"}],"about":[{"href":"https:\/\/www.iispv.cat\/en\/wp-json\/wp\/v2\/types\/post"}],"author":[{"embeddable":true,"href":"https:\/\/www.iispv.cat\/en\/wp-json\/wp\/v2\/users\/36"}],"replies":[{"embeddable":true,"href":"https:\/\/www.iispv.cat\/en\/wp-json\/wp\/v2\/comments?post=106925"}],"version-history":[{"count":1,"href":"https:\/\/www.iispv.cat\/en\/wp-json\/wp\/v2\/posts\/106925\/revisions"}],"predecessor-version":[{"id":106926,"href":"https:\/\/www.iispv.cat\/en\/wp-json\/wp\/v2\/posts\/106925\/revisions\/106926"}],"wp:featuredmedia":[{"embeddable":true,"href":"https:\/\/www.iispv.cat\/en\/wp-json\/wp\/v2\/media\/106920"}],"wp:attachment":[{"href":"https:\/\/www.iispv.cat\/en\/wp-json\/wp\/v2\/media?parent=106925"}],"wp:term":[{"taxonomy":"category","embeddable":true,"href":"https:\/\/www.iispv.cat\/en\/wp-json\/wp\/v2\/categories?post=106925"},{"taxonomy":"post_tag","embeddable":true,"href":"https:\/\/www.iispv.cat\/en\/wp-json\/wp\/v2\/tags?post=106925"}],"curies":[{"name":"wp","href":"https:\/\/api.w.org\/{rel}","templated":true}]}}