{"id":106738,"date":"2025-05-28T07:26:13","date_gmt":"2025-05-28T06:26:13","guid":{"rendered":"https:\/\/www.iispv.cat\/talk-on-eating-disorders-and-addictive-behaviors\/"},"modified":"2025-05-28T07:26:52","modified_gmt":"2025-05-28T06:26:52","slug":"talk-on-eating-disorders-and-addictive-behaviors","status":"publish","type":"post","link":"https:\/\/www.iispv.cat\/en\/talk-on-eating-disorders-and-addictive-behaviors\/","title":{"rendered":"Talk on eating disorders and addictive behaviors"},"content":{"rendered":"\n<p>The intervention will take place on June 4 at 7.30 p.m. at Pavell\u00f3 dels Distingits of the Hospital Universitari Institut Pere Mata and can also be followed online.<\/p>\n\n<p>The <strong>Filial de Reus de l&#8217;Acad\u00e8mia de Ci\u00e8ncies M\u00e8diques de Catalunya i Balears <\/strong>organizes, for next Wednesday June 4 at 19.30 pm in the Pavell\u00f3 dels Distingits of the Hospital Universitari Institut Pere Mata, a talk entitled <strong><em>Eating disorders and addictive behaviors<\/em><\/strong>, which will be given by Dr. Fernando Fernandez Aranda, head of section and director of the Unitat de Trastorns Alimentaris i Servei de Psicologia of the Hospital Universitari de Bellvitge IDIBELL, also professor at the Universitat de Barcelona, Fernando Fern\u00e1ndez Aranda. He is also in ICREA Acad\u00e8mia and deputy director of CIBERobn.<\/p>\n\n<p>The intervention can also be followed online (link also available in the QR code on the informative poster). The activity is supported by HU Institut Pere Mata, Universitat Rovira i Virgili, Institut d&#8217;Investigaci\u00f3 Sanit\u00e0ria Pere Virgili and Hospital Universitari Sant Joaan de Reus i Baix Camp.<\/p>\n\n<p><\/p>\n<div class=\"wp-block-image\">\n<figure class=\"aligncenter size-large is-resized\"><img loading=\"lazy\" decoding=\"async\" src=\"https:\/\/www.iispv.cat\/wp-content\/uploads\/2025\/05\/Cartell-Filial-Reus-xerrada-JUNY-2025-1-819x1024.png\" alt=\"\" class=\"wp-image-106651\" width=\"599\" height=\"749\" srcset=\"https:\/\/www.iispv.cat\/wp-content\/uploads\/2025\/05\/Cartell-Filial-Reus-xerrada-JUNY-2025-1-819x1024.png 819w, https:\/\/www.iispv.cat\/wp-content\/uploads\/2025\/05\/Cartell-Filial-Reus-xerrada-JUNY-2025-1-240x300.png 240w, https:\/\/www.iispv.cat\/wp-content\/uploads\/2025\/05\/Cartell-Filial-Reus-xerrada-JUNY-2025-1-768x960.png 768w, https:\/\/www.iispv.cat\/wp-content\/uploads\/2025\/05\/Cartell-Filial-Reus-xerrada-JUNY-2025-1.png 1080w\" sizes=\"auto, (max-width: 599px) 100vw, 599px\" \/><figcaption>Informative poster of the June 4 talk.<\/figcaption><\/figure><\/div>\n<p><\/p>\n","protected":false},"excerpt":{"rendered":"<p>The intervention will take place on June 4 at 7.30 p.m. at Pavell\u00f3 dels Distingits of the Hospital Universitari Institut Pere Mata and can also be followed online. The Filial de Reus de l&#8217;Acad\u00e8mia de Ci\u00e8ncies M\u00e8diques de Catalunya i Balears organizes, for next Wednesday June 4 at 19.30 pm in the Pavell\u00f3 dels Distingits [&hellip;]<\/p>\n","protected":false},"author":36,"featured_media":106659,"comment_status":"open","ping_status":"open","sticky":false,"template":"","format":"standard","meta":{"footnotes":""},"categories":[1883,2165,2072,2073,1477,2074,1026,1478,1479,2092],"tags":[2389,2395,2393,2390,2392,2391,2394],"class_list":["post-106738","post","type-post","status-publish","format-standard","has-post-thumbnail","hentry","category-actualitat-en","category-agenda-en","category-assistencia-en","category-docencia-i-formacio-en","category-innovacio-en","category-institucional-en","category-noticies-iispv-en","category-publicacions-en","category-recerca-en","category-temes-de-salut-en","tag-addictive-behaviors","tag-feeding","tag-fernando-fernandez-aranda-en","tag-filial-de-reus-de-lacademia-de-ciencies-mediques-de-catalunya-i-balears-en","tag-hospital-universitari-institut-pere-mata-en","tag-pavello-dels-distingits-en","tag-universitat-de-barcelona-en"],"_links":{"self":[{"href":"https:\/\/www.iispv.cat\/en\/wp-json\/wp\/v2\/posts\/106738","targetHints":{"allow":["GET"]}}],"collection":[{"href":"https:\/\/www.iispv.cat\/en\/wp-json\/wp\/v2\/posts"}],"about":[{"href":"https:\/\/www.iispv.cat\/en\/wp-json\/wp\/v2\/types\/post"}],"author":[{"embeddable":true,"href":"https:\/\/www.iispv.cat\/en\/wp-json\/wp\/v2\/users\/36"}],"replies":[{"embeddable":true,"href":"https:\/\/www.iispv.cat\/en\/wp-json\/wp\/v2\/comments?post=106738"}],"version-history":[{"count":1,"href":"https:\/\/www.iispv.cat\/en\/wp-json\/wp\/v2\/posts\/106738\/revisions"}],"predecessor-version":[{"id":106739,"href":"https:\/\/www.iispv.cat\/en\/wp-json\/wp\/v2\/posts\/106738\/revisions\/106739"}],"wp:featuredmedia":[{"embeddable":true,"href":"https:\/\/www.iispv.cat\/en\/wp-json\/wp\/v2\/media\/106659"}],"wp:attachment":[{"href":"https:\/\/www.iispv.cat\/en\/wp-json\/wp\/v2\/media?parent=106738"}],"wp:term":[{"taxonomy":"category","embeddable":true,"href":"https:\/\/www.iispv.cat\/en\/wp-json\/wp\/v2\/categories?post=106738"},{"taxonomy":"post_tag","embeddable":true,"href":"https:\/\/www.iispv.cat\/en\/wp-json\/wp\/v2\/tags?post=106738"}],"curies":[{"name":"wp","href":"https:\/\/api.w.org\/{rel}","templated":true}]}}