{"id":106734,"date":"2025-05-27T13:20:15","date_gmt":"2025-05-27T12:20:15","guid":{"rendered":"https:\/\/www.iispv.cat\/practical-training-on-narrative-curricula-for-healthcare-professionals\/"},"modified":"2025-05-27T13:40:59","modified_gmt":"2025-05-27T12:40:59","slug":"practical-training-on-narrative-curricula-for-healthcare-professionals","status":"publish","type":"post","link":"https:\/\/www.iispv.cat\/en\/practical-training-on-narrative-curricula-for-healthcare-professionals\/","title":{"rendered":"Practical training on narrative curricula for healthcare professionals"},"content":{"rendered":"\n<p>ICS and AQuAS organize a session on June 2 to prepare candidates for the research career awards with innovative tools for personal presentation.<\/p>\n\n<figure class=\"wp-block-image size-large\"><img loading=\"lazy\" decoding=\"async\" width=\"1024\" height=\"576\" src=\"https:\/\/www.iispv.cat\/wp-content\/uploads\/2025\/05\/imatge-formacio-cv-narratius-1024x576.jpg\" alt=\"\" class=\"wp-image-106719\" srcset=\"https:\/\/www.iispv.cat\/wp-content\/uploads\/2025\/05\/imatge-formacio-cv-narratius-1024x576.jpg 1024w, https:\/\/www.iispv.cat\/wp-content\/uploads\/2025\/05\/imatge-formacio-cv-narratius-300x169.jpg 300w, https:\/\/www.iispv.cat\/wp-content\/uploads\/2025\/05\/imatge-formacio-cv-narratius-768x432.jpg 768w, https:\/\/www.iispv.cat\/wp-content\/uploads\/2025\/05\/imatge-formacio-cv-narratius-1536x864.jpg 1536w, https:\/\/www.iispv.cat\/wp-content\/uploads\/2025\/05\/imatge-formacio-cv-narratius.jpg 1600w\" sizes=\"auto, (max-width: 1024px) 100vw, 1024px\" \/><figcaption>Promotional poster for the training session<\/figcaption><\/figure>\n\n<p>The Institut Catal\u00e0 de la Salut (ICS) and the Ag\u00e8ncia de Qualitat i Avaluaci\u00f3 Sanit\u00e0ries de Catalunya (AQuAS) are organizing a training session on narrative CVs, to be held next Monday, June 2, from 3 to 5 pm, in which attendees will become familiar with what a narrative CV is and the main differences with the traditional one, being able to analyze experiences of using the narrative CV in different evaluation processes and develop the necessary skills to write the CV in a narrative way.<\/p>\n\n<p>The training is mainly aimed at those people who want to apply for the Premis a la Traject\u00f2ria Investigadora, which rewards those who have contributed to the development of ICS research. Registration is now open, with a form to fill in, and places are limited.<\/p>\n\n<p>The AQuAS Research team has prepared an infographic on how to write a health impact narrative, with the basic information to prepare the application for the Research Career Achievement Awards.<\/p>\n","protected":false},"excerpt":{"rendered":"<p>ICS and AQuAS organize a session on June 2 to prepare candidates for the research career awards with innovative tools for personal presentation. The Institut Catal\u00e0 de la Salut (ICS) and the Ag\u00e8ncia de Qualitat i Avaluaci\u00f3 Sanit\u00e0ries de Catalunya (AQuAS) are organizing a training session on narrative CVs, to be held next Monday, June [&hellip;]<\/p>\n","protected":false},"author":36,"featured_media":106720,"comment_status":"open","ping_status":"open","sticky":false,"template":"","format":"standard","meta":{"footnotes":""},"categories":[1883,2165,2072,2073,1477,2074,1026,1478,1479,2092],"tags":[2386,2387,2385,2388,2384,2271],"class_list":["post-106734","post","type-post","status-publish","format-standard","has-post-thumbnail","hentry","category-actualitat-en","category-agenda-en","category-assistencia-en","category-docencia-i-formacio-en","category-innovacio-en","category-institucional-en","category-noticies-iispv-en","category-publicacions-en","category-recerca-en","category-temes-de-salut-en","tag-agencia-de-qualitat-i-avaluacio-sanitaries-de-catalunya-en","tag-aquas-en","tag-ics-en","tag-ics-reasearch-career-awards","tag-narrative-resumes","tag-training"],"_links":{"self":[{"href":"https:\/\/www.iispv.cat\/en\/wp-json\/wp\/v2\/posts\/106734","targetHints":{"allow":["GET"]}}],"collection":[{"href":"https:\/\/www.iispv.cat\/en\/wp-json\/wp\/v2\/posts"}],"about":[{"href":"https:\/\/www.iispv.cat\/en\/wp-json\/wp\/v2\/types\/post"}],"author":[{"embeddable":true,"href":"https:\/\/www.iispv.cat\/en\/wp-json\/wp\/v2\/users\/36"}],"replies":[{"embeddable":true,"href":"https:\/\/www.iispv.cat\/en\/wp-json\/wp\/v2\/comments?post=106734"}],"version-history":[{"count":3,"href":"https:\/\/www.iispv.cat\/en\/wp-json\/wp\/v2\/posts\/106734\/revisions"}],"predecessor-version":[{"id":106737,"href":"https:\/\/www.iispv.cat\/en\/wp-json\/wp\/v2\/posts\/106734\/revisions\/106737"}],"wp:featuredmedia":[{"embeddable":true,"href":"https:\/\/www.iispv.cat\/en\/wp-json\/wp\/v2\/media\/106720"}],"wp:attachment":[{"href":"https:\/\/www.iispv.cat\/en\/wp-json\/wp\/v2\/media?parent=106734"}],"wp:term":[{"taxonomy":"category","embeddable":true,"href":"https:\/\/www.iispv.cat\/en\/wp-json\/wp\/v2\/categories?post=106734"},{"taxonomy":"post_tag","embeddable":true,"href":"https:\/\/www.iispv.cat\/en\/wp-json\/wp\/v2\/tags?post=106734"}],"curies":[{"name":"wp","href":"https:\/\/api.w.org\/{rel}","templated":true}]}}